{"id":1455,"date":"2026-03-03T06:42:39","date_gmt":"2026-03-03T05:42:39","guid":{"rendered":"https:\/\/www.rachida-dati.eu\/actualites\/nouvelles-reglementations-concernant-les-especes-invasives\/"},"modified":"2026-03-03T06:42:40","modified_gmt":"2026-03-03T05:42:40","slug":"nouvelles-reglementations-concernant-les-especes-invasives","status":"publish","type":"post","link":"https:\/\/www.rachida-dati.eu\/actualites\/nouvelles-reglementations-concernant-les-especes-invasives\/","title":{"rendered":"Nouvelles r\u00e9glementations concernant les esp\u00e8ces invasives"},"content":{"rendered":"<div data-element-guid=\"7f7332a5-aca0-4fee-9990-ec700b171346\">\n<h2 class=\"subtitle \" style=\"\">Les esp\u00e8ces invasives ne peuvent pas \u00eatre vendues, plant\u00e9es ou \u00e9chang\u00e9es<\/h2>\n<\/p>\n<\/div>\n<div data-element-guid=\"3b44ce98-5499-4993-c70e-6653d09697ed\">\n<p><!-- placeholder(#1) --><\/p>\n<p>Les jardiniers amateurs en France doivent s&rsquo;assurer de ne pas cultiver des plantes interdites dans leur jardin, apr\u00e8s le d\u00e9ploiement de nouvelles restrictions au d\u00e9but de l&rsquo;ann\u00e9e.<\/p>\n<p>Les r\u00e8gles europ\u00e9ennes ont \u00e9t\u00e9 actualis\u00e9es au 1er janvier afin de limiter la propagation des plantes consid\u00e9r\u00e9es nuisibles pour les \u00e9cosyst\u00e8mes locaux.<\/p>\n<p>Jusqu&rsquo;\u00e0 pr\u00e9sent, plusieurs de ces plantes \u00e9chappaient \u00e0 de telles r\u00e8gles en France (bien que souvent \u00e9tiquet\u00e9es de mani\u00e8re non officielle comme invasives) et pouvaient \u00eatre cultiv\u00e9es dans les jardins sans probl\u00e8me.<\/p>\n<p>D&rsquo;autres sont des mauvaises herbes et peuvent commencer \u00e0 pousser m\u00eame sans \u00eatre intentionnellement plant\u00e9es.<\/p>\n<p>En plus de la culture, les r\u00e8glements interdisent \u00e9galement la plantation, la vente, l&rsquo;\u00e9change ou le transport de ces plantes, aussi bien pour les entreprises que pour les particuliers.\u00a0<\/p>\n<h2>Liste des plantes interdites<\/h2>\n<p>\u00c0 partir du 1er janvier, les esp\u00e8ces suivantes sont interdites, y compris celles qui \u00e9taient auparavant restreintes.\u00a0<\/p>\n<p>Les noms sont donn\u00e9s en anglais, en fran\u00e7ais et en latin :<\/p>\n<ul>\n<li>\n<p>Pampas grass \/ herbe de la pampa (Cortaderia selloana);<\/p>\n<\/li>\n<li>\n<p><span data-lab-font_weight=\"font-weight-bold\" class=\"font-weight-bold m-font-weight-bold\">Ragweed \/ ambroisie \u00e0 feuilles d\u2019armoise<\/span> (Ambrosia artemisiifolia);<\/p>\n<\/li>\n<li>\n<p>David&rsquo;s buddleia \/ buddleia de David (Buddleja davidii);<\/p>\n<\/li>\n<li>\n<p>Floating primrose-willow \/ jussie (Ludwigia peploides, L. grandiflora);<\/p>\n<\/li>\n<li>\n<p>American grape \/ raisin d\u2019Am\u00e9rique (Phytolacca americana);<\/p>\n<\/li>\n<li>\n<p>Glandular ailanthus \/ ailante glanduleux (Ailanthus altissima);<\/p>\n<\/li>\n<li>\n<p>Paper mulberry \/ m\u00fbrier \u00e0 papier (Broussonetia papyrifera);<\/p>\n<\/li>\n<li>\n<p>Himalayan balsam \/ balsamine de l\u2019Himalaya (Impatiens glandulifera);<\/p>\n<\/li>\n<li>\n<p>Groundsel tree \/ s\u00e9ne\u00e7on en arbre (Baccharis halimifolia);<\/p>\n<\/li>\n<li>\n<p>Japanese knotweed \/ renou\u00e9e du Japon (Reynoutria japonica) \u2013note that this includes various hybrid species<\/p>\n<\/li>\n<li>\n<p>Crassula \/ crassule (Crassula helmsii);<\/p>\n<\/li>\n<li>\n<p>Carolina cabomba \/ cabomba de Caroline (Cabomba caroliniana);\u00a0<\/p>\n<\/li>\n<li>\n<p>Water hyacinth \/ jacinthe d\u2019eau (Eichhornia crassipes);<\/p>\n<\/li>\n<li>\n<p>Water lettuce \/ laitue d\u2019eau (Pistia stratiotes);<\/p>\n<\/li>\n<li>\n<p>Brazilian watermilfoil \/ myriophylle du Br\u00e9sil (Myriophyllum aquaticum).<\/p>\n<\/li>\n<\/ul>\n<p>Notez que cette liste est exacte \u00e0 la date de f\u00e9vrier 2026. D&rsquo;autres esp\u00e8ces pourraient \u00eatre ajout\u00e9es par des r\u00e9glementations europ\u00e9ennes ult\u00e9rieures.<\/p>\n<h2>Que faire si les plantes sont d\u00e9j\u00e0 pr\u00e9sentes<\/h2>\n<p>Si l&rsquo;une de ces esp\u00e8ces \u00e9tait d\u00e9j\u00e0 pr\u00e9sente dans votre jardin avant janvier 2026, vous n&rsquo;\u00eates pas n\u00e9cessairement oblig\u00e9 de l&rsquo;enlever.<\/p>\n<p>Les autorit\u00e9s locales telles que l\u2019Office fran\u00e7ais de la biodiversit\u00e9 et la DREAL (Direction R\u00e9gionale de l&rsquo;Environnement, de l&rsquo;Am\u00e9nagement et du Logement \u2013 l&rsquo;organisme administratif r\u00e9gional responsable de la mise en \u0153uvre des politiques d&rsquo;\u00c9tat en mati\u00e8re de d\u00e9veloppement durable, de logement, de transport et d&rsquo;environnement) effectuent rarement des contr\u00f4les de plantes dans les jardins des r\u00e9sidences priv\u00e9es (ce type de contr\u00f4les \u00e9tant g\u00e9n\u00e9ralement r\u00e9alis\u00e9s sur les entreprises ou les cultivateurs professionnels).<\/p>\n<p>Si vous avez une esp\u00e8ce interdite dans votre jardin mais qu&rsquo;il est clair qu&rsquo;elle \u00e9tait simplement pr\u00e9sente avant l&rsquo;interdiction, rien ne se passera.<\/p>\n<p>Cependant, comme vous ne pouvez pas vendre, \u00e9changer ou replanter l&rsquo;une des esp\u00e8ces ci-dessus, il est recommand\u00e9 de les retirer d\u00e8s que possible.<\/p>\n<p>Vous pouvez ensuite replanter une esp\u00e8ce locale et non envahissante \u00e0 sa place.<\/p>\n<p>Si vous rencontrez des difficult\u00e9s \u2013 certaines plantes comme la renou\u00e9e du Japon sont r\u00e9put\u00e9es pour leur persistance, par exemple \u2013 vous pouvez faire appel \u00e0 des professionnels locaux du jardinage pour vous aider.<\/p>\n<p>Les personnes prises \u00e0 vendre les plantes ou \u00e0 les cultiver intentionnellement s&rsquo;exposent \u00e0 des amendes pouvant atteindre 150 000 \u20ac et \u00e0 une peine de prison de trois ans, comme pr\u00e9vu \u00e0 l\u2019<span data-lab-font_weight=\"font-weight-bold\" class=\"font-weight-bold m-font-weight-bold\">Article L415-3<\/span> du Code de l&rsquo;environnement fran\u00e7ais.<\/p>\n<p>Cependant, cela s&rsquo;applique principalement aux r\u00e9cidivistes.<\/p>\n<\/div>\n","protected":false},"excerpt":{"rendered":"<p>Les esp\u00e8ces invasives ne peuvent pas \u00eatre vendues, plant\u00e9es ou \u00e9chang\u00e9es Les jardiniers amateurs en France doivent s&rsquo;assurer de ne pas cultiver des plantes interdites dans leur jardin, apr\u00e8s le d\u00e9ploiement de nouvelles restrictions au d\u00e9but de l&rsquo;ann\u00e9e. Les r\u00e8gles europ\u00e9ennes ont \u00e9t\u00e9 actualis\u00e9es au 1er janvier afin de limiter la propagation des plantes consid\u00e9r\u00e9es [&hellip;]<\/p>\n","protected":false},"author":1,"featured_media":1456,"comment_status":"open","ping_status":"open","sticky":false,"template":"","format":"standard","meta":{"footnotes":""},"categories":[1],"tags":[882,508,1163,35,124,1293],"class_list":["post-1455","post","type-post","status-publish","format-standard","has-post-thumbnail","hentry","category-non-classe","tag-concernant","tag-especes","tag-invasives","tag-les","tag-nouvelles","tag-reglementations"],"_links":{"self":[{"href":"https:\/\/www.rachida-dati.eu\/actualites\/wp-json\/wp\/v2\/posts\/1455","targetHints":{"allow":["GET"]}}],"collection":[{"href":"https:\/\/www.rachida-dati.eu\/actualites\/wp-json\/wp\/v2\/posts"}],"about":[{"href":"https:\/\/www.rachida-dati.eu\/actualites\/wp-json\/wp\/v2\/types\/post"}],"author":[{"embeddable":true,"href":"https:\/\/www.rachida-dati.eu\/actualites\/wp-json\/wp\/v2\/users\/1"}],"replies":[{"embeddable":true,"href":"https:\/\/www.rachida-dati.eu\/actualites\/wp-json\/wp\/v2\/comments?post=1455"}],"version-history":[{"count":1,"href":"https:\/\/www.rachida-dati.eu\/actualites\/wp-json\/wp\/v2\/posts\/1455\/revisions"}],"predecessor-version":[{"id":1457,"href":"https:\/\/www.rachida-dati.eu\/actualites\/wp-json\/wp\/v2\/posts\/1455\/revisions\/1457"}],"wp:featuredmedia":[{"embeddable":true,"href":"https:\/\/www.rachida-dati.eu\/actualites\/wp-json\/wp\/v2\/media\/1456"}],"wp:attachment":[{"href":"https:\/\/www.rachida-dati.eu\/actualites\/wp-json\/wp\/v2\/media?parent=1455"}],"wp:term":[{"taxonomy":"category","embeddable":true,"href":"https:\/\/www.rachida-dati.eu\/actualites\/wp-json\/wp\/v2\/categories?post=1455"},{"taxonomy":"post_tag","embeddable":true,"href":"https:\/\/www.rachida-dati.eu\/actualites\/wp-json\/wp\/v2\/tags?post=1455"}],"curies":[{"name":"wp","href":"https:\/\/api.w.org\/{rel}","templated":true}]}}