{"id":1458,"date":"2026-03-03T11:45:22","date_gmt":"2026-03-03T10:45:22","guid":{"rendered":"https:\/\/www.rachida-dati.eu\/actualites\/pluies-record-en-fevrier-en-france-impact-et-analyse\/"},"modified":"2026-03-03T11:45:23","modified_gmt":"2026-03-03T10:45:23","slug":"pluies-record-en-fevrier-en-france-impact-et-analyse","status":"publish","type":"post","link":"https:\/\/www.rachida-dati.eu\/actualites\/pluies-record-en-fevrier-en-france-impact-et-analyse\/","title":{"rendered":"Pluies record en f\u00e9vrier en France : impact et analyse"},"content":{"rendered":"<div id=\"main\">\n<div data-element-guid=\"7f7332a5-aca0-4fee-9990-ec700b171346\" class=\"articleHeader column hasCaption\">\n<h2 class=\"subtitle \" style=\"\">Plus de 30 d\u00e9partements class\u00e9s comme affichant des niveaux de pr\u00e9cipitations \u00ab extr\u00eamement \u00e9lev\u00e9s \u00bb<\/h2>\n<\/p>\n<\/div>\n<div data-element-guid=\"b68d2b3f-09b1-49cc-cd2a-e4d09d71bf78\" class=\"bodytext large-12 small-12 medium-12\">\n<p><!-- placeholder(#1) --><\/p>\n<p>Presque toute la France a connu un mois de f\u00e9vrier anormalement humide, avec 91 d\u00e9partements enregistrant des niveaux de pr\u00e9cipitations sup\u00e9rieurs \u00e0 la moyenne.<\/p>\n<p>Sur ces derniers, 32 d\u00e9partements ont affich\u00e9 des niveaux \u00ab extr\u00eamement \u00e9lev\u00e9s \u00bb de pr\u00e9cipitations, selon le service d\u2019information sur la s\u00e9cheresse info-secheresse.\u00a0<\/p>\n<p>Ils se situaient principalement dans le sud-ouest, en Bretagne et entre Nantes et Paris.<\/p>\n<p>Dans plusieurs de ces d\u00e9partements, <span data-lab-font_weight=\"font-weight-bold\" class=\"font-weight-bold m-font-weight-bold\">des inondations s\u00e9v\u00e8res se sont produites en raison des pr\u00e9cipitations<\/span>.<\/p>\n<p>Seul le d\u00e9partement des Ardennes a enregistr\u00e9 des niveaux normaux (les donn\u00e9es ne sont pas disponibles \u00e0 Paris et dans ses trois banlieues voisines). <\/p>\n<p>Malgr\u00e9 les pr\u00e9cipitations intenses, il est encore difficile de savoir quel impact cela a eu sur les r\u00e9serves en eau de la France.<\/p>\n<p>Les pr\u00e9cipitations hivernales et printani\u00e8res remplissent g\u00e9n\u00e9ralement les nappes phr\u00e9atiques \u2014 toutefois, les pr\u00e9cipitations intenses et continues cette ann\u00e9e ont rapidement satur\u00e9 les sols, emp\u00eachant l&rsquo;infiltration de l&rsquo;eau de pluie dans le sous-sol.<\/p>\n<p>Des relev\u00e9s plus tard au cours du printemps devraient apporter plus de clart\u00e9 sur ce sujet.\u00a0<\/p>\n<figure data-element-guid=\"7ba6703c-b6a8-4f72-9a72-19504d3050ac\" class=\"column desktop-floatLeft mobile-floatLeft small-12 large-8 small-abs-12 large-abs-8\">\n<div class=\"content \" style=\"\">\n<div class=\"img fullwidthTarget\">\n            <picture><source  width=\"706\" height=\"904\" media=\"(min-width: 768px)\" type=\"image\/webp\"><source  width=\"706\" height=\"904\" media=\"(min-width: 768px)\" type=\"image\/jpeg\"><source  width=\"480\" height=\"615\" media=\"(max-width: 767px)\" type=\"image\/webp\"><source  width=\"480\" height=\"615\" media=\"(max-width: 767px)\" type=\"image\/jpeg\"><\/picture>\n                    <\/div>\n<\/p><\/div>\n<\/figure>\n<p>Le m\u00e9t\u00e9orologue d\u2019\u00c9tat, M\u00e9t\u00e9o-France, a indiqu\u00e9 que la p\u00e9riode r\u00e9cente figure parmi les dix plus pluvieuses de l\u2019histoire enregistr\u00e9e.<\/p>\n<p>Ce mois de f\u00e9vrier est le plus pluvieux jamais enregistr\u00e9 (depuis 1959), avec en moyenne plus du double des pr\u00e9cipitations habituelles sur l\u2019ensemble de la France.<\/p>\n<p>Dans plusieurs zones, les records de pr\u00e9cipitations ont \u00e9t\u00e9 battus, avec l\u2019\u00e9quivalent d\u2019un hiver entier de pr\u00e9cipitations (de d\u00e9cembre \u00e0 fin f\u00e9vrier) ou plus tombant depuis le 1er janvier.<\/p>\n<p>C ceci inclut\u00a0:<\/p>\n<ul>\n<li>\n<p>Quimper (Finist\u00e8re), 588 mm (pour la moyenne d\u00e9cembre-f\u00e9vrier : 412 mm)<\/p>\n<\/li>\n<li>\n<p>Bordeaux (Gironde), 321 mm (pour 260 mm)<\/p>\n<\/li>\n<li>\n<p>Toulouse (Haute-Garonne), 203 mm (pour 139 mm)<\/p>\n<\/li>\n<\/ul>\n<\/div><\/div>\n","protected":false},"excerpt":{"rendered":"<p>Plus de 30 d\u00e9partements class\u00e9s comme affichant des niveaux de pr\u00e9cipitations \u00ab extr\u00eamement \u00e9lev\u00e9s \u00bb Presque toute la France a connu un mois de f\u00e9vrier anormalement humide, avec 91 d\u00e9partements enregistrant des niveaux de pr\u00e9cipitations sup\u00e9rieurs \u00e0 la moyenne. Sur ces derniers, 32 d\u00e9partements ont affich\u00e9 des niveaux \u00ab extr\u00eamement \u00e9lev\u00e9s \u00bb de pr\u00e9cipitations, selon [&hellip;]<\/p>\n","protected":false},"author":1,"featured_media":1459,"comment_status":"open","ping_status":"open","sticky":false,"template":"","format":"standard","meta":{"footnotes":""},"categories":[1],"tags":[1725,1059,37,1277,670,6],"class_list":["post-1458","post","type-post","status-publish","format-standard","has-post-thumbnail","hentry","category-non-classe","tag-analyse","tag-fevrier","tag-france","tag-impact","tag-pluies","tag-record"],"_links":{"self":[{"href":"https:\/\/www.rachida-dati.eu\/actualites\/wp-json\/wp\/v2\/posts\/1458","targetHints":{"allow":["GET"]}}],"collection":[{"href":"https:\/\/www.rachida-dati.eu\/actualites\/wp-json\/wp\/v2\/posts"}],"about":[{"href":"https:\/\/www.rachida-dati.eu\/actualites\/wp-json\/wp\/v2\/types\/post"}],"author":[{"embeddable":true,"href":"https:\/\/www.rachida-dati.eu\/actualites\/wp-json\/wp\/v2\/users\/1"}],"replies":[{"embeddable":true,"href":"https:\/\/www.rachida-dati.eu\/actualites\/wp-json\/wp\/v2\/comments?post=1458"}],"version-history":[{"count":1,"href":"https:\/\/www.rachida-dati.eu\/actualites\/wp-json\/wp\/v2\/posts\/1458\/revisions"}],"predecessor-version":[{"id":1460,"href":"https:\/\/www.rachida-dati.eu\/actualites\/wp-json\/wp\/v2\/posts\/1458\/revisions\/1460"}],"wp:featuredmedia":[{"embeddable":true,"href":"https:\/\/www.rachida-dati.eu\/actualites\/wp-json\/wp\/v2\/media\/1459"}],"wp:attachment":[{"href":"https:\/\/www.rachida-dati.eu\/actualites\/wp-json\/wp\/v2\/media?parent=1458"}],"wp:term":[{"taxonomy":"category","embeddable":true,"href":"https:\/\/www.rachida-dati.eu\/actualites\/wp-json\/wp\/v2\/categories?post=1458"},{"taxonomy":"post_tag","embeddable":true,"href":"https:\/\/www.rachida-dati.eu\/actualites\/wp-json\/wp\/v2\/tags?post=1458"}],"curies":[{"name":"wp","href":"https:\/\/api.w.org\/{rel}","templated":true}]}}