{"id":1464,"date":"2026-03-03T22:44:48","date_gmt":"2026-03-03T21:44:48","guid":{"rendered":"https:\/\/www.rachida-dati.eu\/actualites\/la-plus-grande-oeuvre-immersive-du-monde-par-jr-en-juin\/"},"modified":"2026-03-03T22:44:48","modified_gmt":"2026-03-03T21:44:48","slug":"la-plus-grande-oeuvre-immersive-du-monde-par-jr-en-juin","status":"publish","type":"post","link":"https:\/\/www.rachida-dati.eu\/actualites\/la-plus-grande-oeuvre-immersive-du-monde-par-jr-en-juin\/","title":{"rendered":"La plus grande \u0153uvre immersive du monde par JR en juin"},"content":{"rendered":"<div data-element-guid=\"7f7332a5-aca0-4fee-9990-ec700b171346\">\n<h2 class=\"subtitle \" style=\"\">Les visiteurs pourront parcourir l&rsquo;installation temporaire en traversant la Seine<\/h2>\n<\/p>\n<\/div>\n<div data-element-guid=\"66fb7975-0fd2-4fd7-c516-d14eb7a767d2\">\n<p><!-- placeholder(#1) --><\/p>\n<p>Le plus ancien pont de Paris va devenir la plus grande \u0153uvre immersive du monde pendant trois semaines ce mois de juin.<\/p>\n<figure data-element-guid=\"12f71ae2-7e27-4c2f-94db-e872cf74d74b\" class=\"column desktop-floatLeft mobile-floatLeft small-12 large-4 small-abs-12 large-abs-4\">\n<div class=\"content \" style=\"\">\n<div class=\"img fullwidthTarget\">\n            <picture><source  width=\"353\" height=\"237\" media=\"(min-width: 768px)\" type=\"image\/webp\"><source  width=\"353\" height=\"237\" media=\"(min-width: 768px)\" type=\"image\/jpeg\"><source  width=\"480\" height=\"322\" media=\"(max-width: 767px)\" type=\"image\/webp\"><source  width=\"480\" height=\"322\" media=\"(max-width: 767px)\" type=\"image\/jpeg\"><\/source><\/source><\/source><\/source><\/picture>\n                    <\/div>\n<\/p><\/div>\n<\/figure>\n<p>L&rsquo;installation temporaire, intitul\u00e9e <span data-lab-italic=\"italic\" class=\"italic m-italic\">La Caverne du Pont Neuf<\/span>, a \u00e9t\u00e9 con\u00e7ue par l\u2019artiste urbain contemporain JR.<\/p>\n<p>Les illustrations initiales montrent que le pont sera transform\u00e9 en un tunnel avec des roches factices escarp\u00e9es atteignant jusqu\u2019\u00e0 18 m\u00e8tres de haut, s\u2019\u00e9tendant sur 120 m\u00e8tres du Quai de la M\u00e9gisserie \u00e0 la Place du Pont Neuf &#8211; Christo et Jeanne-Claude sur l\u2019\u00cele de la Cit\u00e9 au c\u0153ur de Paris.<\/p>\n<p>Le public pourra parcourir l\u2019\u0153uvre lors de sa travers\u00e9e du pont. Elle sera \u00e9galement visible depuis les berges de la Seine, depuis les ponts voisins et du sommet de la Tour Eiffel.<\/p>\n<p>L\u2019acc\u00e8s sera gratuit du 6 au 28 juin.<\/p>\n<p>L\u2019installation rend hommage \u00e0 l\u2019\u0153uvre de 1985 de Christo et Jeanne-Claude, <span data-lab-font_weight=\"font-weight-bold\" class=\"font-weight-bold m-font-weight-bold\">The Pont Neuf Wrapped<\/span>, qui couvrait le pont avec 41 800 m\u00b2 de tissu couleur sable, fix\u00e9 par 13 km de corde.\u00a0<\/p>\n<p>\u00ab Ma vision pour ce projet est enracin\u00e9e \u00e0 la fois dans le pass\u00e9 et le pr\u00e9sent de ce pont embl\u00e9matique \u00bb, a d\u00e9clar\u00e9 JR.<\/p>\n<p>\u00ab J\u2019ai \u00e9t\u00e9 tr\u00e8s inspir\u00e9 par la vision artistique de Christo et Jeanne-Claude, et je partage leur id\u00e9e selon laquelle la mission de l\u2019art est de pousser le public \u00e0 penser \u2013 ou \u00e0 repenser \u2013 ce qui lui est familier \u00bb, a-t-il ajout\u00e9.<\/p>\n<figure data-element-guid=\"1200e0b0-9c1b-490e-92b6-dbcb7bf82196\" class=\"column desktop-floatLeft mobile-floatLeft small-12 large-4 small-abs-12 large-abs-4\">\n<div class=\"content \" style=\"\">\n<div class=\"img fullwidthTarget\">\n            <picture><source  width=\"353\" height=\"244\" media=\"(min-width: 768px)\" type=\"image\/webp\"><source  width=\"353\" height=\"244\" media=\"(min-width: 768px)\" type=\"image\/jpeg\"><source  width=\"480\" height=\"332\" media=\"(max-width: 767px)\" type=\"image\/webp\"><source  width=\"480\" height=\"332\" media=\"(max-width: 767px)\" type=\"image\/jpeg\"><img decoding=\"async\" src=\"https:\/\/www.rachida-dati.eu\/actualites\/wp-content\/uploads\/2026\/03\/La-plus-grande-oeuvre-immersive-du-monde-par-JR-en.00&#038;width=960&#038;height=664&#038;format=jpg.jpeg\" width=\"480\" height=\"332\" alt=\"\" loading=\"lazy\" style=\"\"\/><br \/>\n            <\/source><\/source><\/source><\/source><\/picture>\n                    <\/div>\n<\/p><\/div>\n<\/figure>\n<h2>Illusions d\u2019optique, r\u00e9alit\u00e9 augment\u00e9e et immersion musicale<\/h2>\n<p>La conception s\u2019inspire \u00e9galement des carri\u00e8res du d\u00e9partement de l\u2019Oise, o\u00f9 les pierres du Pont Neuf ont \u00e9t\u00e9 \u00e0 l\u2019origine extraites.<\/p>\n<p>From inside the artwork, visitors will encounter a series of interactive experiences, visual effects and immersive sounds composed by Thomas Bangalter, one of the members of the now-disbanded French electronic duo, Daft Punk.<\/p>\n<p>Alors que l\u2019\u0153uvre peut donner l\u2019impression d\u2019\u00eatre faite de calcaire, elle sera en r\u00e9alit\u00e9 cr\u00e9\u00e9e \u00e0 partir d\u2019air, affichant 80 arches structurelles recouvertes de 18 900m\u00b2 de toile imprim\u00e9e puis gonfl\u00e9e.<\/p>\n<p>JR a r\u00e9alis\u00e9 plusieurs \u0153uvres d\u2019illusion d\u2019optique similaires \u00e0 Paris et dans le monde.<\/p>\n<p>Cette installation \u00e0 venir fera \u00e9cho \u00e0 sa cr\u00e9ation de 2023 \u00ab Retour \u00e0 la Caverne \u00bb, qui couvrait la fa\u00e7ade de l\u2019Op\u00e9ra de Paris avec une toile montrant l\u2019entr\u00e9e d\u2019une grotte.<\/p>\n<p>En 2021, JR a cr\u00e9\u00e9 une grande illusion d\u2019optique sur la Place du Trocad\u00e9ro en utilisant des autocollants qui semblaient montrer la Tour Eiffel en \u00e9quilibre pr\u00e9caire entre deux falaises, avec les rues anim\u00e9es de la ville qui coulissaient en dessous.<\/p>\n<p>En 2019, son \u0153uvre a transform\u00e9 la c\u00e9l\u00e8bre pyramide de verre du Louvre. Depuis une perspective pr\u00e9cise au troisi\u00e8me \u00e9tage du mus\u00e9e, les spectateurs pouvaient voir la pyramide s\u2019\u00e9tendre bien au\u2011dessous du sol, sortant d\u2019un crat\u00e8re excav\u00e9 \u00e0 deux fois sa hauteur habituelle.<\/p>\n<figure data-element-guid=\"ef32fb8b-037a-41f7-953a-caff93cb3c2b\" class=\"column desktop-floatLeft mobile-floatLeft small-12 large-8 small-abs-12 large-abs-8\">\n<div class=\"content \" style=\"\">\n<div class=\"img fullwidthTarget\">\n            <picture><source  width=\"706\" height=\"403\" media=\"(min-width: 768px)\" type=\"image\/webp\"><source  width=\"706\" height=\"403\" media=\"(min-width: 768px)\" type=\"image\/jpeg\"><source  width=\"480\" height=\"274\" media=\"(max-width: 767px)\" type=\"image\/webp\"><source  width=\"480\" height=\"274\" media=\"(max-width: 767px)\" type=\"image\/jpeg\"><img decoding=\"async\" src=\"https:\/\/www.rachida-dati.eu\/actualites\/wp-content\/uploads\/2026\/03\/La-plus-grande-oeuvre-immersive-du-monde-par-JR-en.webp.jpeg\" width=\"480\" height=\"274\" alt=\"\" loading=\"lazy\" style=\"\"\/><br \/>\n            <\/source><\/source><\/source><\/source><\/picture>\n                    <\/div>\n<\/p><\/div>\n<\/figure>\n<\/div>\n","protected":false},"excerpt":{"rendered":"<p>Les visiteurs pourront parcourir l&rsquo;installation temporaire en traversant la Seine Le plus ancien pont de Paris va devenir la plus grande \u0153uvre immersive du monde pendant trois semaines ce mois de juin. L&rsquo;installation temporaire, intitul\u00e9e La Caverne du Pont Neuf, a \u00e9t\u00e9 con\u00e7ue par l\u2019artiste urbain contemporain JR. Les illustrations initiales montrent que le pont [&hellip;]<\/p>\n","protected":false},"author":1,"featured_media":1465,"comment_status":"open","ping_status":"open","sticky":false,"template":"","format":"standard","meta":{"footnotes":""},"categories":[1],"tags":[1101,1729,1730,646,1728,170],"class_list":["post-1464","post","type-post","status-publish","format-standard","has-post-thumbnail","hentry","category-non-classe","tag-grande","tag-immersive","tag-juin","tag-monde","tag-oeuvre","tag-par"],"_links":{"self":[{"href":"https:\/\/www.rachida-dati.eu\/actualites\/wp-json\/wp\/v2\/posts\/1464","targetHints":{"allow":["GET"]}}],"collection":[{"href":"https:\/\/www.rachida-dati.eu\/actualites\/wp-json\/wp\/v2\/posts"}],"about":[{"href":"https:\/\/www.rachida-dati.eu\/actualites\/wp-json\/wp\/v2\/types\/post"}],"author":[{"embeddable":true,"href":"https:\/\/www.rachida-dati.eu\/actualites\/wp-json\/wp\/v2\/users\/1"}],"replies":[{"embeddable":true,"href":"https:\/\/www.rachida-dati.eu\/actualites\/wp-json\/wp\/v2\/comments?post=1464"}],"version-history":[{"count":1,"href":"https:\/\/www.rachida-dati.eu\/actualites\/wp-json\/wp\/v2\/posts\/1464\/revisions"}],"predecessor-version":[{"id":1466,"href":"https:\/\/www.rachida-dati.eu\/actualites\/wp-json\/wp\/v2\/posts\/1464\/revisions\/1466"}],"wp:featuredmedia":[{"embeddable":true,"href":"https:\/\/www.rachida-dati.eu\/actualites\/wp-json\/wp\/v2\/media\/1465"}],"wp:attachment":[{"href":"https:\/\/www.rachida-dati.eu\/actualites\/wp-json\/wp\/v2\/media?parent=1464"}],"wp:term":[{"taxonomy":"category","embeddable":true,"href":"https:\/\/www.rachida-dati.eu\/actualites\/wp-json\/wp\/v2\/categories?post=1464"},{"taxonomy":"post_tag","embeddable":true,"href":"https:\/\/www.rachida-dati.eu\/actualites\/wp-json\/wp\/v2\/tags?post=1464"}],"curies":[{"name":"wp","href":"https:\/\/api.w.org\/{rel}","templated":true}]}}