{"id":1470,"date":"2026-03-04T10:44:36","date_gmt":"2026-03-04T09:44:36","guid":{"rendered":"https:\/\/www.rachida-dati.eu\/actualites\/mars-2026-principales-mises-a-jour-en-france-pour-les-residents\/"},"modified":"2026-03-04T10:44:37","modified_gmt":"2026-03-04T09:44:37","slug":"mars-2026-principales-mises-a-jour-en-france-pour-les-residents","status":"publish","type":"post","link":"https:\/\/www.rachida-dati.eu\/actualites\/mars-2026-principales-mises-a-jour-en-france-pour-les-residents\/","title":{"rendered":"Mars 2026 : Principales mises \u00e0 jour en France pour les r\u00e9sidents"},"content":{"rendered":"<div data-element-guid=\"24e98279-2596-4c0f-dd80-51493020cc14\">\n<p><!-- placeholder(#1) --><\/p>\n<p>Mars est un mois important pour les changements en France, en raison du budget 2026 adopt\u00e9 tardivement.<\/p>\n<p>Bon nombre de ces changements entrent en vigueur dans le but de r\u00e9duire les d\u00e9penses de s\u00e9curit\u00e9 sociale en France.<\/p>\n<p>Ci\u2011dessous, nous couvrons les principaux domaines.<\/p>\n<h2>Augmentation des frais hospitaliers<\/h2>\n<p><span data-lab-font_weight=\"font-weight-bold\" class=\"font-weight-bold m-font-weight-bold\">Plusieurs frais hospitaliers augmenteront \u00e0 partir du 1er mars<\/span>, notamment le forfait hospitalier et le forfait patients urgences.<\/p>\n<p>Ces hausses s\u2019inscrivent dans des dispositions visant \u00e0 r\u00e9aliser 400 millions d\u2019euros d\u2019\u00e9conomies par an sur les d\u00e9penses de s\u00e9curit\u00e9 sociale, et les co\u00fbts seront pris en charge par les assurances mutuelles.<\/p>\n<p>Cependant, les personnes d\u00e9pourvues de mutuelle devront assumer ces hausses \u00e0 leurs frais. Cette mesure pourrait entra\u00eener une augmentation des co\u00fbts des assurances \u00e0 l\u2019avenir.<\/p>\n<p>D\u2019autres hausses interviendront le 1er avril.<\/p>\n<h2>Taxe sur les petits colis<\/h2>\n<p>Une <span data-lab-font_weight=\"font-weight-bold\" class=\"font-weight-bold m-font-weight-bold\">taxe de 2 \u20ac sur les petits colis envoy\u00e9s depuis l\u2019ext\u00e9rieur de l\u2019UE<\/span> vers la France entrera en vigueur le 1er mars.<\/p>\n<p>Elle s\u2019applique \u00e0 tous les colis dont le prix est inf\u00e9rieur \u00e0 150 \u20ac exp\u00e9di\u00e9s depuis n\u2019importe quel pays non membre de l\u2019UE (y compris le Royaume\u2011Uni et les \u00c9tats\u2011Unis), bien qu\u2019elle vise principalement \u00e0 r\u00e9duire le nombre de colis exp\u00e9di\u00e9s depuis des sites de commerce en ligne chinois.<\/p>\n<p>Elle est \u00e0 la charge de l\u2019exp\u00e9diteur (bien que, lors de l\u2019achat d\u2019un colis via un marchand, cela se traduise probablement par un co\u00fbt final plus \u00e9lev\u00e9 pour l\u2019acheteur).<\/p>\n<p>La taxe ne sera que temporaire \u2013 elle devrait prendre fin le 31 d\u00e9cembre 2026 \u2013 puisque la France alignera \u00e9ventuellement sa politique sur une taxe plus g\u00e9n\u00e9rale de l\u2019UE lorsque celle\u2011ci sera mise en \u0153uvre.<\/p>\n<h2>Les livrets d\u2019\u00e9pargne logement peuvent \u00eatre cl\u00f4tur\u00e9s<\/h2>\n<p>Les titulaires d\u2019un plan \u00e9pargne logement (PEL) devraient \u00eatre conscients que leur compte peut \u00eatre cl\u00f4tur\u00e9 automatiquement \u00e0 partir du 1er mars.<\/p>\n<p>Les PEL ouverts apr\u00e8s le 1er mars 2011 ne sont valables que 15 ans, apr\u00e8s quoi ils sont automatiquement cl\u00f4tur\u00e9s.<\/p>\n<p>Ceux ouverts avant cette date peuvent \u00eatre conserv\u00e9s ind\u00e9finiment, sans cl\u00f4ture forc\u00e9e.<\/p>\n<p>Si le compte est cl\u00f4tur\u00e9 automatiquement, il est converti en un compte d\u2019\u00e9pargne ordinaire avec un taux d\u2019int\u00e9r\u00eat fix\u00e9 par la banque, et les conditions d\u2019un PEL standard (investissements annuels minimum ou restrictions sur l\u2019ajout de nouveaux fonds apr\u00e8s un certain nombre d\u2019ann\u00e9es) sont lev\u00e9es.<\/p>\n<p>Les fonds peuvent ensuite \u00eatre utilis\u00e9s pour tout projet.<\/p>\n<p>Si vous souhaitez utiliser l\u2019\u00e9pargne d\u2019un PEL pour un achat immobilier avant la cl\u00f4ture du compte, ou obtenir un pr\u00eat pour des travaux\/am\u00e9liorations de votre bien actuel (sous certaines conditions), vous restez libre de le faire.<\/p>\n<p>Contactez votre conseiller bancaire pour discuter des options.<\/p>\n<p>Vous pouvez \u00e9galement cl\u00f4turer manuellement le compte avant qu\u2019il ne soit cl\u00f4tur\u00e9 automatiquement, si vous le souhaitez, et transf\u00e9rer les fonds sur un autre compte. L\u00e0 encore, apr\u00e8s cette op\u00e9ration, les fonds peuvent \u00eatre utilis\u00e9s \u00e0 toute fin.<\/p>\n<p>Environ 3,2 millions de comptes PEL seront cl\u00f4tur\u00e9s entre 2026 et 2030, et d\u00e9tiendraient actuellement jusqu\u2019\u00e0 90 milliards d\u2019euros selon la Banque de France.<\/p>\n<p>Plus d\u2019informations sont disponibles sur le site Service Public <span data-lab-font_weight=\"font-weight-bold\" class=\"font-weight-bold m-font-weight-bold\">ici<\/span> (en fran\u00e7ais et en anglais).<\/p>\n<h2>Augmentation du co\u00fbt de la carte grise<\/h2>\n<p>Plusieurs r\u00e9gions augmenteront le co\u00fbt d\u2019immatriculation d\u2019un v\u00e9hicule (certificat d\u2019immatriculation ou carte grise) \u00e0 compter du 1er mars, les autorit\u00e9s augmentant la taxe li\u00e9e \u00e0 la puissance fiscale (CV) des v\u00e9hicules.<\/p>\n<p>Les r\u00e9gions m\u00e9tropolitaines concern\u00e9es par cette hausse sont la Corse (de 43 \u20ac \u00e0 53 \u20ac), la Nouvelle-Aquitaine (de 53 \u20ac \u00e0 58 \u20ac) et la Provence-Alpes-C\u00f4te d\u2019Azur (passant de 59 \u20ac \u00e0 60 \u20ac), aux c\u00f4t\u00e9s de la r\u00e9gion capitale \u00cele-de-France.<\/p>\n<p>\u00cele-de-France verra une hausse de 14 \u20ac de la taxe r\u00e9gionale \u00e0 partir du 1er mars, la faisant passer de 54,95 \u20ac \u00e0 68,95 \u20ac.<\/p>\n<p>Cela en fait la seule r\u00e9gion o\u00f9 les co\u00fbts d\u00e9passent le plafond habituel de 60 \u20ac par niveau \u00ab CV \u00bb, plafond d\u00e9j\u00e0 en vigueur dans plusieurs autres r\u00e9gions.<\/p>\n<p>Cette hausse temporaire au\u2011del\u00e0 de ce montant a \u00e9t\u00e9 autoris\u00e9e afin de combler un manque de financement des autorit\u00e9s de transport public de la r\u00e9gion.<\/p>\n<h2>MaPrimeR\u00e9nov rouverte<\/h2>\n<p>MaPrimeR\u00e9nov\u2019, le dispositif d\u2019aide de l\u2019\u00c9tat pour les projets de r\u00e9novation \u00e9nerg\u00e9tique, a rouvert \u00e0 la fin du mois de f\u00e9vrier, apr\u00e8s des retards li\u00e9s au budget 2026.<\/p>\n<p>Partiellement ferm\u00e9 l\u2019an dernier en raison d\u2019un afflux de demandes et d\u2019activit\u00e9s frauduleuses, il a rouvert en septembre 2025 sous une forme r\u00e9duite, avant de fermer de nouveau \u00e0 la fin de l\u2019ann\u00e9e.<\/p>\n<p>Plusieurs restrictions introduites en septembre 2025 restent en vigueur, notamment une limite sur les propri\u00e9t\u00e9s \u00e9ligibles au dispositif et le co\u00fbt maximal du projet.<\/p>\n<p>Le type de projets \u00e9ligibles a \u00e9galement \u00e9t\u00e9 modifi\u00e9.<\/p>\n<p>Cependant, les m\u00e9nages de tous les niveaux de revenu peuvent d\u00e9sormais \u00e0 nouveau demander une aide.<\/p>\n<p>Vous pouvez lire notre revue compl\u00e8te des changements <span data-lab-font_weight=\"font-weight-bold\" class=\"font-weight-bold m-font-weight-bold\">ici<\/span>.<\/p>\n<h2>Hausse du prix du gaz<\/h2>\n<p>Le prix de r\u00e9f\u00e9rence du gaz fix\u00e9 par la Commission de r\u00e9gulation de l\u2019\u00e9nergie augmentera l\u00e9g\u00e8rement le 1er mars.<\/p>\n<p>Le prix moyen au kWh pour la cuisson et l\u2019eau chaude passera de 0,1304 \u20ac \u00e0 0,13569 \u20ac, tandis que le prix du chauffage passera de 0,0998 \u20ac \u00e0 0,10514 \u20ac.<\/p>\n<p>Il s\u2019agit d\u2019un prix de r\u00e9f\u00e9rence auquel les consommateurs peuvent se r\u00e9f\u00e9rer pour comparer leur facture, car les tarifs r\u00e9glement\u00e9s du gaz n\u2019existent plus en France.<\/p>\n<h2>Contr\u00f4le technique plus strict pour les cyclomoteurs<\/h2>\n<p>Les contr\u00f4les techniques de mise en circulation des cyclomoteurs incluront un nouveau test de vitesse \u00e0 partir du 1er mars.<\/p>\n<p>Les v\u00e9hicules \u00e0 moteur de 50 cm\u00b3 seront contr\u00f4l\u00e9s au moyen d\u2019un compteur de vitesse afin de v\u00e9rifier qu\u2019ils n\u2019ont pas \u00e9t\u00e9 modifi\u00e9s pour rouler plus vite que la limite l\u00e9gale de 45 km\/h.<\/p>\n<h2>Hausse du prix des cigarettes<\/h2>\n<p>Le prix de plusieurs produits du tabac augmentera \u00e0 partir du 1er mars en vertu des prix r\u00e9glement\u00e9s \u00e9tablis par les Douanes. Certains produits verront des hausses allant jusqu\u2019\u00e0 40 centimes par paquet.<\/p>\n<p>C toutefois, le prix de certains produits, y compris certaines cigarettes Fortuna, diminuera de 10 centimes.<\/p>\n<p>Une liste compl\u00e8te des prix des produits du tabac est disponible <span data-lab-font_weight=\"font-weight-bold\" class=\"font-weight-bold m-font-weight-bold\">ici<\/span>.<\/p>\n<h2>Prestations familiales r\u00e9duites<\/h2>\n<p>L\u2019\u00e2ge auquel les prestations familiales renforc\u00e9es sont vers\u00e9es pour les enfants sera relev\u00e9 de 14 \u00e0 18 ans \u00e0 partir du 1er mars, affectant plus de 5 millions de m\u00e9nages.<\/p>\n<p>Jusqu\u2019\u00e0 pr\u00e9sent, les familles b\u00e9n\u00e9ficiant des Allocations familiales avaient vu les versements augmenter pour un enfant d\u00e8s qu\u2019il atteignait 14 ans, afin de tenir compte des d\u00e9penses plus importantes li\u00e9es \u00e0 l\u2019adolescence.<\/p>\n<p>L\u2019augmentation variait entre un suppl\u00e9ment de 18,88 \u20ac et 75,53 \u20ac par enfant selon le niveau de revenu du foyer.<\/p>\n<p>Les syndicats affirment que ces changements pourraient faire diminuer le revenu des m\u00e9nages d\u2019environ 900 \u20ac par an pour les personnes concern\u00e9es, ou jusqu\u2019\u00e0 2 700 \u20ac pour une famille avec trois adolescents.<\/p>\n<p>Il est \u00e0 noter que les enfants ne sont consid\u00e9r\u00e9s comme \u00ab \u00e0 charge \u00bb de la famille que jusqu\u2019\u00e0 20 ans (\u00e0 ce moment-l\u00e0, les Allocations familiales cessent), ce qui signifie que les parents ne recevront d\u00e9sormais que deux ann\u00e9es de paiements major\u00e9s pour les enfants plus \u00e2g\u00e9s, contrairement \u00e0 six auparavant.<\/p>\n<h2>Carnet de maternit\u00e9 mis \u00e0 jour<\/h2>\n<p>Le \u00ab carnet de maternit\u00e9 \u00bb d\u00e9livr\u00e9 aux parents lors du premier contr\u00f4le de grossesse pour suivre la sant\u00e9 de la grossesse sera mis \u00e0 jour avec de nouvelles informations le 1er mars.<\/p>\n<p>Le carnet mis \u00e0 jour comprendra des informations suppl\u00e9mentaires sur des sujets tels que la d\u00e9pression postnatale, ainsi que des informations sur la fa\u00e7on d\u2019am\u00e9liorer la sant\u00e9 postnatale des m\u00e8res et des nouveau-n\u00e9s.<\/p>\n<p>Il comprendra \u00e9galement des informations sur les soins p\u00e9rinataux, les vaccinations administr\u00e9es pendant la grossesse, le d\u00e9pistage de la trisomie 21 et le diab\u00e8te gestationnel (r\u00e9alis\u00e9 en pr\u00e9sence de facteurs de risque).<\/p>\n<p>Le carnet reste gratuit.<\/p>\n<h2>Sch\u00e9ma d\u2019investissement locatif<\/h2>\n<p>Un nouveau dispositif visant \u00e0 encourager les investisseurs en achat pour louer en France est entr\u00e9 en vigueur \u00e0 la fin f\u00e9vrier.<\/p>\n<p>Les investisseurs qui ach\u00e8tent un bien uniquement dans le but de le louer (et le louer pendant au moins neuf ans par la suite) peuvent d\u00e9duire une partie du prix d\u2019achat ou des co\u00fbts d\u2019entretien \u2013 r\u00e9novations du bien et modifications \u00e9cologiques, taxe fonci\u00e8re, etc. \u2013 de leurs revenus locatifs chaque ann\u00e9e.<\/p>\n<p>En retour, cela r\u00e9duit ou supprime parfois l\u2019imp\u00f4t d\u00fb sur les revenus locatifs du bien.<\/p>\n<p>Il s\u2019applique \u00e0 tous les investisseurs, quel que soit leur niveau de revenu, bien que les propri\u00e9t\u00e9s elles-m\u00eames doivent \u00eatre :<\/p>\n<ul>\n<li>\n<p>situ\u00e9es dans une unit\u00e9 multi\u2011b\u00e2timents (un immeuble de logements, etc.)<\/p>\n<\/li>\n<li>\n<p>neuves, ou si anciennes, au moins 30% du prix d\u2019achat doivent \u00eatre investis dans des am\u00e9liorations telles que des r\u00e9novations \u00e9cologiques<\/p>\n<\/li>\n<li>\n<p>lou\u00e9es non meubl\u00e9es, comme r\u00e9sidence principale, \u00e0 des locataires, pendant au moins neuf ans<\/p>\n<\/li>\n<\/ul>\n<p>Des informations compl\u00e8tes sont disponibles sur le site Service Public <span data-lab-font_weight=\"font-weight-bold\" class=\"font-weight-bold m-font-weight-bold\">ici<\/span>.<\/p>\n<p>Notez que la tr\u00eave hivernale qui interdit les expulsions de locataires dans la plupart des cas reste en vigueur jusqu\u2019au 31 mars.<\/p>\n<h2>Fin du service RoissyBus<\/h2>\n<p>Le RoissyBus, assurant la liaison entre Op\u00e9ra (centre de Paris) et l\u2019a\u00e9roport Roissy-Charles-de-Gaulle, ne circulera plus \u00e0 partir du 1er mars.<\/p>\n<p>La congestion sur la route menant \u00e0 des temps de trajet plus longs que pr\u00e9vu a entra\u00een\u00e9 une baisse significative du nombre d\u2019utilisateurs, a d\u00e9clar\u00e9 l\u2019autorit\u00e9 r\u00e9gionale des transports publics IDFM.<\/p>\n<p>Les voyageurs devraient plut\u00f4t utiliser le RER B pour atteindre l\u2019a\u00e9roport depuis le centre-ville, ou le nouveau bus 9517, reliant la station Saint-Denis \u2013 Pleyel \u00e0 l\u2019a\u00e9roport.<\/p>\n<p>Ce dernier met 30 minutes pour atteindre l\u2019a\u00e9roport, selon l\u2019IDFM.<\/p>\n<h2>Changement d\u2019heure<\/h2>\n<p>Enfin, n\u2019oubliez pas que les horloges avancent d\u2019une heure le dimanche 29 mars.<\/p>\n<p>On passera de 02:00 \u00e0 03:00.<\/p>\n<\/div>\n","protected":false},"excerpt":{"rendered":"<p>Mars est un mois important pour les changements en France, en raison du budget 2026 adopt\u00e9 tardivement. Bon nombre de ces changements entrent en vigueur dans le but de r\u00e9duire les d\u00e9penses de s\u00e9curit\u00e9 sociale en France. Ci\u2011dessous, nous couvrons les principaux domaines. Augmentation des frais hospitaliers Plusieurs frais hospitaliers augmenteront \u00e0 partir du 1er [&hellip;]<\/p>\n","protected":false},"author":1,"featured_media":1471,"comment_status":"open","ping_status":"open","sticky":false,"template":"","format":"standard","meta":{"footnotes":""},"categories":[1],"tags":[37,768,35,595,1192,39,1732,418],"class_list":["post-1470","post","type-post","status-publish","format-standard","has-post-thumbnail","hentry","category-non-classe","tag-france","tag-jour","tag-les","tag-mars","tag-mises","tag-pour","tag-principales","tag-residents"],"_links":{"self":[{"href":"https:\/\/www.rachida-dati.eu\/actualites\/wp-json\/wp\/v2\/posts\/1470","targetHints":{"allow":["GET"]}}],"collection":[{"href":"https:\/\/www.rachida-dati.eu\/actualites\/wp-json\/wp\/v2\/posts"}],"about":[{"href":"https:\/\/www.rachida-dati.eu\/actualites\/wp-json\/wp\/v2\/types\/post"}],"author":[{"embeddable":true,"href":"https:\/\/www.rachida-dati.eu\/actualites\/wp-json\/wp\/v2\/users\/1"}],"replies":[{"embeddable":true,"href":"https:\/\/www.rachida-dati.eu\/actualites\/wp-json\/wp\/v2\/comments?post=1470"}],"version-history":[{"count":1,"href":"https:\/\/www.rachida-dati.eu\/actualites\/wp-json\/wp\/v2\/posts\/1470\/revisions"}],"predecessor-version":[{"id":1472,"href":"https:\/\/www.rachida-dati.eu\/actualites\/wp-json\/wp\/v2\/posts\/1470\/revisions\/1472"}],"wp:featuredmedia":[{"embeddable":true,"href":"https:\/\/www.rachida-dati.eu\/actualites\/wp-json\/wp\/v2\/media\/1471"}],"wp:attachment":[{"href":"https:\/\/www.rachida-dati.eu\/actualites\/wp-json\/wp\/v2\/media?parent=1470"}],"wp:term":[{"taxonomy":"category","embeddable":true,"href":"https:\/\/www.rachida-dati.eu\/actualites\/wp-json\/wp\/v2\/categories?post=1470"},{"taxonomy":"post_tag","embeddable":true,"href":"https:\/\/www.rachida-dati.eu\/actualites\/wp-json\/wp\/v2\/tags?post=1470"}],"curies":[{"name":"wp","href":"https:\/\/api.w.org\/{rel}","templated":true}]}}