{"id":1476,"date":"2026-03-04T22:44:05","date_gmt":"2026-03-04T21:44:05","guid":{"rendered":"https:\/\/www.rachida-dati.eu\/actualites\/des-deputes-du-royaume-uni-reclament-une-regle-des-90-180-jours-plus-flexible-pour-les-britanniques-en-visite-en-france\/"},"modified":"2026-03-04T22:44:05","modified_gmt":"2026-03-04T21:44:05","slug":"des-deputes-du-royaume-uni-reclament-une-regle-des-90-180-jours-plus-flexible-pour-les-britanniques-en-visite-en-france","status":"publish","type":"post","link":"https:\/\/www.rachida-dati.eu\/actualites\/des-deputes-du-royaume-uni-reclament-une-regle-des-90-180-jours-plus-flexible-pour-les-britanniques-en-visite-en-france\/","title":{"rendered":"Des d\u00e9put\u00e9s du Royaume-Uni r\u00e9clament une r\u00e8gle des 90\/180 jours plus flexible pour les Britanniques en visite en France"},"content":{"rendered":"<div data-element-guid=\"7f7332a5-aca0-4fee-9990-ec700b171346\">\n<h2 class=\"subtitle \" style=\"\">Des appels \u00e0 ce que la question soit soulev\u00e9e lors du prochain sommet annuel Royaume-Uni-UE en mai<\/h2>\n<\/p>\n<\/div>\n<div data-element-guid=\"001b7e1b-68c9-45c5-ae6c-df4ef6735342\">\n<p><!-- placeholder(#1) --><\/p>\n<p>On esp\u00e8re des r\u00e8gles plus souples pour les Britanniques visitant la France apr\u00e8s que plusieurs d\u00e9put\u00e9s britanniques ont dit que la question devrait \u00eatre abord\u00e9e dans les discussions Royaume-Uni-UE avant le prochain sommet annuel en mai.<\/p>\n<p>Sous les r\u00e8gles de Schengen en vigueur depuis longtemps, tous les \u00ab pays tiers \u00bb (non-UE\/non-EEE\/non-Suisse) peuvent s\u00e9journer jusqu&rsquo;\u00e0 90 jours sur n&rsquo;importe quelle p\u00e9riode glissante de 180 jours s&rsquo;ils proviennent de pays exempts de visa, tels que le Royaume-Uni, les \u00c9tats-Unis, l&rsquo;Australie et le Canada. <\/p>\n<p>Pour les s\u00e9jours de plus de trois mois, les pays de l&rsquo;UE \u2013 y compris la France \u2013 d\u00e9livrent des visas de long s\u00e9jour ou des cartes de r\u00e9sidence. <\/p>\n<p>D&rsquo;anciennes conventions bilat\u00e9rales ant\u00e9rieures \u00e0 Schengen sur les courts s\u00e9jours existent toujours, y compris une qui permet th\u00e9oriquement aux Am\u00e9ricains de rester en France jusqu&rsquo;\u00e0 90 jours, quel que soit le temps pass\u00e9 ailleurs dans l&rsquo;espace Schengen. <\/p>\n<p>Cependant, les experts juridiques avertissent g\u00e9n\u00e9ralement que cela peut provoquer de la confusion \u00e0 la fronti\u00e8re et conseillent aux voyageurs de se conformer \u00e0 la r\u00e8gle des 90\/180 jours.<\/p>\n<h3>Campagne<\/h3>\n<p><span data-lab-font_weight=\"font-weight-bold\" class=\"font-weight-bold m-font-weight-bold\">De nombreux lecteurs signalent des difficult\u00e9s li\u00e9es \u00e0 la limite des 90\/180 jours<\/span>, en particulier lorsque les engagements franchissent les fronti\u00e8res (voir ci-dessous). La question est \u00e9galement au c\u0153ur de la campagne Facebook France Visa Free.<\/p>\n<p>Son fondateur Steven Jolly a d\u00e9clar\u00e9 que le groupe s&rsquo;\u00e9tait \u00e9loign\u00e9 de l&rsquo;accent sur les propri\u00e9taires de r\u00e9sidences secondaires, car le \u00ab probl\u00e8me des 90\/180 jours \u00bb touche davantage de personnes. <\/p>\n<p>Les Britanniques se voient d\u00e9sormais souvent incapables de r\u00e9partir l&rsquo;ann\u00e9e entre le Royaume-Uni et la France sans des <span data-lab-font_weight=\"font-weight-bold\" class=\"font-weight-bold m-font-weight-bold\">demandes complexes et co\u00fbteuses de visa temporaire de long s\u00e9jour<\/span> permettant des s\u00e9jours allant jusqu&rsquo;\u00e0 six mois.<\/p>\n<figure data-element-guid=\"5798bb94-6595-453b-96d4-e4526434f9db\" class=\"column desktop-floatLeft mobile-floatLeft small-12 large-4 small-abs-12 large-abs-4\">\n<div class=\"content \" style=\"\">\n<div class=\"img fullwidthTarget\">\n            <picture><source  width=\"353\" height=\"265\" media=\"(min-width: 768px)\" type=\"image\/webp\"><source  width=\"353\" height=\"265\" media=\"(min-width: 768px)\" type=\"image\/jpeg\"><source  width=\"480\" height=\"360\" media=\"(max-width: 767px)\" type=\"image\/webp\"><source  width=\"480\" height=\"360\" media=\"(max-width: 767px)\" type=\"image\/jpeg\"><\/source><\/source><\/source><\/source><\/picture>\n                    <\/div>\n<\/p><\/div>\n<\/figure>\n<p>M. Jolly a d\u00e9clar\u00e9 qu&rsquo;ils mettent d\u00e9sormais en \u00e9vidence la r\u00e8gle comme une \u00ab barri\u00e8re commerciale \u00bb, ce que le gouvernement britannique a dit vouloir r\u00e9duire. \u00ab L&rsquo;UE elle-m\u00eame a aussi indiqu\u00e9 que le 90\/180 pr\u00e9sente des inconv\u00e9nients \u2013 cette reconnaissance est significative \u00bb, a-t-il d\u00e9clar\u00e9.<\/p>\n<p>Dans une communication r\u00e9cente au Parlement europ\u00e9en et au Conseil, la Commission a d\u00e9clar\u00e9 que les professionnels d\u00e9pendant de la mobilit\u00e9 entre les \u00c9tats membres de l&rsquo;UE \u2013 y compris les artistes en tourn\u00e9e, les athl\u00e8tes, les experts de projets transfrontaliers, les travailleurs soutenant les industries et les services de l&rsquo;UE, et les conducteurs routiers \u2013 \u00ab peuvent n\u00e9cessiter l&rsquo;acc\u00e8s \u00e0 diff\u00e9rents \u00c9tats membres pour plus de 90 jours sur 180 jours, sans avoir besoin de visas de long s\u00e9jour ou de r\u00e9sidence dans l&rsquo;UE \u00bb. <\/p>\n<p>Elle a d\u00e9crit le syst\u00e8me actuel comme \u00ab complexe \u00bb et a d\u00e9clar\u00e9 qu&rsquo;elle \u00ab travaillera en \u00e9troite collaboration avec les \u00c9tats membres pour identifier des solutions pragmatiques afin d&rsquo;accommoder des s\u00e9jours courts prolong\u00e9s pour des cat\u00e9gories s\u00e9lectionn\u00e9es de ressortissants de pays tiers \u00bb, y compris l&rsquo;exploration de nouvelles \u00ab r\u00e8gles de s\u00e9jour court prolong\u00e9 au niveau de l&rsquo;UE \u00bb et l&rsquo;examen de la mani\u00e8re de \u00ab mettre fin progressivement \u00bb aux anciens accords bilat\u00e9raux.<\/p>\n<h3>Vue du Royaume-Uni<\/h3>\n<p>Parmi les partis britanniques, les Lib Dems ont \u00e9t\u00e9 les soutiens les plus vocaux d&rsquo;une plus grande flexibilit\u00e9. Helen Morgan (North Shropshire) a r\u00e9cemment d\u00e9clar\u00e9 qu&rsquo;elle \u00ab partage les pr\u00e9occupations concernant les probl\u00e8mes caus\u00e9s par nos arrangements post-Brexit pour les personnes qui souhaitent voyager, travailler ou profiter de leur vie de famille dans l&rsquo;UE \u00bb. <\/p>\n<p>Dans un courriel \u00e0 un membre de France Visa Free, elle a ajout\u00e9 : \u00ab Au Parlement, Sir Ed Davey et l&rsquo;\u00e9quipe des Lib\u00e9raux d\u00e9mocrates intensifient la pression sur le gouvernement pour \u00eatre plus proactifs, en commen\u00e7ant par une nouvelle union douani\u00e8re sur mesure mais aussi en s&rsquo;attaquant aux autres probl\u00e8mes laiss\u00e9s par Boris Johnson, y compris la r\u00e8gle des 90 jours sur 180 et les multiples difficult\u00e9s rencontr\u00e9es par de nombreuses entreprises exportatrices \u00bb. <\/p>\n<p>Le soutien est \u00e9galement venu de certains d\u00e9put\u00e9s travaillistes. Mary Foy (Durham) a \u00e9voqu\u00e9 dans un courriel les 90\/180 comme \u00ab l&rsquo;une des nombreuses cons\u00e9quences n\u00e9fastes de l&rsquo;accord sur le Brexit du gouvernement conservateur et l&rsquo;\u00e9chec \u00e0 prot\u00e9ger correctement les int\u00e9r\u00eats des citoyens britanniques qui vivent et travaillent \u00e0 travers les fronti\u00e8res \u00bb. <\/p>\n<p>Elle a ajout\u00e9 : \u00ab Je comprends pourquoi cette question est si importante pour vous et \u00e0 quel point elle a \u00e9t\u00e9 perturbatrice pour les personnes qui m\u00e8nent une vie bien \u00e9tablie qui s&rsquo;\u00e9tend entre le Royaume-Uni et l&rsquo;UE. Il ne s&rsquo;agit clairement pas seulement de tourisme mais de vie familiale, de travail et du maintien de liens personnels de longue date. \u00bb<\/p>\n<p>Elle recherche des informations sur les mesures que le gouvernement prend pour \u00e9valuer l&rsquo;impact de la r\u00e8gle, si des accords r\u00e9ciproques am\u00e9lior\u00e9s sont envisag\u00e9s et si la question sera soulev\u00e9e avant le sommet de cette ann\u00e9e.<\/p>\n<p>Des sources du gouvernement britannique indiquent que les accords post-Brexit font que les voyages sans visa \u00e0 court terme sont r\u00e9gis par la politique nationale : le Royaume-Uni autorise des visites allant jusqu&rsquo;\u00e0 six mois, tandis que l&rsquo;UE applique la r\u00e8gle 90\/180. Bien que le gouvernement continue d&rsquo;\u00e9couter les pr\u00e9occupations, tout changement d\u00e9pend en fin de compte de la Commission europ\u00e9enne et des \u00c9tats membres de l&rsquo;UE, indiquent les responsables.<\/p>\n<\/div>\n","protected":false},"excerpt":{"rendered":"<p>Des appels \u00e0 ce que la question soit soulev\u00e9e lors du prochain sommet annuel Royaume-Uni-UE en mai On esp\u00e8re des r\u00e8gles plus souples pour les Britanniques visitant la France apr\u00e8s que plusieurs d\u00e9put\u00e9s britanniques ont dit que la question devrait \u00eatre abord\u00e9e dans les discussions Royaume-Uni-UE avant le prochain sommet annuel en mai. Sous les [&hellip;]<\/p>\n","protected":false},"author":1,"featured_media":1233,"comment_status":"open","ping_status":"open","sticky":false,"template":"","format":"standard","meta":{"footnotes":""},"categories":[1],"tags":[664,483,42,1733,37,1103,35,39,1037,1384,106,29,1734],"class_list":["post-1476","post","type-post","status-publish","format-standard","has-post-thumbnail","hentry","category-non-classe","tag-britanniques","tag-deputes","tag-des","tag-flexible","tag-france","tag-jours","tag-les","tag-pour","tag-reclament","tag-regle","tag-royaumeuni","tag-une","tag-visite"],"_links":{"self":[{"href":"https:\/\/www.rachida-dati.eu\/actualites\/wp-json\/wp\/v2\/posts\/1476","targetHints":{"allow":["GET"]}}],"collection":[{"href":"https:\/\/www.rachida-dati.eu\/actualites\/wp-json\/wp\/v2\/posts"}],"about":[{"href":"https:\/\/www.rachida-dati.eu\/actualites\/wp-json\/wp\/v2\/types\/post"}],"author":[{"embeddable":true,"href":"https:\/\/www.rachida-dati.eu\/actualites\/wp-json\/wp\/v2\/users\/1"}],"replies":[{"embeddable":true,"href":"https:\/\/www.rachida-dati.eu\/actualites\/wp-json\/wp\/v2\/comments?post=1476"}],"version-history":[{"count":1,"href":"https:\/\/www.rachida-dati.eu\/actualites\/wp-json\/wp\/v2\/posts\/1476\/revisions"}],"predecessor-version":[{"id":1477,"href":"https:\/\/www.rachida-dati.eu\/actualites\/wp-json\/wp\/v2\/posts\/1476\/revisions\/1477"}],"wp:featuredmedia":[{"embeddable":true,"href":"https:\/\/www.rachida-dati.eu\/actualites\/wp-json\/wp\/v2\/media\/1233"}],"wp:attachment":[{"href":"https:\/\/www.rachida-dati.eu\/actualites\/wp-json\/wp\/v2\/media?parent=1476"}],"wp:term":[{"taxonomy":"category","embeddable":true,"href":"https:\/\/www.rachida-dati.eu\/actualites\/wp-json\/wp\/v2\/categories?post=1476"},{"taxonomy":"post_tag","embeddable":true,"href":"https:\/\/www.rachida-dati.eu\/actualites\/wp-json\/wp\/v2\/tags?post=1476"}],"curies":[{"name":"wp","href":"https:\/\/api.w.org\/{rel}","templated":true}]}}