{"id":1481,"date":"2026-03-05T10:43:13","date_gmt":"2026-03-05T09:43:13","guid":{"rendered":"https:\/\/www.rachida-dati.eu\/actualites\/rare-villa-le-corbusier-a-vendre-dans-le-var-un-chef-doeuvre-darchitecture-moderne\/"},"modified":"2026-03-05T10:43:14","modified_gmt":"2026-03-05T09:43:14","slug":"rare-villa-le-corbusier-a-vendre-dans-le-var-un-chef-doeuvre-darchitecture-moderne","status":"publish","type":"post","link":"https:\/\/www.rachida-dati.eu\/actualites\/rare-villa-le-corbusier-a-vendre-dans-le-var-un-chef-doeuvre-darchitecture-moderne\/","title":{"rendered":"Rare villa Le Corbusier \u00e0 vendre dans le Var : un chef-d&rsquo;\u0153uvre d&rsquo;architecture moderne"},"content":{"rendered":"<div data-element-guid=\"7acdd237-3d5b-4633-a636-69ce8424a9ed\">\n<h2 class=\"subtitle t22\" style=\"\">La Villa l\u2019Artaude m\u00eale architecture moderniste et charme m\u00e9diterran\u00e9en<\/h2>\n<\/p>\n<\/div>\n<div data-element-guid=\"635fb95f-0c4c-4b92-81de-421111488cc5\">\n<p><!-- placeholder(#1) --><\/p>\n<p>Un exemple extraordinaire d&rsquo;histoire de l&rsquo;architecture moderne dans le sud de la France est d\u00e9sormais mis sur le march\u00e9 \u00e0 des acheteurs pr\u00eats \u00e0 s&rsquo;engager \u00e0 la fois sur le plan du patrimoine et de la restauration.<\/p>\n<p>Villa l\u2019Artaude, la seule maison du Var con\u00e7ue par le plus c\u00e9l\u00e8bre architecte du XXe si\u00e8cle, Le Corbusier, est mise en vente pour 2,35 millions d&rsquo;euros.<\/p>\n<p>Construite entre 1930 et 1931 dans la commune de Le Pradet, cette propri\u00e9t\u00e9 de 200 m2 est class\u00e9e monument historique et porte le prestige de l&rsquo;une des figures majeures de l&rsquo;architecture moderne.<\/p>\n<figure data-element-guid=\"c3fb3768-e5fa-48ee-9ffb-d37738df9055\" class=\"column desktop-floatLeft mobile-floatLeft small-12 large-8 small-abs-12 large-abs-8\">\n<div class=\"content \" style=\"\">\n<div class=\"img fullwidthTarget\">\n            <picture><source  width=\"706\" height=\"474\" media=\"(min-width: 768px)\" type=\"image\/webp\"><source  width=\"706\" height=\"474\" media=\"(min-width: 768px)\" type=\"image\/jpeg\"><source  width=\"480\" height=\"322\" media=\"(max-width: 767px)\" type=\"image\/webp\"><source  width=\"480\" height=\"322\" media=\"(max-width: 767px)\" type=\"image\/jpeg\"><\/source><\/source><\/source><\/source><\/picture>\n                    <\/div>\n<\/p><\/div>\n<\/figure>\n<p>Command\u00e9e par la m\u00e9c\u00e8ne suisse des arts H\u00e9l\u00e8ne de Mandrot, qui rencontra Le Corbusier lors du Congr\u00e8s international inaugural de l\u2019Architecture moderne en 1928, la Villa l\u2019Artaude a \u00e9t\u00e9 con\u00e7ue comme une r\u00e9sidence de vacances familiale.<\/p>\n<p>Plut\u00f4t que de reproduire le style blanc et puriste et aust\u00e8re pour lequel Le Corbusier est le plus connu, la villa m\u00eale les principes modernistes \u00e0 la tradition m\u00e9diterran\u00e9enne. Elle pr\u00e9sente une disposition en L, une terrasse panoramique orient\u00e9e au sud et des murs rev\u00eatus de pierre locale qui lui conf\u00e8rent un caract\u00e8re proven\u00e7al distinct au sein de l\u2019\u0153uvre de Le Corbusier.\u00a0<\/p>\n<p>Les experts d\u00e9crivent cette maison comme une \u0153uvre de transition dans la carri\u00e8re de Le Corbusier, combinant des \u00e9l\u00e9ments tels que des plans ouverts, de longues fen\u00eatres horizontales et un toit plat avec des mat\u00e9riaux et formes r\u00e9gionaux qui ancrent le design dans son paysage. Le jardin d\u2019origine \u00e9tait autrefois orn\u00e9 de sculptures de Jacques Lipchitz, et l\u2019orientation de la propri\u00e9t\u00e9 ainsi que l\u2019utilisation de la lumi\u00e8re t\u00e9moignent de l\u2019int\u00e9gration soign\u00e9e entre espaces int\u00e9rieurs et ext\u00e9rieurs par l\u2019architecte.\u00a0<\/p>\n<p>\u00ab Cette maison est propos\u00e9e \u00e0 la vente exclusivement par Architecture de Collection, la premi\u00e8re agence immobili\u00e8re d\u00e9di\u00e9e \u00e0 la mise en valeur et \u00e0 la promotion de l\u2019architecture remarquable des XXe et XXIe si\u00e8cles \u00bb, a d\u00e9clar\u00e9 Kenya Amaro, architecte chez Architecture de Collection.<\/p>\n<p>Aujourd\u2019hui, la villa est implant\u00e9e sur un terrain de 2 450 m2 plant\u00e9 de flore m\u00e9diterran\u00e9enne, dont la lavande, les cypr\u00e8s et les citronniers, offrant l\u2019intimit\u00e9 au-dessus des collines environnantes. L\u2019int\u00e9rieur comprend trois chambres, un grand s\u00e9jour avec une chemin\u00e9e en pierre et des \u00e9l\u00e9ments d\u2019\u00e9poque tels qu\u2019une baignoire encastr\u00e9e dans le sol.\u00a0<\/p>\n<figure data-element-guid=\"14bc8bf4-fae0-46bb-8e8e-0e98c572e824\" class=\"column desktop-floatLeft mobile-floatLeft small-12 large-8 small-abs-12 large-abs-8\">\n<div class=\"content \" style=\"\">\n<div class=\"img fullwidthTarget\">\n            <picture><source  width=\"706\" height=\"474\" media=\"(min-width: 768px)\" type=\"image\/webp\"><source  width=\"706\" height=\"474\" media=\"(min-width: 768px)\" type=\"image\/jpeg\"><source  width=\"480\" height=\"322\" media=\"(max-width: 767px)\" type=\"image\/webp\"><source  width=\"480\" height=\"322\" media=\"(max-width: 767px)\" type=\"image\/jpeg\"><img decoding=\"async\" src=\"https:\/\/www.rachida-dati.eu\/actualites\/wp-content\/uploads\/2026\/03\/1772703793_194_Rare-villa-Le-Corbusier-a-vendre-dans-le-Var.00&#038;width=960&#038;height=644&#038;format=jpg.jpeg\" width=\"480\" height=\"322\" alt=\"\" loading=\"lazy\" style=\"\"\/><br \/>\n            <\/source><\/source><\/source><\/source><\/picture>\n                    <\/div>\n<\/p><\/div>\n<\/figure>\n<p>Le propri\u00e9taire actuel, une famille suisse qui a h\u00e9rit\u00e9 de la demeure, a choisi de mettre la propri\u00e9t\u00e9 sur le march\u00e9. Les agents immobiliers charg\u00e9s de la vente pr\u00e9cisent qu\u2019ils recherchent un acheteur engag\u00e9 \u00e0 pr\u00e9server son patrimoine, et non pas simplement \u00e0 l\u2019utiliser comme une r\u00e9sidence de luxe ordinaire.\u00a0<\/p>\n<p>Malgr\u00e9 son importance architecturale, la Villa l\u2019Artaude n\u2019est pas sans d\u00e9fis pour un nouveau propri\u00e9taire. Des travaux de restauration sur des \u00e9l\u00e9ments vieillissants, des ferrures cass\u00e9es et l\u2019ensemble du b\u00e2ti pourraient co\u00fbter entre 350 000 et 1 million d\u2019euros, selon les agents familiaris\u00e9s avec l\u2019annonce. Comme la villa est class\u00e9e monument historique, la r\u00e9novation doit se conformer \u00e0 des r\u00e9glementations sp\u00e9cifiques du patrimoine culturel en France.\u00a0<\/p>\n<p>Avec un pass\u00e9 riche en rebondissements \u2014 depuis son propri\u00e9taire initial qui la trouva inconfortable et la transmit \u00e0 sa gouvernante, jusqu\u2019\u00e0 une p\u00e9riode o\u00f9 elle servit de poulailler, et sa restauration m\u00e9ticuleuse dans les ann\u00e9es 1970 \u2014 cette villa priv\u00e9e offre une rare opportunit\u00e9 de poss\u00e9der un chef-d&rsquo;\u0153uvre d\u2019un pionnier de l\u2019architecture moderne.<\/p>\n<p class=\"font-weight-bold m-font-weight-bold\" data-lab-font_weight=\"font-weight-bold\"><span data-lab-italic=\"italic\" class=\"italic m-italic\">Pour plus d\u2019informations, cliquez ici.<\/span><\/p>\n<\/div>\n","protected":false},"excerpt":{"rendered":"<p>La Villa l\u2019Artaude m\u00eale architecture moderniste et charme m\u00e9diterran\u00e9en Un exemple extraordinaire d&rsquo;histoire de l&rsquo;architecture moderne dans le sud de la France est d\u00e9sormais mis sur le march\u00e9 \u00e0 des acheteurs pr\u00eats \u00e0 s&rsquo;engager \u00e0 la fois sur le plan du patrimoine et de la restauration. Villa l\u2019Artaude, la seule maison du Var con\u00e7ue par [&hellip;]<\/p>\n","protected":false},"author":1,"featured_media":1482,"comment_status":"open","ping_status":"open","sticky":false,"template":"","format":"standard","meta":{"footnotes":""},"categories":[1],"tags":[1738,1736,50,1739,1230,552,1737,1511,1735],"class_list":["post-1481","post","type-post","status-publish","format-standard","has-post-thumbnail","hentry","category-non-classe","tag-chefdoeuvre","tag-corbusier","tag-dans","tag-darchitecture","tag-moderne","tag-rare","tag-var","tag-vendre","tag-villa"],"_links":{"self":[{"href":"https:\/\/www.rachida-dati.eu\/actualites\/wp-json\/wp\/v2\/posts\/1481","targetHints":{"allow":["GET"]}}],"collection":[{"href":"https:\/\/www.rachida-dati.eu\/actualites\/wp-json\/wp\/v2\/posts"}],"about":[{"href":"https:\/\/www.rachida-dati.eu\/actualites\/wp-json\/wp\/v2\/types\/post"}],"author":[{"embeddable":true,"href":"https:\/\/www.rachida-dati.eu\/actualites\/wp-json\/wp\/v2\/users\/1"}],"replies":[{"embeddable":true,"href":"https:\/\/www.rachida-dati.eu\/actualites\/wp-json\/wp\/v2\/comments?post=1481"}],"version-history":[{"count":1,"href":"https:\/\/www.rachida-dati.eu\/actualites\/wp-json\/wp\/v2\/posts\/1481\/revisions"}],"predecessor-version":[{"id":1483,"href":"https:\/\/www.rachida-dati.eu\/actualites\/wp-json\/wp\/v2\/posts\/1481\/revisions\/1483"}],"wp:featuredmedia":[{"embeddable":true,"href":"https:\/\/www.rachida-dati.eu\/actualites\/wp-json\/wp\/v2\/media\/1482"}],"wp:attachment":[{"href":"https:\/\/www.rachida-dati.eu\/actualites\/wp-json\/wp\/v2\/media?parent=1481"}],"wp:term":[{"taxonomy":"category","embeddable":true,"href":"https:\/\/www.rachida-dati.eu\/actualites\/wp-json\/wp\/v2\/categories?post=1481"},{"taxonomy":"post_tag","embeddable":true,"href":"https:\/\/www.rachida-dati.eu\/actualites\/wp-json\/wp\/v2\/tags?post=1481"}],"curies":[{"name":"wp","href":"https:\/\/api.w.org\/{rel}","templated":true}]}}