{"id":1490,"date":"2026-03-06T03:42:29","date_gmt":"2026-03-06T02:42:29","guid":{"rendered":"https:\/\/www.rachida-dati.eu\/actualites\/radars-en-france-pour-verifier-lassurance-auto-en-cas-dexces-de-vitesse-importants\/"},"modified":"2026-03-06T03:42:29","modified_gmt":"2026-03-06T02:42:29","slug":"radars-en-france-pour-verifier-lassurance-auto-en-cas-dexces-de-vitesse-importants","status":"publish","type":"post","link":"https:\/\/www.rachida-dati.eu\/actualites\/radars-en-france-pour-verifier-lassurance-auto-en-cas-dexces-de-vitesse-importants\/","title":{"rendered":"Radars en France pour v\u00e9rifier l\u2019assurance auto en cas d\u2019exc\u00e8s de vitesse importants"},"content":{"rendered":"<div data-element-guid=\"7f7332a5-aca0-4fee-9990-ec700b171346\">\n<h2 class=\"subtitle \" style=\"\">Les p\u00e9nalit\u00e9s pour exc\u00e8s de vitesse de plus de 50 km\/h au\u2011dessus de la limite ont \u00e9galement \u00e9t\u00e9 renforc\u00e9es<\/h2>\n<\/p>\n<\/div>\n<div data-element-guid=\"3b7089fe-7836-443b-b7a8-8a86d908c0c5\">\n<p><!-- placeholder(#1) --><\/p>\n<p>Les conducteurs qui d\u00e9passent consid\u00e9rablement la vitesse verront bient\u00f4t leur assurance v\u00e9rifi\u00e9e automatiquement, ont confirm\u00e9 les autorit\u00e9s routi\u00e8res.<\/p>\n<p>Les cam\u00e9ras de vitesse pourront d\u00e9sormais v\u00e9rifier la base de donn\u00e9es nationale d&rsquo;assurance, <span data-lab-italic=\"italic\" class=\"italic m-italic\">le Fichier des v\u00e9hicules assur\u00e9s<\/span> (FVA), afin de v\u00e9rifier si un automobiliste qui d\u00e9passe les limitations est assur\u00e9 ou non. Le contr\u00f4le se produira automatiquement dans le cas o\u00f9 un v\u00e9hicule est intercept\u00e9 \u00e0 plus de 50 km\/h au-dessus de la limite, a confirm\u00e9 l&rsquo;agence de s\u00e9curit\u00e9 routi\u00e8re.<\/p>\n<p>Le changement intervient alors que, depuis le 29 d\u00e9cembre 2025, conduire \u00e0 plus de 50 km\/h au\u2011dessus de la vitesse limite est consid\u00e9r\u00e9 comme un <span data-lab-italic=\"italic\" class=\"italic m-italic\">d\u00e9lit<\/span> d\u00e8s la premi\u00e8re occurrence. Il s&rsquo;agit d&rsquo;une forme d&rsquo;infraction plus grave en droit fran\u00e7ais et les sanctions sont plus lourdes pour l&rsquo;accompagner.<\/p>\n<p>\u00ab Les v\u00e9rifications d&rsquo;assurance seront d\u00e9sormais effectu\u00e9es sur les v\u00e9hicules pris en d\u00e9faut pour un exc\u00e8s d&rsquo;au moins 50 km\/h par rapport \u00e0 la limite, qui est le comportement le plus dangereux et susceptibles de causer des dommages graves en cas d&rsquo;accident \u00bb, a confirm\u00e9 l&rsquo;agence dans un communiqu\u00e9 de presse.<\/p>\n<p>\u00ab Le FVA sera consult\u00e9 \u00abdans un d\u00e9lai d&rsquo;au moins trois jours\u00bb, selon l&rsquo;agence. Ce d\u00e9lai de trois jours lui permet de prendre en compte les derni\u00e8res donn\u00e9es d&rsquo;assurance disponibles afin d&rsquo;effectuer la v\u00e9rification avec pr\u00e9cision.<\/p>\n<p>Les infractions ont \u00e9t\u00e9 renforc\u00e9es, les contrevenants risquant d\u00e9sormais :<\/p>\n<ul>\n<li>\n<p><span data-lab-font_weight=\"font-weight-bold\" class=\"font-weight-bold m-font-weight-bold\">Exc\u00e8s de vitesse de plus de 50 km\/h au\u2011dessus de la limite\u00a0:<\/span> amende de 3 750 \u20ac et trois mois de prison<\/p>\n<\/li>\n<li>\n<p><span data-lab-font_weight=\"font-weight-bold\" class=\"font-weight-bold m-font-weight-bold\">Conduite sans assurance\u00a0:<\/span> amende de 3 750 \u20ac, plus la suspension ou l\u2019annulation du permis, une interdiction de repasser l\u2019examen de conduite et\/ou la confiscation du v\u00e9hicule<\/p>\n<\/li>\n<\/ul>\n<p>Les infractions sont consid\u00e9r\u00e9es comme distinctes (exc\u00e8s de vitesse et conduite sans assurance), de sorte que quiconque est pris pour les deux risque toutes les sanctions en m\u00eame temps (par exemple, une amende de 7 500 \u20ac, une peine de prison et la confiscation du permis ou du v\u00e9hicule).<\/p>\n<p>Pour l\u2019instant, la v\u00e9rification syst\u00e9matique des dossiers d\u2019assurance ne s\u2019appliquera qu\u2019aux conducteurs pris \u00e0 au moins 50 km\/h au\u2011dessus de la limite.<\/p>\n<p>\u00ab Conduire sans assurance est une infraction grave qui met directement en danger la vie d\u2019autrui et fait peser le co\u00fbt de l\u2019irresponsabilit\u00e9 sur l\u2019ensemble de la collectivit\u00e9 \u00bb, a d\u00e9clar\u00e9 Marie-Pierre Vedrenne, ministre d\u00e9l\u00e9gu\u00e9e \u00e0 l\u2019Int\u00e9rieur, dans un communiqu\u00e9 de presse.<\/p>\n<p>Cela survient apr\u00e8s que 216 personnes sont mortes en 2024 dans des accidents impliquant des v\u00e9hicules non assur\u00e9s, repr\u00e9sentant 7 % des d\u00e9c\u00e8s routiers (dont 156 des personnes d\u00e9c\u00e9d\u00e9es voyageaient dans le v\u00e9hicule non assur\u00e9), selon les chiffres de l\u2019agence de s\u00e9curit\u00e9 routi\u00e8re l\u2019Observatoire national interminist\u00e9riel de la s\u00e9curit\u00e9 routi\u00e8re (ONISR).<\/p>\n<p>Plus d\u2019un demi-million de personnes (515 000) conduisent en France sans assurance, et un peu moins de 5 % des v\u00e9hicules impliqu\u00e9s dans des accidents graves entra\u00eenant des \u00ab l\u00e9sions corporelles \u00bb ne sont pas assur\u00e9s, selon l\u2019agence.<\/p>\n<\/div>\n","protected":false},"excerpt":{"rendered":"<p>Les p\u00e9nalit\u00e9s pour exc\u00e8s de vitesse de plus de 50 km\/h au\u2011dessus de la limite ont \u00e9galement \u00e9t\u00e9 renforc\u00e9es Les conducteurs qui d\u00e9passent consid\u00e9rablement la vitesse verront bient\u00f4t leur assurance v\u00e9rifi\u00e9e automatiquement, ont confirm\u00e9 les autorit\u00e9s routi\u00e8res. Les cam\u00e9ras de vitesse pourront d\u00e9sormais v\u00e9rifier la base de donn\u00e9es nationale d&rsquo;assurance, le Fichier des v\u00e9hicules assur\u00e9s [&hellip;]<\/p>\n","protected":false},"author":1,"featured_media":1491,"comment_status":"open","ping_status":"open","sticky":false,"template":"","format":"standard","meta":{"footnotes":""},"categories":[1],"tags":[133,1747,1748,37,1096,459,39,858,376,1006],"class_list":["post-1490","post","type-post","status-publish","format-standard","has-post-thumbnail","hentry","category-non-classe","tag-auto","tag-cas","tag-dexces","tag-france","tag-importants","tag-lassurance","tag-pour","tag-radars","tag-verifier","tag-vitesse"],"_links":{"self":[{"href":"https:\/\/www.rachida-dati.eu\/actualites\/wp-json\/wp\/v2\/posts\/1490","targetHints":{"allow":["GET"]}}],"collection":[{"href":"https:\/\/www.rachida-dati.eu\/actualites\/wp-json\/wp\/v2\/posts"}],"about":[{"href":"https:\/\/www.rachida-dati.eu\/actualites\/wp-json\/wp\/v2\/types\/post"}],"author":[{"embeddable":true,"href":"https:\/\/www.rachida-dati.eu\/actualites\/wp-json\/wp\/v2\/users\/1"}],"replies":[{"embeddable":true,"href":"https:\/\/www.rachida-dati.eu\/actualites\/wp-json\/wp\/v2\/comments?post=1490"}],"version-history":[{"count":1,"href":"https:\/\/www.rachida-dati.eu\/actualites\/wp-json\/wp\/v2\/posts\/1490\/revisions"}],"predecessor-version":[{"id":1492,"href":"https:\/\/www.rachida-dati.eu\/actualites\/wp-json\/wp\/v2\/posts\/1490\/revisions\/1492"}],"wp:featuredmedia":[{"embeddable":true,"href":"https:\/\/www.rachida-dati.eu\/actualites\/wp-json\/wp\/v2\/media\/1491"}],"wp:attachment":[{"href":"https:\/\/www.rachida-dati.eu\/actualites\/wp-json\/wp\/v2\/media?parent=1490"}],"wp:term":[{"taxonomy":"category","embeddable":true,"href":"https:\/\/www.rachida-dati.eu\/actualites\/wp-json\/wp\/v2\/categories?post=1490"},{"taxonomy":"post_tag","embeddable":true,"href":"https:\/\/www.rachida-dati.eu\/actualites\/wp-json\/wp\/v2\/tags?post=1490"}],"curies":[{"name":"wp","href":"https:\/\/api.w.org\/{rel}","templated":true}]}}