{"id":1505,"date":"2026-03-07T07:44:58","date_gmt":"2026-03-07T06:44:58","guid":{"rendered":"https:\/\/www.rachida-dati.eu\/actualites\/evolutions-cles-et-dynamiques-politiques\/"},"modified":"2026-03-07T07:44:59","modified_gmt":"2026-03-07T06:44:59","slug":"evolutions-cles-et-dynamiques-politiques","status":"publish","type":"post","link":"https:\/\/www.rachida-dati.eu\/actualites\/evolutions-cles-et-dynamiques-politiques\/","title":{"rendered":"\u00c9volutions cl\u00e9s et dynamiques politiques"},"content":{"rendered":"<div data-element-guid=\"ae68a0c0-dc1c-4436-c107-049acc6ac5d9\">\n<p><!-- placeholder(#1) --><\/p>\n<p>La France se rendra aux urnes pour les \u00e9lections municipales le 15 mars &#8211; et de nouveau le 22 mars dans les communes o\u00f9 plusieurs listes se pr\u00e9sentent et aucune liste unique n\u2019obtient plus de 50 % des voix.<\/p>\n<p>Les suffrages exprim\u00e9s d\u00e9termineront qui sera maire de la commune, de l\u2019arrondissement ou de la ville pour les six prochaines ann\u00e9es.<\/p>\n<p>\u00ab Il y a 35 000 \u00e9lections diff\u00e9rentes, o\u00f9 les communes de moins de 1 000 habitants constituent 85 % du total \u00bb, a-t-elle d\u00e9clar\u00e9.<\/p>\n<p>\u00ab Les maires disposent d\u2019un vrai pouvoir, et les \u00e9lus des conseils municipaux ont des voix lors des \u00e9lections s\u00e9natoriales en septembre, leur conf\u00e9rant une influence notable dans la politique nationale. \u00bb<\/p>\n<p>\u00ab Les maires b\u00e9n\u00e9ficient \u00e9galement d\u2019un taux d\u2019approbation bien plus \u00e9lev\u00e9 aupr\u00e8s du public que celui des autres politiciens. \u00bb<\/p>\n<p>Cette ann\u00e9e, les \u00e9lections municipales tombent juste un an avant les scrutins pr\u00e9sidentiel et l\u00e9gislatif, et les observateurs les utiliseront pour pr\u00e9voir ce qui pourrait se passer en 2027 au niveau national.<\/p>\n<p>Pour la premi\u00e8re fois, toutes les listes \u00e9lectorales doivent comporter un nombre \u00e9gal de candidates et de candidats, une exigence que le Dr Mayer juge significative, car elle garantit que les conseils municipaux refl\u00e9teront plus fid\u00e8lement leurs communes.<\/p>\n<p>La m\u00e9thode d\u00e9terminant quelles listes pourront acc\u00e9der au second tour a \u00e9galement chang\u00e9 \u2013 celles qui ont obtenu au moins 10 % des voix du premier tour peuvent d\u00e9sormais se pr\u00e9senter au second tour.<\/p>\n<p>\u00ab Cela devrait accro\u00eetre l\u2019incertitude autour du r\u00e9sultat du second tour, \u00bb a d\u00e9clar\u00e9 le Dr Mayer. \u00ab Pour ceux qui aiment la politique, cela devrait \u00eatre amusant \u00e0 regarder. \u00bb<\/p>\n<p>Ici, nous examinons certains des autres grands enjeux entourant les \u00e9lections de cette ann\u00e9e.<\/p>\n<h3>Le parti d\u2019extr\u00eame droite RN se pr\u00e9sentera\u2011t\u2011il dans les petites communes rurales ?<\/h3>\n<p>Lors des derni\u00e8res \u00e9lections l\u00e9gislatives, le Rassemblement National (RN) est devenu le plus grand parti unique du parlement, remportant, par exemple, trois des quatre si\u00e8ges de la Dordogne (le quatri\u00e8me revenant \u00e0 un communiste).<\/p>\n<p>Cependant, il est peu probable qu\u2019il obtienne de meilleurs r\u00e9sultats lors des municipales, en particulier dans les petites communes.<\/p>\n<p>Le Dr Mayer a d\u00e9clar\u00e9 que le parti esp\u00e8re pr\u00e9senter entre 600 et 700 listes sous son nom dans les 35 000 communes, et comptera aussi des membres qui rejoindront des listes sans \u00e9tiquette, \u00ab jouant le coucou dans le nid \u00bb. <\/p>\n<p>\u00ab En tant que parti, le RN n\u2019est pas riche et bien organis\u00e9, et il faut \u00eatre riche et bien organis\u00e9 pour mener des \u00e9lections locales avec succ\u00e8s. \u00bb<\/p>\n<p>Elle a ajout\u00e9 que le parti rencontrait encore des probl\u00e8mes avec des groupes locaux qui s\u00e9lectionnent des \u00ab brebis noires \u00bb, au pass\u00e9 probl\u00e9matique.<\/p>\n<p>Bien que sous Marine Le Pen le RN ait tent\u00e9 de rompre avec les associations antis\u00e9mites et extr\u00e9mistes de l\u2019ancien Front National et de se repositionner en parti mainstream, il demeure difficile pour certains candidats d\u2019indiquer leur adh\u00e9sion, surtout dans les petites communes.<\/p>\n<h3>Les Verts garderont\u2011ils les grandes villes acquises en 2020 ?<\/h3>\n<p>Aux \u00e9lections de 2020, les \u00e9lus verts, principalement regroup\u00e9s sous l\u2019\u00e9tiquette Europe \u00c9cologie Les Verts, avaient surpris en remportant le contr\u00f4le de cinq grandes villes de l\u2019est de la France : Annecy, Besan\u00e7on, Grenoble, Lyon et Strasbourg, ainsi que Bordeaux.<\/p>\n<p>L\u2019une des grandes questions sera de savoir s\u2019ils parviendront \u00e0 conserver leurs si\u00e8ges.<\/p>\n<p>Des recherches d\u2019Ipsos montrent que, dans les cinq villes de l\u2019est, ils pourraient \u00eatre en difficult\u00e9 et, dans certaines, ne pas m\u00eame acc\u00e9der au second tour.<\/p>\n<p>Le retour des grands noms du Parti socialiste, dont l\u2019ancienne ministre Catherine Trautmann \u00e0 Strasbourg, est attendu pour mettre les maires verts sous pression.<\/p>\n<p>\u00c0 Lyon, un propri\u00e9taire de club de football bien connu et l\u2019un des hommes les plus riches de France, Jean\u2011Michel Aulas, se pr\u00e9sente sous une banni\u00e8re de droite unie et devrait obtenir environ 44 % des voix. Les Verts, dirig\u00e9s par le maire Gr\u00e9gory Doucet, restent \u00e0 30 % dans les sondages.<\/p>\n<p>Seule \u00e0 Grenoble, o\u00f9 le maire \u00e9cologiste en place ne se pr\u00e9sente pas \u00e0 nouveau, les Verts devraient sortir en t\u00eate au premier tour.<\/p>\n<p>\u00c0 Bordeaux, la pression devrait venir de la centre\u2011droit, qui s\u2019est uni dans une offensive pour d\u00e9loger le maire en fonction Pierre Hurmic. L\u2019ancien ministre Thomas Cazenave m\u00e8ne la charge \u00e0 la suite du d\u00e9c\u00e8s d\u2019un AVC en 2025 de l\u2019ancien maire de droite Nicolas Florian.<\/p>\n<p>Si les Verts parviennent \u00e0 conserver ces villes, cela signifiera probablement que les questions environnementales figureront de mani\u00e8re pr\u00e9pond\u00e9rante dans les programmes politiques des partis lors de l\u2019\u00e9lection pr\u00e9sidentielle de l\u2019ann\u00e9e prochaine.<\/p>\n<h3>Paris \u00e9lira\u2011t\u2011il un nouveau maire \u2014 et qui ?<\/h3>\n<p>Paris, avec son histoire de r\u00e9volutions et de communes, a \u00e9t\u00e9 jug\u00e9 politiquement trop instable pour avoir un maire \u00e9lu pour l\u2019ensemble de la ville jusqu\u2019en 1977.<\/p>\n<p>Le heureux vainqueur du concours cette ann\u00e9e-l\u00e0, Jacques Chirac, homme politique de droite et ancien Premier ministre, n\u2019a pas cach\u00e9 son intention d\u2019utiliser le mandat comme tremplin pour ses ambitions pr\u00e9sidentielles, qui se sont concr\u00e9tis\u00e9es en 1995.<\/p>\n<p>Son successeur, Jean Tiberi, \u00e9tait jug\u00e9 manquant de charisme, et les divisions au sein des partis ont permis au socialiste Bertrand Delano\u00eb de continuer pendant 13 ans. Il a \u00e9t\u00e9 suivi par Anne Hidalgo, \u00e9galement socialiste.<\/p>\n<p>Elle ne se pr\u00e9sente pas cette ann\u00e9e, apr\u00e8s sa lourde d\u00e9faite lors de l\u2019\u00e9lection pr\u00e9sidentielle de 2022, et Emmanuel Gr\u00e9goire, un cadre socialiste \u00e0 l\u2019H\u00f4tel de Ville, a du mal \u00e0 se faire conna\u00eetre publiquement de mani\u00e8re ind\u00e9pendante d\u2019elle.<\/p>\n<p>Il est face \u00e0 une liste largement unie de la droite men\u00e9e par Rachida Dati, ancienne ministre de la Justice sous Nicolas Sarkozy. Dati &#8211; qui a d\u00e9missionn\u00e9 de son poste de ministre de la Culture fin f\u00e9vrier pour se concentrer sur sa campagne parisienne &#8211; s\u2019est enti\u00e8rement repositionn\u00e9e sur la politique municipale \u00e0 l\u2019approche du vote de mars.<\/p>\n<p>Figure politique reconnue au niveau national et combative, elle pourrait repr\u00e9senter un d\u00e9fi s\u00e9rieux dans une ville longtemps gouvern\u00e9e par la gauche.<\/p>\n<h3>Le RN remportera\u2011t\u2011il une grande ville ?<\/h3>\n<p>Apr\u00e8s les \u00e9lections municipales de 2020, Perpignan \u00e9tait la seule ville de plus de 100 000 habitants parmi les quelque 15 communes contr\u00f4l\u00e9es par le RN.<\/p>\n<p>Cette ann\u00e9e, le parti vise ses bastions traditionnels dans le nord de la France et le sud\u2011est.<\/p>\n<p>Nice est largement per\u00e7ue comme l\u2019une des perspectives les plus plausibles pour que le RN s\u2019empare d\u2019une grande ville.<\/p>\n<p>Le maire en fonction, Christian Estrosi \u2013 ancien ministre et ancien pr\u00e9sident de la r\u00e9gion Provence\u2011Alpes\u2011C\u00f4le d\u2019Azur \u2013 est align\u00e9 sur le centre\u2011droit Horizons. Il est contest\u00e9 par une coalition de droite soutenue par le RN et dirig\u00e9e par \u00c9ric Ciotti, ancien coll\u00e8gue de leurs jours chez Les R\u00e9publicains.<\/p>\n<p>Autrefois alli\u00e9s, les deux sont aujourd\u2019hui ouvertement en d\u00e9saccord, et la campagne a pris une tonalit\u00e9 particuli\u00e8rement conflictuelle. Certains observateurs estiment que la fracture \u00e0 droite pourrait ouvrir la voie \u00e0 une victoire du RN.<\/p>\n<p>Le RN a \u00e9galement identifi\u00e9 Toulon, Menton et Marseille comme des cibles cl\u00e9s dans le sud\u2011est.<\/p>\n<p>Toulon a une histoire de fort soutien d\u2019extr\u00eame droite, et Menton a \u00e9galement enregistr\u00e9 des scores \u00e9lev\u00e9s pour le RN lors des \u00e9lections r\u00e9centes. \u00c0 Marseille, la violence persistante li\u00e9e \u00e0 la drogue est devenue une question centrale de la campagne, ce qui pourrait favoriser un parti pr\u00f4nant une ligne de s\u00e9curit\u00e9 plus dure.<\/p>\n<p>Le Dr Mayer affirme \u00e9galement que le RN pourrait gagner \u00e0 Calais, refl\u00e9tant son soutien dans le nord.<\/p>\n<h3>Pourquoi ces \u00e9lections municipales comptent\u2011elles au niveau national ?<\/h3>\n<p>Les analystes politiques estiment que ce tour est bien plus qu\u2019un scrutin local.<\/p>\n<p>Avec pr\u00e8s de 35 000 scrutins distincts &#8211; dont beaucoup sont sans v\u00e9ritable comp\u00e9tition et tournent autour de questions hyper-locales &#8211; les r\u00e9sultats offriront une mesure en temps r\u00e9el de la force des partis \u00e0 travers le spectre politique fragment\u00e9 de la France.<\/p>\n<p>Les partis de l\u2019establishment, Les R\u00e9publicains et les Socialistes, recalibrent leurs alliances et leurs strat\u00e9gies, tandis que l\u2019extr\u00eame droite vise non seulement des gains symboliques mais aussi une l\u00e9gitimit\u00e9 plus large \u00e0 l\u2019approche de la pr\u00e9sidentielle de 2027.<\/p>\n<p>\u00c0 l\u2019\u00e9chelle nationale, la s\u00e9curit\u00e9, le logement et les imp\u00f4ts locaux figurent parmi les questions cl\u00e9s qui motivent les pr\u00e9occupations des \u00e9lecteurs.<\/p>\n<p>Le vote commence \u00e0 08h00 le 15 mars et se termine entre 17h00 et 19h00 (selon la commune). Dans de nombreuses zones, un second tour aura \u00e9galement lieu le 22 mars. Les r\u00e9sultats de chaque tour seront disponibles le soir m\u00eame du vote.<\/p>\n","protected":false},"excerpt":{"rendered":"<p>La France se rendra aux urnes pour les \u00e9lections municipales le 15 mars &#8211; et de nouveau le 22 mars dans les communes o\u00f9 plusieurs listes se pr\u00e9sentent et aucune liste unique n\u2019obtient plus de 50 % des voix. Les suffrages exprim\u00e9s d\u00e9termineront qui sera maire de la commune, de l\u2019arrondissement ou de la ville [&hellip;]<\/p>\n","protected":false},"author":1,"featured_media":1506,"comment_status":"open","ping_status":"open","sticky":false,"template":"","format":"standard","meta":{"footnotes":""},"categories":[1],"tags":[305,1771,1300,1321],"class_list":["post-1505","post","type-post","status-publish","format-standard","has-post-thumbnail","hentry","category-non-classe","tag-cles","tag-dynamiques","tag-evolutions","tag-politiques"],"_links":{"self":[{"href":"https:\/\/www.rachida-dati.eu\/actualites\/wp-json\/wp\/v2\/posts\/1505","targetHints":{"allow":["GET"]}}],"collection":[{"href":"https:\/\/www.rachida-dati.eu\/actualites\/wp-json\/wp\/v2\/posts"}],"about":[{"href":"https:\/\/www.rachida-dati.eu\/actualites\/wp-json\/wp\/v2\/types\/post"}],"author":[{"embeddable":true,"href":"https:\/\/www.rachida-dati.eu\/actualites\/wp-json\/wp\/v2\/users\/1"}],"replies":[{"embeddable":true,"href":"https:\/\/www.rachida-dati.eu\/actualites\/wp-json\/wp\/v2\/comments?post=1505"}],"version-history":[{"count":1,"href":"https:\/\/www.rachida-dati.eu\/actualites\/wp-json\/wp\/v2\/posts\/1505\/revisions"}],"predecessor-version":[{"id":1507,"href":"https:\/\/www.rachida-dati.eu\/actualites\/wp-json\/wp\/v2\/posts\/1505\/revisions\/1507"}],"wp:featuredmedia":[{"embeddable":true,"href":"https:\/\/www.rachida-dati.eu\/actualites\/wp-json\/wp\/v2\/media\/1506"}],"wp:attachment":[{"href":"https:\/\/www.rachida-dati.eu\/actualites\/wp-json\/wp\/v2\/media?parent=1505"}],"wp:term":[{"taxonomy":"category","embeddable":true,"href":"https:\/\/www.rachida-dati.eu\/actualites\/wp-json\/wp\/v2\/categories?post=1505"},{"taxonomy":"post_tag","embeddable":true,"href":"https:\/\/www.rachida-dati.eu\/actualites\/wp-json\/wp\/v2\/tags?post=1505"}],"curies":[{"name":"wp","href":"https:\/\/api.w.org\/{rel}","templated":true}]}}