{"id":1511,"date":"2026-03-07T19:42:45","date_gmt":"2026-03-07T18:42:45","guid":{"rendered":"https:\/\/www.rachida-dati.eu\/actualites\/les-images-satellites-revelent-la-devastation-dans-le-sud-ouest-de-la-france\/"},"modified":"2026-03-07T19:42:47","modified_gmt":"2026-03-07T18:42:47","slug":"les-images-satellites-revelent-la-devastation-dans-le-sud-ouest-de-la-france","status":"publish","type":"post","link":"https:\/\/www.rachida-dati.eu\/actualites\/les-images-satellites-revelent-la-devastation-dans-le-sud-ouest-de-la-france\/","title":{"rendered":"Les images satellites r\u00e9v\u00e8lent la d\u00e9vastation dans le sud-ouest de la France"},"content":{"rendered":"<div data-element-guid=\"7f7332a5-aca0-4fee-9990-ec700b171346\">\n<h2 class=\"subtitle \" style=\"\">Des images satellites montrent l&rsquo;\u00e9tendue des inondations provoqu\u00e9es par deux temp\u00eates cons\u00e9cutives en f\u00e9vrier<\/h2>\n<\/p>\n<\/div>\n<div data-element-guid=\"bb8486fc-7f02-48c6-d68a-df67386d3a19\">\n<p><!-- placeholder(#1) --><\/p>\n<p>Des images satellites r\u00e9v\u00e8lent les inondations spectaculaires le long de la Garonne apr\u00e8s plusieurs jours de fortes pluies et deux temp\u00eates cons\u00e9cutives dans le sud-ouest de la France.<\/p>\n<p>De nouvelles vues a\u00e9riennes captur\u00e9es le 18 f\u00e9vrier par la soci\u00e9t\u00e9 d\u2019imagerie Planet Labs montrent la Garonne d\u00e9border largement de ses lits entre Agen et Langon, avec de vastes \u00e9tendues de terres agricoles et des zones urbaines submerg\u00e9es.<\/p>\n<div data-element-guid=\"86be5f79-2ea2-4015-b84e-02e552340a72\" class=\"columns btxt_row row small-12 large-8 desktop-floatLeft mobile-floatLeft\" style=\"\">\n<figure data-element-guid=\"bc238e2b-e664-4628-a722-6bad887ba29b\" class=\"column desktop-floatLeft mobile-floatLeft small-12 large-6 small-abs-12 large-abs-4\">\n<div class=\"content \" style=\"\">\n<div class=\"img fullwidthTarget\">\n            <picture><source  width=\"353\" height=\"350\" media=\"(min-width: 768px)\" type=\"image\/webp\"><source  width=\"353\" height=\"350\" media=\"(min-width: 768px)\" type=\"image\/jpeg\"><source  width=\"480\" height=\"476\" media=\"(max-width: 767px)\" type=\"image\/webp\"><source  width=\"480\" height=\"476\" media=\"(max-width: 767px)\" type=\"image\/jpeg\"><\/source><\/source><\/source><\/source><\/picture>\n                    <\/div>\n<\/p><\/div>\n<\/figure>\n<figure data-element-guid=\"ee95383b-13ae-4958-ad66-e846ac0c9069\" class=\"column small-12 large-6 small-abs-12 large-abs-4\">\n<div class=\"content \" style=\"\">\n<div class=\"img fullwidthTarget\">\n            <picture><source  width=\"353\" height=\"353\" media=\"(min-width: 768px)\" type=\"image\/webp\"><source  width=\"353\" height=\"353\" media=\"(min-width: 768px)\" type=\"image\/jpeg\"><source  width=\"480\" height=\"480\" media=\"(max-width: 767px)\" type=\"image\/webp\"><source  width=\"480\" height=\"480\" media=\"(max-width: 767px)\" type=\"image\/jpeg\"><img loading=\"lazy\" decoding=\"async\" src=\"https:\/\/www.rachida-dati.eu\/actualites\/wp-content\/uploads\/2026\/03\/Les-images-satellites-revelent-la-devastation-dans-le-sud-ouest-de.00&#038;width=960&#038;height=960&#038;format=jpg.jpeg\" width=\"480\" height=\"480\" alt=\"\" style=\"\"\/><br \/>\n            <\/source><\/source><\/source><\/source><\/picture>\n                    <\/div>\n<figcaption itemprop=\"author\" class=\"\" data-byline-prefix=\"\"\/>\n<\/p><\/div>\n<\/figure>\n<\/div>\n<p><span data-lab-font_weight=\"font-weight-bold\" class=\"font-weight-bold m-font-weight-bold\">Une partie du fleuve a \u00e9t\u00e9 plac\u00e9e en alerte rouge maximale d&rsquo;inondation depuis le 11 f\u00e9vrier<\/span> selon le service national de surveillance Vigicrues.<\/p>\n<p>Les niveaux d&rsquo;eau ont rapidement augment\u00e9 lorsque la temp\u00eate Nils a balay\u00e9 l&rsquo;ouest de la France dans la nuit du 11 au 12 f\u00e9vrier.<\/p>\n<p>Un autre syst\u00e8me de basse pression, baptis\u00e9 Pedro, a prolong\u00e9 la pouss\u00e9e d&rsquo;inondation. Le service de surveillance des inondations Vigicrues a indiqu\u00e9 que les rivi\u00e8res de la moiti\u00e9 ouest du pays continuaient de monter m\u00eame apr\u00e8s que les pluies se sont calm\u00e9es.<\/p>\n<p>\u00c0 Marmande (Lot-et-Garonne), la Garonne a atteint 9,2 m\u00e8tres dans la nuit du 18 au 19 f\u00e9vrier, en dessous du pic de 10,35 m enregistr\u00e9 le 14 f\u00e9vrier.<\/p>\n<p>L&rsquo;un des deux ponts de la ville est rest\u00e9 ferm\u00e9, 27 routes et cinq ponts restant inaccessibles dans le d\u00e9partement.<\/p>\n<p>\u00c0 La R\u00e9ole (Gironde), le fleuve a de nouveau atteint son maximum en milieu de semaine, bien que inf\u00e9rieur au sommet du week-end dernier.<\/p>\n<p>Les plaines environnantes et plusieurs rues ont \u00e9t\u00e9 inond\u00e9es. Soixante et onze routes ont \u00e9t\u00e9 ferm\u00e9es en Gironde le 19 f\u00e9vrier, 5 400 foyers sans \u00e9lectricit\u00e9 et 20 000 personnes sans couverture mobile.<\/p>\n<p><span data-lab-font_weight=\"font-weight-bold\" class=\"font-weight-bold m-font-weight-bold\">Plus en amont \u00e0 Tonneins, le lit de la Garonne a atteint 9,56 m le 14 f\u00e9vrier<\/span>, d\u00e9passant les inondations de 2021 et 2022 mais restant en dessous du niveau historique de 10,72 m de mars 1930.<\/p>\n<p class=\"font-weight-bold m-font-weight-bold\" data-lab-font_weight=\"font-weight-bold\"><span data-lab-font_weight=\"font-weight-normal\" class=\"font-weight-normal m-font-weight-normal\">La facture des dommages mat\u00e9riels a d\u00e9j\u00e0 atteint 1 milliard d&rsquo;euros, selon le r\u00e9assureur \u00e9tatique, la Caisse centrale de r\u00e9assurance, qui sous-tend le syst\u00e8me fran\u00e7ais des catastrophes naturelles. Cela a<\/span> suscit\u00e9 des craintes que les primes d&rsquo;assurance pourraient augmenter.<\/p>\n<p>Les autorit\u00e9s avertissent que des cieux plus d\u00e9gag\u00e9s ne signifient pas que le danger est \u00e9cart\u00e9, car les sols satur\u00e9s continuent d&rsquo;alimenter des cours d&rsquo;eau gonfl\u00e9s.<\/p>\n","protected":false},"excerpt":{"rendered":"<p>Des images satellites montrent l&rsquo;\u00e9tendue des inondations provoqu\u00e9es par deux temp\u00eates cons\u00e9cutives en f\u00e9vrier Des images satellites r\u00e9v\u00e8lent les inondations spectaculaires le long de la Garonne apr\u00e8s plusieurs jours de fortes pluies et deux temp\u00eates cons\u00e9cutives dans le sud-ouest de la France. De nouvelles vues a\u00e9riennes captur\u00e9es le 18 f\u00e9vrier par la soci\u00e9t\u00e9 d\u2019imagerie Planet [&hellip;]<\/p>\n","protected":false},"author":1,"featured_media":1512,"comment_status":"open","ping_status":"open","sticky":false,"template":"","format":"standard","meta":{"footnotes":""},"categories":[1],"tags":[50,1776,37,1773,35,1775,1774,237],"class_list":["post-1511","post","type-post","status-publish","format-standard","has-post-thumbnail","hentry","category-non-classe","tag-dans","tag-devastation","tag-france","tag-images","tag-les","tag-revelent","tag-satellites","tag-sudouest"],"_links":{"self":[{"href":"https:\/\/www.rachida-dati.eu\/actualites\/wp-json\/wp\/v2\/posts\/1511","targetHints":{"allow":["GET"]}}],"collection":[{"href":"https:\/\/www.rachida-dati.eu\/actualites\/wp-json\/wp\/v2\/posts"}],"about":[{"href":"https:\/\/www.rachida-dati.eu\/actualites\/wp-json\/wp\/v2\/types\/post"}],"author":[{"embeddable":true,"href":"https:\/\/www.rachida-dati.eu\/actualites\/wp-json\/wp\/v2\/users\/1"}],"replies":[{"embeddable":true,"href":"https:\/\/www.rachida-dati.eu\/actualites\/wp-json\/wp\/v2\/comments?post=1511"}],"version-history":[{"count":1,"href":"https:\/\/www.rachida-dati.eu\/actualites\/wp-json\/wp\/v2\/posts\/1511\/revisions"}],"predecessor-version":[{"id":1513,"href":"https:\/\/www.rachida-dati.eu\/actualites\/wp-json\/wp\/v2\/posts\/1511\/revisions\/1513"}],"wp:featuredmedia":[{"embeddable":true,"href":"https:\/\/www.rachida-dati.eu\/actualites\/wp-json\/wp\/v2\/media\/1512"}],"wp:attachment":[{"href":"https:\/\/www.rachida-dati.eu\/actualites\/wp-json\/wp\/v2\/media?parent=1511"}],"wp:term":[{"taxonomy":"category","embeddable":true,"href":"https:\/\/www.rachida-dati.eu\/actualites\/wp-json\/wp\/v2\/categories?post=1511"},{"taxonomy":"post_tag","embeddable":true,"href":"https:\/\/www.rachida-dati.eu\/actualites\/wp-json\/wp\/v2\/tags?post=1511"}],"curies":[{"name":"wp","href":"https:\/\/api.w.org\/{rel}","templated":true}]}}