{"id":1523,"date":"2026-03-08T18:42:25","date_gmt":"2026-03-08T17:42:25","guid":{"rendered":"https:\/\/www.rachida-dati.eu\/actualites\/des-proprietaires-en-france-demenagent-vers-le-nord-pour-fuir-les-vagues-de-chaleur-qui-sintensifient\/"},"modified":"2026-03-08T18:42:26","modified_gmt":"2026-03-08T17:42:26","slug":"des-proprietaires-en-france-demenagent-vers-le-nord-pour-fuir-les-vagues-de-chaleur-qui-sintensifient","status":"publish","type":"post","link":"https:\/\/www.rachida-dati.eu\/actualites\/des-proprietaires-en-france-demenagent-vers-le-nord-pour-fuir-les-vagues-de-chaleur-qui-sintensifient\/","title":{"rendered":"Des propri\u00e9taires en France d\u00e9m\u00e9nagent vers le nord pour fuir les vagues de chaleur qui s&rsquo;intensifient"},"content":{"rendered":"<div data-element-guid=\"7f7332a5-aca0-4fee-9990-ec700b171346\">\n<h2 class=\"subtitle \" style=\"\">Les vagues de chaleur deviennent plus r\u00e9guli\u00e8res et plus intenses<\/h2>\n<\/div>\n<div data-element-guid=\"0c1a5ddd-b069-4646-c9aa-4f206d5eed66\">\n<p><!-- placeholder(#1) --><\/p>\n<p>Une hausse soutenue des temp\u00e9ratures estivales pousse certains propri\u00e9taires du sud de la France \u00e0 rechercher une nouvelle vie dans le nord du pays, plus frais.<\/p>\n<p>Actuellement, en moyenne, il y a deux vagues de chaleur par an. Cela se compare \u00e0 une par quatre ans pendant la p\u00e9riode des ann\u00e9es 1950-1970, selon <span data-lab-italic=\"italic\" class=\"italic m-italic\">M\u00e9t\u00e9o France<\/span>. Plus de la moiti\u00e9 des plus de 50 vagues de chaleur enregistr\u00e9es depuis 1947 se sont produites depuis 2011.<\/p>\n<p>La chaleur s&rsquo;installe aussi de plus en plus t\u00f4t dans la saison; juin 2025 a \u00e9t\u00e9 le deuxi\u00e8me mois de juin le plus chaud enregistr\u00e9 en France depuis 2003, ann\u00e9e o\u00f9 une vague de chaleur meurtri\u00e8re a tu\u00e9 pr\u00e8s de 15 000 personnes.<\/p>\n<p>L&rsquo;infirmi\u00e8re \u00e0 la retraite Heather Wilson, 68 ans, originaire d&rsquo;Oxfordshire, a constat\u00e9 ce changement depuis qu&rsquo;elle a achet\u00e9 une propri\u00e9t\u00e9 dans le Lot il y a 25 ans.<\/p>\n<p>\u00ab Les \u00e9t\u00e9s dans le Lot sont trop chauds. On atteint d\u00e9sormais r\u00e9guli\u00e8rement 40 \u00e0 45 \u00b0C, ce qui n&rsquo;arrivait jamais auparavant \u00bb, a-t-elle d\u00e9clar\u00e9.<\/p>\n<p>\u00ab Sans climatisation, sans piscine ou sans source d&rsquo;eau pour se rafra\u00eechir, c&rsquo;est impossible, car on ne peut en fait ni sortir ni faire quoi que ce soit. \u00bb<\/p>\n<p>Son partenaire vient r\u00e9cemment d&rsquo;acheter une propri\u00e9t\u00e9 en Bretagne, et Mme Wilson envisage de faire de m\u00eame.<\/p>\n<p>\u00ab Je regarde des biens en Bretagne ou plus au nord que l\u00e0 o\u00f9 je suis actuellement, car je pense qu&rsquo;il sera impossible de rester ici. \u00bb<\/p>\n<p>Sa maison actuelle, pr\u00e8s de Gourdon, est une grange \u00e0 trois \u00e9tages sans climatisation. Autrefois, elle restait fra\u00eeche en \u00e9t\u00e9 gr\u00e2ce \u00e0 sa construction en pierre traditionnelle.<\/p>\n<p>Pour l&rsquo;\u00e9t\u00e9 dernier, cependant, avec des temp\u00e9ratures d\u00e9passant les 45 \u00b0C, il faisait si chaud \u00e0 l&rsquo;int\u00e9rieur de la maison que les amis qui y s\u00e9journaient ont d\u00fb dormir dehors sur la terrasse.<\/p>\n<h3>Les incendies de for\u00eat estivaux se propagent<\/h3>\n<p>Cela marque un changement important depuis que Mme Wilson a emm\u00e9nag\u00e9 dans la r\u00e9gion, lorsque les gens y venaient sp\u00e9cifiquement pour un climat plus cl\u00e9ment.<\/p>\n<p>\u00ab Quand j&rsquo;ai achet\u00e9 pour la premi\u00e8re fois, des gens venaient du littoral m\u00e9diterran\u00e9en parce qu&rsquo;il faisait trop chaud, ils d\u00e9m\u00e9nageaient donc dans la r\u00e9gion Dordogne\/Lot \u00bb, a d\u00e9clar\u00e9 Mme Wilson.<\/p>\n<p>Elle a \u00e9galement soulign\u00e9 le nombre croissant d&rsquo;incendies.<\/p>\n<p>\u00ab Ces derni\u00e8res ann\u00e9es, les incendies sont devenus un risque majeur \u00bb, a-t-elle d\u00e9clar\u00e9.<\/p>\n<p>\u00ab Il y a environ deux ou trois ans, nous pouvions sentir les feux autour de Bordeaux depuis la maison, et c&rsquo;\u00e9tait \u00e0 160 km. C&rsquo;est un peu effrayant de voir comment tout \u00e9volue, du point de vue des temp\u00e9ratures. \u00bb<\/p>\n<p>En ao\u00fbt 2025, un incendie d&rsquo;une taille \u00e9quivalente \u00e0 Paris a ravag\u00e9 le d\u00e9partement de l&rsquo;Aude, dans le sud de la France. C&rsquo;\u00e9tait le plus grand depuis plus d&rsquo;un demi-si\u00e8cle, d\u00e9truisant plus de 16 000 hectares, faisant au moins une victime et obligeant pr\u00e8s de 2 000 personnes \u00e0 quitter leur domicile.<\/p>\n<p>Mme Wilson n&rsquo;est pas la seule \u00e0 envisager un d\u00e9m\u00e9nagement parmi ses amis expatri\u00e9s.<\/p>\n<p>\u00ab Ils peinent avec la chaleur. C&rsquo;est devenu un sujet de conversation courant chez les Britanniques. \u00bb<br \/>\u00ab Les Fran\u00e7ais semblent se contenter de hocher la t\u00eate et d&rsquo;accepter cela\u2026 ils n&rsquo;en sont pas si boulevers\u00e9s. Mais certainement parmi les Britanniques que je connais, c&rsquo;est une consid\u00e9ration. La chaleur devient intol\u00e9rable. \u00bb<\/p>\n<p class=\"font-weight-bold m-font-weight-bold\" data-lab-font_weight=\"font-weight-bold\">Avez-vous \u00e9t\u00e9 affect\u00e9 par la hausse des temp\u00e9ratures ? Envisagez-vous de d\u00e9m\u00e9nager vers des r\u00e9gions plus fra\u00eeches ? Faites-le nous savoir \u00e0 <span data-lab-italic=\"italic\" class=\"italic m-italic\">feedback@connexionfrance.com<\/span><\/p>\n<\/div>\n","protected":false},"excerpt":{"rendered":"<p>Les vagues de chaleur deviennent plus r\u00e9guli\u00e8res et plus intenses Une hausse soutenue des temp\u00e9ratures estivales pousse certains propri\u00e9taires du sud de la France \u00e0 rechercher une nouvelle vie dans le nord du pays, plus frais. Actuellement, en moyenne, il y a deux vagues de chaleur par an. Cela se compare \u00e0 une par quatre [&hellip;]<\/p>\n","protected":false},"author":1,"featured_media":1524,"comment_status":"open","ping_status":"open","sticky":false,"template":"","format":"standard","meta":{"footnotes":""},"categories":[1],"tags":[1788,1785,42,37,1787,35,1786,39,401,93,1789,642,105],"class_list":["post-1523","post","type-post","status-publish","format-standard","has-post-thumbnail","hentry","category-non-classe","tag-chaleur","tag-demenagent","tag-des","tag-france","tag-fuir","tag-les","tag-nord","tag-pour","tag-proprietaires","tag-qui","tag-sintensifient","tag-vagues","tag-vers"],"_links":{"self":[{"href":"https:\/\/www.rachida-dati.eu\/actualites\/wp-json\/wp\/v2\/posts\/1523","targetHints":{"allow":["GET"]}}],"collection":[{"href":"https:\/\/www.rachida-dati.eu\/actualites\/wp-json\/wp\/v2\/posts"}],"about":[{"href":"https:\/\/www.rachida-dati.eu\/actualites\/wp-json\/wp\/v2\/types\/post"}],"author":[{"embeddable":true,"href":"https:\/\/www.rachida-dati.eu\/actualites\/wp-json\/wp\/v2\/users\/1"}],"replies":[{"embeddable":true,"href":"https:\/\/www.rachida-dati.eu\/actualites\/wp-json\/wp\/v2\/comments?post=1523"}],"version-history":[{"count":1,"href":"https:\/\/www.rachida-dati.eu\/actualites\/wp-json\/wp\/v2\/posts\/1523\/revisions"}],"predecessor-version":[{"id":1525,"href":"https:\/\/www.rachida-dati.eu\/actualites\/wp-json\/wp\/v2\/posts\/1523\/revisions\/1525"}],"wp:featuredmedia":[{"embeddable":true,"href":"https:\/\/www.rachida-dati.eu\/actualites\/wp-json\/wp\/v2\/media\/1524"}],"wp:attachment":[{"href":"https:\/\/www.rachida-dati.eu\/actualites\/wp-json\/wp\/v2\/media?parent=1523"}],"wp:term":[{"taxonomy":"category","embeddable":true,"href":"https:\/\/www.rachida-dati.eu\/actualites\/wp-json\/wp\/v2\/categories?post=1523"},{"taxonomy":"post_tag","embeddable":true,"href":"https:\/\/www.rachida-dati.eu\/actualites\/wp-json\/wp\/v2\/tags?post=1523"}],"curies":[{"name":"wp","href":"https:\/\/api.w.org\/{rel}","templated":true}]}}