{"id":1526,"date":"2026-03-09T05:45:02","date_gmt":"2026-03-09T04:45:02","guid":{"rendered":"https:\/\/www.rachida-dati.eu\/actualites\/ce-que-les-residents-doivent-savoir\/"},"modified":"2026-03-09T05:45:02","modified_gmt":"2026-03-09T04:45:02","slug":"ce-que-les-residents-doivent-savoir","status":"publish","type":"post","link":"https:\/\/www.rachida-dati.eu\/actualites\/ce-que-les-residents-doivent-savoir\/","title":{"rendered":"Ce que les r\u00e9sidents doivent savoir"},"content":{"rendered":"<div data-element-guid=\"9b2bced7-15c8-4916-83a1-d77282e1eb7b\">\n<p><!-- placeholder(#1) --><\/p>\n<p>L\u2019acc\u00e8s \u00e0 Internet ADSL et les appels t\u00e9l\u00e9phoniques traditionnels ne sont plus possibles dans la plupart de l\u2019Occitanie, dans le sud de la France, alors que l\u2019ancien r\u00e9seau cuivre est progressivement remplac\u00e9 par des connexions en fibre optique.<\/p>\n<p>L\u2019op\u00e9rateur de t\u00e9l\u00e9communications Orange, qui orchestre la bascule \u00e0 l\u2019\u00e9chelle nationale pour toutes les connexions, et pas seulement pour les clients d\u2019Orange, a lanc\u00e9 la derni\u00e8re phase de son plan le 27 janvier. Cette nouvelle phase vise \u00e0 fermer le r\u00e9seau cuivre dans 763 communes, r\u00e9parties sur 14 r\u00e9gions, y compris en Occitanie.<\/p>\n<p>Selon le calendrier actuel, l\u2019ensemble du r\u00e9seau cuivre devrait \u00eatre arr\u00eat\u00e9 en France d\u2019ici 2030. Il avait \u00e9t\u00e9 install\u00e9 \u00e0 l\u2019origine dans les ann\u00e9es 1970 par France T\u00e9l\u00e9com, et utilise des fils en cuivre pour connecter chaque utilisateur au centre de commutation t\u00e9l\u00e9phonique le plus proche.<\/p>\n<p>Dans le cadre de ce nouveau syst\u00e8me, les utilisateurs seront connect\u00e9s via des lignes en fibre optique, par satellite, ou via la couverture 4G\/5G. Ces technologies modernes sont consid\u00e9r\u00e9es comme bien mieux \u00e9quip\u00e9es que les fils de cuivre pour r\u00e9pondre \u00e0 des usages tels que le streaming vid\u00e9o, le travail \u00e0 domicile, l\u2019informatique en nuage et les objets connect\u00e9s.<\/p>\n<h2>Quelle est la situation actuelle ?<\/h2>\n<p>L\u2019Occitanie est actuellement l\u2019une des r\u00e9gions o\u00f9 les passages \u00e0 la fibre se produisent le plus rapidement, et une grande partie des travaux est d\u00e9j\u00e0 r\u00e9alis\u00e9e.<\/p>\n<p>La bascule se d\u00e9roule en deux \u00e9tapes ; d\u2019abord commerciale. Cela signifie qu\u2019aucun nouveau client ne peut souscrire \u00e0 des services ADSL, et les contrats des clients existants sont r\u00e9sili\u00e9s. Si vous \u00eates concern\u00e9, vous aurez \u00e9t\u00e9 inform\u00e9 par courrier ou par e-mail des changements.\u00a0<\/p>\n<p>La seconde \u00e9tape est technique. Cela signifie que les lignes ne fonctionneront plus physiquement.<\/p>\n<p>Dans sa <span data-lab-font_weight=\"font-weight-bold\" class=\"font-weight-bold m-font-weight-bold\">mise \u00e0 jour de janvier 2026<\/span>, Orange a d\u00e9clar\u00e9 : \u00ab Pour toutes les communes de France, Orange pr\u00e9voit une fermeture commerciale soit le 31 janvier 2026, soit le 31 janvier 2027. Toutefois, afin de garantir qu\u2019il n\u2019y ait pas d\u2019interruption de connexion, des reports peuvent \u00eatre n\u00e9cessaires dans les communes o\u00f9 les crit\u00e8res de fermeture impos\u00e9s \u00e0 Orange par l\u2019Arcep ne sont pas respect\u00e9s \u00e0 temps. \u00bb<\/p>\n<p>En Occitanie, sur les 4 453 communes de la r\u00e9gion, 3 693 ont d\u00e9j\u00e0 entam\u00e9 le processus commercial, a indiqu\u00e9 Orange (environ 84 %).<\/p>\n<p>Sur ce nombre, 60 communes ont d\u00e9j\u00e0 franchi l\u2019\u00e9tape technique consistant \u00e0 fermer totalement leurs lignes \u2014 notamment \u00e0 Saint-Bonnet-du-Gard, Th\u00e9ziers, Pouzols et Saint-Guilhem-le-D\u00e9sert. La plupart ont \u00e9t\u00e9 bascul\u00e9es le 27 janvier.<\/p>\n<p>\u00c0 pr\u00e9sent, la fermeture technique se poursuit par \u00ab lots \u00bb. Ces lots sont d\u00e9finis au niveau national, en consultation avec le r\u00e9gulateur des communications \u00e9lectroniques, des postes et de la distribution de la presse (Arcep).<\/p>\n<p>Environ 3 200 communes en Occitanie sont d\u00e9sormais incluses dans le calendrier national de fermeture permanente, et les travaux dans la r\u00e9gion devraient atteindre leur pic en 2029.<\/p>\n<h2>Que signifie la bascule pour ma connexion ?<\/h2>\n<p>Aucune personne ne doit s\u2019attendre \u00e0 ce que sa connexion soit \u00ab coup\u00e9e du jour au lendemain \u00bb, a d\u00e9clar\u00e9 Nicolas Brochot, repr\u00e9sentant r\u00e9gional d\u2019Orange en Occitanie.<\/p>\n<p>La plupart des gens auront eu trois ans pour se pr\u00e9parer, entre l\u2019annonce initiale de la fin de la couverture ADSL et la coupure finale. Cela s\u2019explique par le fait qu\u2019Arcep exige qu\u2019Orange communique la liste des communes pr\u00e9vues pour la fermeture au moins 36 mois \u00e0 l\u2019avance.<\/p>\n<p>Certaines zones sont d\u00e9j\u00e0 pass\u00e9es au nouveau syst\u00e8me depuis des mois.<\/p>\n<p>Cette transition \u00ab marque une avanc\u00e9e majeure dans la modernisation de l\u2019infrastructure num\u00e9rique en France \u00bb, a d\u00e9clar\u00e9 le Minist\u00e8re de l\u2019Intelligence artificielle et de l\u2019Innovation num\u00e9rique, dans un communiqu\u00e9.<\/p>\n<p>\u00ab Pr\u00e8s de 95 % des Fran\u00e7ais sont d\u00e9sormais \u00e9ligibles \u00e0 cette technologie, et 80 % des abonnements Internet le sont d\u00e9j\u00e0 \u00bb, a d\u00e9clar\u00e9 Orange dans sa mise \u00e0 jour la plus r\u00e9cente.<\/p>\n<p>\u00ab 94 % des locaux en France sont d\u00e9j\u00e0 \u00e9ligibles \u00e0 l\u2019option fibre, et\u2026 80 % des abonnements Internet sont d\u00e9sormais en fibre optique, contre 16 % en 2015 \u00bb, ajoutait la mise \u00e0 jour. \u00ab Cela en fait la technologie de r\u00e9f\u00e9rence pour l\u2019acc\u00e8s Internet fixe. \u00bb<\/p>\n<p>\u00ab Il est temps de passer la France \u00e0 la fibre \u00e0 ultra-haut d\u00e9bit, en particulier avec la fibre optique \u00bb, a d\u00e9clar\u00e9 M. Brochot. Il parle d\u2019une \u00ab solution \u00e0 long terme \u00bb plus fiable, plus stable, et capable de g\u00e9rer des demandes num\u00e9riques de plus en plus importantes.<\/p>\n<p>Orange d\u00e9ment que la coupure du cuivre va \u00ab d\u00e9connecter \u00bb les zones rurales de France, affirmant que le m\u00e9lange de technologies offert (y compris fibre, 4G\/5G et satellite) garantira que personne ne sera laiss\u00e9 pour compte.<\/p>\n<figure data-element-guid=\"f322cee5-2945-4160-8dde-1bd6887e7d66\" data-zoomable=\"1\" class=\"column desktop-floatLeft mobile-floatLeft small-12 large-8 small-abs-12 large-abs-8\">\n<div class=\"content \" style=\"\">\n<div class=\"img fullwidthTarget\">\n            <picture><source  width=\"706\" height=\"551\" media=\"(min-width: 768px)\" type=\"image\/webp\"><source  width=\"706\" height=\"551\" media=\"(min-width: 768px)\" type=\"image\/jpeg\"><source  width=\"480\" height=\"375\" media=\"(max-width: 767px)\" type=\"image\/webp\"><source  width=\"480\" height=\"375\" media=\"(max-width: 767px)\" type=\"image\/jpeg\"><\/source><\/source><\/source><\/source><\/picture>\n                    <\/div>\n<\/p><\/div>\n<\/figure>\n<p>Des inqui\u00e9tudes persistent quant \u00e0 des installations de fibre optique de mauvaise qualit\u00e9, ce qui pousse le r\u00e9gulateur \u00e0 imposer des mesures plus strictes afin de garantir des connexions de bonne qualit\u00e9. Cela comprend, par exemple, l\u2019obligation d\u2019aider un foyer d\u00e9connect\u00e9 \u00e0 \u00e9tablir sa connexion, m\u00eame s\u2019il est avec un autre fournisseur.<\/p>\n<p>En 2025, le potentiel de la fibre optique en France \u00e9tait d\u00e9j\u00e0 consid\u00e9r\u00e9 comme sup\u00e9rieur \u00e0 la moyenne europ\u00e9enne, avec 94 % des foyers \u00e9ligibles \u00e0 la fibre et 80 % d\u00e9j\u00e0 connect\u00e9s \u00e0 ce moment-l\u00e0, a d\u00e9clar\u00e9 l\u2019ann\u00e9e derni\u00e8re la pr\u00e9sidente d\u2019Arcep, Laure de La Raudi\u00e8re.<\/p>\n<p>Les populations en France sont \u00e9galement averties de rester vigilantes face \u00e0 des \u00ab ventes agressives \u00bb de connexions et de forfaits fibre, et de ne pas c\u00e9der aux d\u00e9marcheurs qui pr\u00e9tendent que les personnes qui ne basculent pas imm\u00e9diatement perdront leur connexion ADSL \u00ab le mois prochain \u00bb, ou qu\u2019elles enfreindront la loi si elles ne changent pas. Ce n\u2019est pas vrai.<\/p>\n<h2>Comment v\u00e9rifier l\u2019\u00e9tat de ma connexion ?<\/h2>\n<p>Le site gouvernemental consacr\u00e9 \u00e0 la bascule, <span data-lab-font_weight=\"font-weight-bold\" class=\"font-weight-bold m-font-weight-bold\">treshautdebit.gouv.fr<\/span>, d\u00e9crit quelques \u00e9tapes \u00e0 suivre pour v\u00e9rifier si vous \u00eates concern\u00e9 et quand le basculement peut \u00eatre planifi\u00e9 dans votre secteur.\u00a0<\/p>\n<p>La bascule finira par affecter tout le monde, quel que soit l\u2019op\u00e9rateur avec lequel vous \u00eates (par exemple Orange, SFR, Free, etc.).<\/p>\n<p>Le site sugg\u00e8re :<\/p>\n<ul>\n<li>\n<p><span data-lab-font_weight=\"font-weight-bold\" class=\"font-weight-bold m-font-weight-bold\">V\u00e9rifiez votre facture et votre connexion.<\/span> Votre facture indique-t-elle encore \u00ab ADSL \u00bb ? Utilisez-vous encore un ancien c\u00e2ble \u00ab T \u00bb pour votre connexion ? Vous utilisez probablement encore l\u2019ancien syst\u00e8me.<\/p>\n<\/li>\n<li>\n<p><span data-lab-font_weight=\"font-weight-bold\" class=\"font-weight-bold m-font-weight-bold\">V\u00e9rifiez la date pr\u00e9vue pour votre commune.<\/span> Le calendrier pr\u00e9voit une bascule progressive. Recherchez sur la page du site d\u00e9di\u00e9e \u00e0 votre commune pour trouver la date planifi\u00e9e.<\/p>\n<\/li>\n<li>\n<p><span data-lab-font_weight=\"font-weight-bold\" class=\"font-weight-bold m-font-weight-bold\">Testez votre \u00e9ligibilit\u00e9 \u00e0 la fibre.<\/span> Visitez le site Ma Connexion Internet (g\u00e9r\u00e9 par le r\u00e9gulateur Arcep) pour v\u00e9rifier si votre domicile peut \u00eatre connect\u00e9 (voir la capture d\u2019\u00e9cran du site ci-dessus).<\/p>\n<\/li>\n<li>\n<p><span data-lab-font_weight=\"font-weight-bold\" class=\"font-weight-bold m-font-weight-bold\">Pr\u00e9parez-vous \u00e0 l\u2019avance.<\/span> \u00c0 l\u2019approche de la date de bascule, il est utile de double v\u00e9rifier que votre domicile peut \u00eatre techniquement connect\u00e9, et que les travaux n\u00e9cessaires \u00e0 cette connexion sont termin\u00e9s.<\/p>\n<\/li>\n<li>\n<p><span data-lab-font_weight=\"font-weight-bold\" class=\"font-weight-bold m-font-weight-bold\">Si la fibre n\u2019est pas disponible, envisagez d\u2019autres options.<\/span> Essayez le 4G\/5G fixe, ou le satellite. Dans certaines conditions, vous pourriez b\u00e9n\u00e9ficier d\u2019une aide gouvernementale pour assurer votre connexion.<\/p>\n<\/li>\n<\/ul>\n<p>En cas de doute, contactez votre op\u00e9rateur, ou demandez l\u2019aide du gouvernement pour vous aider, vous et votre commune, \u00e0 vous connecter <span data-lab-font_weight=\"font-weight-bold\" class=\"font-weight-bold m-font-weight-bold\">via le site ici<\/span>. Un guide complet avec plus d\u2019informations sur la mani\u00e8re de se pr\u00e9parer \u00e0 la bascule peut \u00eatre <span data-lab-font_weight=\"font-weight-bold\" class=\"font-weight-bold m-font-weight-bold\">t\u00e9l\u00e9charg\u00e9 depuis le site gouvernemental ici<\/span>.<\/p>\n<p>Vous pouvez \u00e9galement v\u00e9rifier si votre zone dispose d\u2019une connectivit\u00e9 fibre \u2014 ainsi que l\u2019op\u00e9rateur qui exploite la ligne \u2014 \u00e0 travers nos articles pr\u00e9c\u00e9dents ici et ici, et vous pouvez <span data-lab-font_weight=\"font-weight-bold\" class=\"font-weight-bold m-font-weight-bold\">\u00e9galement en savoir plus<\/span> sur l\u2019aide financi\u00e8re qui peut \u00eatre disponible pour faciliter l\u2019installation.<\/p>\n<\/div>\n","protected":false},"excerpt":{"rendered":"<p>L\u2019acc\u00e8s \u00e0 Internet ADSL et les appels t\u00e9l\u00e9phoniques traditionnels ne sont plus possibles dans la plupart de l\u2019Occitanie, dans le sud de la France, alors que l\u2019ancien r\u00e9seau cuivre est progressivement remplac\u00e9 par des connexions en fibre optique. L\u2019op\u00e9rateur de t\u00e9l\u00e9communications Orange, qui orchestre la bascule \u00e0 l\u2019\u00e9chelle nationale pour toutes les connexions, et pas [&hellip;]<\/p>\n","protected":false},"author":1,"featured_media":1527,"comment_status":"open","ping_status":"open","sticky":false,"template":"","format":"standard","meta":{"footnotes":""},"categories":[1],"tags":[443,35,418,261],"class_list":["post-1526","post","type-post","status-publish","format-standard","has-post-thumbnail","hentry","category-non-classe","tag-doivent","tag-les","tag-residents","tag-savoir"],"_links":{"self":[{"href":"https:\/\/www.rachida-dati.eu\/actualites\/wp-json\/wp\/v2\/posts\/1526","targetHints":{"allow":["GET"]}}],"collection":[{"href":"https:\/\/www.rachida-dati.eu\/actualites\/wp-json\/wp\/v2\/posts"}],"about":[{"href":"https:\/\/www.rachida-dati.eu\/actualites\/wp-json\/wp\/v2\/types\/post"}],"author":[{"embeddable":true,"href":"https:\/\/www.rachida-dati.eu\/actualites\/wp-json\/wp\/v2\/users\/1"}],"replies":[{"embeddable":true,"href":"https:\/\/www.rachida-dati.eu\/actualites\/wp-json\/wp\/v2\/comments?post=1526"}],"version-history":[{"count":1,"href":"https:\/\/www.rachida-dati.eu\/actualites\/wp-json\/wp\/v2\/posts\/1526\/revisions"}],"predecessor-version":[{"id":1528,"href":"https:\/\/www.rachida-dati.eu\/actualites\/wp-json\/wp\/v2\/posts\/1526\/revisions\/1528"}],"wp:featuredmedia":[{"embeddable":true,"href":"https:\/\/www.rachida-dati.eu\/actualites\/wp-json\/wp\/v2\/media\/1527"}],"wp:attachment":[{"href":"https:\/\/www.rachida-dati.eu\/actualites\/wp-json\/wp\/v2\/media?parent=1526"}],"wp:term":[{"taxonomy":"category","embeddable":true,"href":"https:\/\/www.rachida-dati.eu\/actualites\/wp-json\/wp\/v2\/categories?post=1526"},{"taxonomy":"post_tag","embeddable":true,"href":"https:\/\/www.rachida-dati.eu\/actualites\/wp-json\/wp\/v2\/tags?post=1526"}],"curies":[{"name":"wp","href":"https:\/\/api.w.org\/{rel}","templated":true}]}}