{"id":1529,"date":"2026-03-09T16:44:04","date_gmt":"2026-03-09T15:44:04","guid":{"rendered":"https:\/\/www.rachida-dati.eu\/actualites\/petition-pour-sauver-curtis-le-chien-de-leuthanasie-obtient-30-000-signatures\/"},"modified":"2026-03-09T16:44:04","modified_gmt":"2026-03-09T15:44:04","slug":"petition-pour-sauver-curtis-le-chien-de-leuthanasie-obtient-30-000-signatures","status":"publish","type":"post","link":"https:\/\/www.rachida-dati.eu\/actualites\/petition-pour-sauver-curtis-le-chien-de-leuthanasie-obtient-30-000-signatures\/","title":{"rendered":"P\u00e9tition pour sauver Curtis le chien de l\u2019euthanasie obtient 30 000 signatures"},"content":{"rendered":"<div data-element-guid=\"7f7332a5-aca0-4fee-9990-ec700b171346\">\n<h2 class=\"subtitle \" style=\"\">Le procureur de la R\u00e9publique recommande d&rsquo;euthanasier Curtis pour \u00e9viter de nouveaux incidents<\/h2>\n<\/p>\n<\/div>\n<div data-element-guid=\"703e8d3e-34c4-4e61-daba-4e0ed905785d\">\n<p><!-- placeholder(#1) --><\/p>\n<p>Une p\u00e9tition visant \u00e0 sauver un chien soup\u00e7onn\u00e9 d&rsquo;avoir tu\u00e9 une femme fran\u00e7aise de l&rsquo;euthanasier a recueilli plus de 30 000 signatures en ligne.<\/p>\n<p>Une audience pr\u00e9liminaire la semaine derni\u00e8re a conduit le procureur de l&rsquo;Aisne \u00e0 recommander que le propri\u00e9taire du chien, Christophe Ellul, soit condamn\u00e9 \u00e0 quatre mois de prison pour l&rsquo;homicide involontaire de sa petite amie Elisa Pilarski en 2019.<\/p>\n<p>\u00c2g\u00e9e de six mois de grossesse, <span data-lab-font_weight=\"font-weight-bold\" class=\"font-weight-bold m-font-weight-bold\">Mme Pilarski a \u00e9t\u00e9 retrouv\u00e9e couverte de morsures dans une for\u00eat de l&rsquo;Aisne<\/span>, apr\u00e8s avoir emmen\u00e9 le chien de M. Ellul, \u00ab Curtis \u00bb, en promenade.<\/p>\n<p>Curtis avait deux ans \u00e0 l&rsquo;\u00e9poque, mais avait d\u00e9j\u00e0 remport\u00e9 des \u00ab comp\u00e9titions de morsure \u00bb avec des experts estimant que M. Ellul avait entra\u00een\u00e9 le chien \u00e0 mordre.<\/p>\n<p>M. Ellul aurait fourni des informations fausses sur la race du chien \u00e0 la police, affirmant qu&rsquo;il s&rsquo;agissait d&rsquo;un croisement patterdale \/ whippet et non d&rsquo;un American Pit Bull Terrier, <span data-lab-font_weight=\"font-weight-bold\" class=\"font-weight-bold m-font-weight-bold\">une race strictement contr\u00f4l\u00e9e en France<\/span> pour laquelle M. Ellul n&rsquo;avait pas l&rsquo;autorisation d&rsquo;importer ou de d\u00e9tenir.<\/p>\n<p>Dans le cadre du proc\u00e8s, le procureur a \u00e9galement recommand\u00e9 d&rsquo;euthanasier Curtis, qui a maintenant huit ans, pour \u00e9viter tout incident suppl\u00e9mentaire.\u00a0<\/p>\n<h2>Accorder une gr\u00e2ce \u00e0 Curtis ne signifie pas ignorer les faits<\/h2>\n<p>En r\u00e9ponse, une p\u00e9tition en ligne demandant la gr\u00e2ce pour Curtis a \u00e9t\u00e9 lanc\u00e9e et, au 9 mars, elle avait recueilli plus de 31 000 signatures.<\/p>\n<p>Intitul\u00e9e \u00ab Gr\u00e2ce pour Curtis \u00bb (a pardon for Curtis), elle est rapidement devenue tr\u00e8s populaire.<\/p>\n<p>\u00ab Curtis a maintenant huit ans et demi. Lorsqu&rsquo;il a \u00e9t\u00e9 plac\u00e9 en d\u00e9tention, il n&rsquo;avait que deux ans. Depuis ce jour, il a v\u00e9cu enferm\u00e9 pendant plus de six ans, priv\u00e9 de sa libert\u00e9 et attendant une d\u00e9cision qui pourrait lui co\u00fbter la vie, \u00bb indique la p\u00e9tition.<\/p>\n<p>\u00ab Accorder une gr\u00e2ce \u00e0 Curtis ne signifie pas ignorer les faits. \u00bb<\/p>\n<p>\u00ab Une alternative s\u00e9rieuse, responsable et s\u00fbre \u00bb est possible, des groupes de d\u00e9fense des animaux proposant d&rsquo;accueillir Curtis.<\/p>\n<p>\u00ab L&rsquo;association AVA (Act for Animal Life), reconnue pour son engagement et son expertise en protection animale, a officiellement propos\u00e9 d&rsquo;accueillir Curtis \u00e0 vie dans son sanctuaire s\u00e9curis\u00e9. \u00bb<\/p>\n<p>\u00ab Ce sanctuaire dispose d&rsquo;installations sp\u00e9cialement adapt\u00e9es pour les animaux n\u00e9cessitant des soins particuliers ; des \u00e9quipes professionnelles exp\u00e9riment\u00e9es ; et des protocoles stricts garantissant la s\u00e9curit\u00e9 du public, du personnel et de l&rsquo;animal. \u00bb<\/p>\n<p>Des centaines de commentaires en soutien \u00e0 Curtis ont \u00e9t\u00e9 laiss\u00e9s sur la page, nombreux \u00e0 apporter leur soutien \u00e0 un chien qu&rsquo;ils estiment avoir \u00e9t\u00e9 maltrait\u00e9 \u00e0 la fois par son propri\u00e9taire et par les autorit\u00e9s.<\/p>\n<p>Les commentaires \u00e9voquent une opposition morale \u00e0 l&rsquo;euthanasie, la jugeant cruelle.<\/p>\n<p>Certains se rangent du c\u00f4t\u00e9 des arguments de M. Ellul qui soutient que Mme Pilarski a \u00e9t\u00e9 mordue par des chiens prenant part \u00e0 une chasse dans la for\u00eat malgr\u00e9 les rapports contraire.<\/p>\n<p>Une d\u00e9cision du tribunal est attendue le 11 juin.\u00a0<\/p>\n<\/div>\n","protected":false},"excerpt":{"rendered":"<p>Le procureur de la R\u00e9publique recommande d&rsquo;euthanasier Curtis pour \u00e9viter de nouveaux incidents Une p\u00e9tition visant \u00e0 sauver un chien soup\u00e7onn\u00e9 d&rsquo;avoir tu\u00e9 une femme fran\u00e7aise de l&rsquo;euthanasier a recueilli plus de 30 000 signatures en ligne. Une audience pr\u00e9liminaire la semaine derni\u00e8re a conduit le procureur de l&rsquo;Aisne \u00e0 recommander que le propri\u00e9taire du [&hellip;]<\/p>\n","protected":false},"author":1,"featured_media":1530,"comment_status":"open","ping_status":"open","sticky":false,"template":"","format":"standard","meta":{"footnotes":""},"categories":[1],"tags":[1792,1791,1793,666,262,39,1790,1794],"class_list":["post-1529","post","type-post","status-publish","format-standard","has-post-thumbnail","hentry","category-non-classe","tag-chien","tag-curtis","tag-leuthanasie","tag-obtient","tag-petition","tag-pour","tag-sauver","tag-signatures"],"_links":{"self":[{"href":"https:\/\/www.rachida-dati.eu\/actualites\/wp-json\/wp\/v2\/posts\/1529","targetHints":{"allow":["GET"]}}],"collection":[{"href":"https:\/\/www.rachida-dati.eu\/actualites\/wp-json\/wp\/v2\/posts"}],"about":[{"href":"https:\/\/www.rachida-dati.eu\/actualites\/wp-json\/wp\/v2\/types\/post"}],"author":[{"embeddable":true,"href":"https:\/\/www.rachida-dati.eu\/actualites\/wp-json\/wp\/v2\/users\/1"}],"replies":[{"embeddable":true,"href":"https:\/\/www.rachida-dati.eu\/actualites\/wp-json\/wp\/v2\/comments?post=1529"}],"version-history":[{"count":1,"href":"https:\/\/www.rachida-dati.eu\/actualites\/wp-json\/wp\/v2\/posts\/1529\/revisions"}],"predecessor-version":[{"id":1531,"href":"https:\/\/www.rachida-dati.eu\/actualites\/wp-json\/wp\/v2\/posts\/1529\/revisions\/1531"}],"wp:featuredmedia":[{"embeddable":true,"href":"https:\/\/www.rachida-dati.eu\/actualites\/wp-json\/wp\/v2\/media\/1530"}],"wp:attachment":[{"href":"https:\/\/www.rachida-dati.eu\/actualites\/wp-json\/wp\/v2\/media?parent=1529"}],"wp:term":[{"taxonomy":"category","embeddable":true,"href":"https:\/\/www.rachida-dati.eu\/actualites\/wp-json\/wp\/v2\/categories?post=1529"},{"taxonomy":"post_tag","embeddable":true,"href":"https:\/\/www.rachida-dati.eu\/actualites\/wp-json\/wp\/v2\/tags?post=1529"}],"curies":[{"name":"wp","href":"https:\/\/api.w.org\/{rel}","templated":true}]}}