{"id":1532,"date":"2026-03-09T21:45:30","date_gmt":"2026-03-09T20:45:30","guid":{"rendered":"https:\/\/www.rachida-dati.eu\/actualites\/alerte-pollution-de-lair-dans-le-nord-de-la-france-niveaux-eleves-de-particules-fines\/"},"modified":"2026-03-09T21:45:30","modified_gmt":"2026-03-09T20:45:30","slug":"alerte-pollution-de-lair-dans-le-nord-de-la-france-niveaux-eleves-de-particules-fines","status":"publish","type":"post","link":"https:\/\/www.rachida-dati.eu\/actualites\/alerte-pollution-de-lair-dans-le-nord-de-la-france-niveaux-eleves-de-particules-fines\/","title":{"rendered":"Alerte pollution de l&rsquo;air dans le nord de la France : niveaux \u00e9lev\u00e9s de particules fines"},"content":{"rendered":"<div data-element-guid=\"7f7332a5-aca0-4fee-9990-ec700b171346\">\n<h2 class=\"subtitle \" style=\"\">Un pic de particules fines met plusieurs d\u00e9partements en alerte<\/h2>\n<div class=\"caption \" data-showmore=\"Show more\"><\/div>\n<\/div>\n<div data-element-guid=\"b04a002b-f5da-4fdc-a24f-b08082092813\">\n<p><!-- placeholder(#1) --><\/p>\n<p>Avertissements concernant des niveaux de pollution accrus dans le nord de la France se poursuivent (9 mars), apr\u00e8s une baisse de la qualit\u00e9 de l\u2019air observ\u00e9e ce week-end.<\/p>\n<p>Le d\u00e9partement du Nord pr\u00e9sente aujourd\u2019hui le risque le plus \u00e9lev\u00e9, niveau cinq sur six (tr\u00e8s mauvais) sur l\u2019\u00e9chelle officielle AtmoFrance, qui classe la qualit\u00e9 de l\u2019air de bon \u00e0 extr\u00eamement mauvais.<\/p>\n<p>Plusieurs autres d\u00e9partements du nord affichent l\u2019avertissement du troisi\u00e8me niveau le plus \u00e9lev\u00e9 (mauvais) \u2013 l\u2019Eure, la Seine-Maritime, l\u2019Eure-et-Loir, le Loiret et les zones c\u00f4ti\u00e8res du Pas-de-Calais \u2013 tandis que plus d\u2019une trentaine d\u2019autres sont en alerte de niveau trois sur six (d\u00e9grad\u00e9).<\/p>\n<p>Les alertes concernent la pr\u00e9sence de particules fines (PM2,5) dans l\u2019atmosph\u00e8re, bien que plusieurs r\u00e9gions enregistrent \u00e9galement un niveau plus \u00e9lev\u00e9 de particules PM10.<\/p>\n<p>Inhaler ces particules peut provoquer plusieurs probl\u00e8mes \u00e0 court terme, notamment des troubles respiratoires et cardiaques (les plus petites des polluants peuvent p\u00e9n\u00e9trer dans le sang), et une exposition prolong\u00e9e augmente le risque de probl\u00e8mes de sant\u00e9 \u00e0 long terme.<\/p>\n<p>Les risques sont plus \u00e9lev\u00e9s pour les personnes souffrant de probl\u00e8mes respiratoires existants ou d\u2019autres soucis de sant\u00e9.<\/p>\n<p>\u00c0 08h00 lundi, aucune modification de r\u00e8gle n\u2019est en place en raison de la pollution (les hausses de particules dans l\u2019atmosph\u00e8re entra\u00eenent parfois une r\u00e9duction des limitations de vitesse, comme ce fut le cas en Normandie en 2025).<\/p>\n<p>Les habitants sont toutefois pri\u00e9s d\u2019\u00e9viter d\u2019inhaler les polluants lorsque cela est possible en \u00e9vitant les zones pr\u00e9sentant des niveaux de pollution plus \u00e9lev\u00e9s (bords de route, chantiers, etc.). Ceux qui souffrent de probl\u00e8mes respiratoires ou d\u2019autres conditions de sant\u00e9 devraient rester \u00e0 l\u2019int\u00e9rieur lorsque cela est possible.<\/p>\n<h2>Quelles sont les causes de cette pollution et cela va-t-il continuer ?<\/h2>\n<p>La hausse de pollution est enregistr\u00e9e dans une grande partie de l\u2019Europe du Nord, dans le sud de l\u2019Angleterre et en Belgique\/aux Pays-Bas.<\/p>\n<p>Les particules fines proviennent principalement de chantiers de construction et de d\u00e9molition, ainsi que des autoroutes et des zones o\u00f9 la circulation est dense (d\u2019o\u00f9 la r\u00e9duction de vitesse lors des pics de pollution).<\/p>\n<p>Elles proviennent aussi du secteur r\u00e9sidentiel, li\u00e9 \u00e0 des polluants provenant de sources de chauffage non \u00e9co\u00e9nerg\u00e9tiques et de d\u00e9chets biomasse.<\/p>\n<p>Le probl\u00e8me est g\u00e9n\u00e9ralement plus marqu\u00e9 en hiver, lorsque l\u2019air froid et sec se combine pour pi\u00e9ger puis retenir les particules polluantes dans l\u2019atmosph\u00e8re plus longtemps, augmentant ainsi l\u2019exposition (en particulier pour les personnes pr\u00e8s des chantiers ou des grandes routes).<\/p>\n<p>Au fur et \u00e0 mesure que la semaine avance, la pollution dans le nord devrait diminuer, bien que les niveaux de pollution PM10 augmenteront le long de la Vall\u00e9e de la Loire.<\/p>\n<p>Le site officiel AtmoFrance propose une mise \u00e0 jour quotidienne des niveaux de pollution \u00e0 travers la France. Outre une <span data-lab-font_weight=\"font-weight-bold\" class=\"font-weight-bold m-font-weight-bold\">carte interactive<\/span>, vous pouvez rechercher les niveaux de pollution (et de pollen) dans votre commune.<\/p>\n<p>Le site Prev\u2019Air <span data-lab-font_weight=\"font-weight-bold\" class=\"font-weight-bold m-font-weight-bold\">site Internet<\/span> propose une carte similaire, ainsi que davantage d\u2019informations sur les particules polluantes et leurs effets.<\/p>\n<\/div>\n","protected":false},"excerpt":{"rendered":"<p>Un pic de particules fines met plusieurs d\u00e9partements en alerte Avertissements concernant des niveaux de pollution accrus dans le nord de la France se poursuivent (9 mars), apr\u00e8s une baisse de la qualit\u00e9 de l\u2019air observ\u00e9e ce week-end. Le d\u00e9partement du Nord pr\u00e9sente aujourd\u2019hui le risque le plus \u00e9lev\u00e9, niveau cinq sur six (tr\u00e8s mauvais) [&hellip;]<\/p>\n","protected":false},"author":1,"featured_media":1533,"comment_status":"open","ping_status":"open","sticky":false,"template":"","format":"standard","meta":{"footnotes":""},"categories":[1],"tags":[558,50,547,1797,37,1197,1795,1786,1796,1196],"class_list":["post-1532","post","type-post","status-publish","format-standard","has-post-thumbnail","hentry","category-non-classe","tag-alerte","tag-dans","tag-eleves","tag-fines","tag-france","tag-lair","tag-niveaux","tag-nord","tag-particules","tag-pollution"],"_links":{"self":[{"href":"https:\/\/www.rachida-dati.eu\/actualites\/wp-json\/wp\/v2\/posts\/1532","targetHints":{"allow":["GET"]}}],"collection":[{"href":"https:\/\/www.rachida-dati.eu\/actualites\/wp-json\/wp\/v2\/posts"}],"about":[{"href":"https:\/\/www.rachida-dati.eu\/actualites\/wp-json\/wp\/v2\/types\/post"}],"author":[{"embeddable":true,"href":"https:\/\/www.rachida-dati.eu\/actualites\/wp-json\/wp\/v2\/users\/1"}],"replies":[{"embeddable":true,"href":"https:\/\/www.rachida-dati.eu\/actualites\/wp-json\/wp\/v2\/comments?post=1532"}],"version-history":[{"count":1,"href":"https:\/\/www.rachida-dati.eu\/actualites\/wp-json\/wp\/v2\/posts\/1532\/revisions"}],"predecessor-version":[{"id":1534,"href":"https:\/\/www.rachida-dati.eu\/actualites\/wp-json\/wp\/v2\/posts\/1532\/revisions\/1534"}],"wp:featuredmedia":[{"embeddable":true,"href":"https:\/\/www.rachida-dati.eu\/actualites\/wp-json\/wp\/v2\/media\/1533"}],"wp:attachment":[{"href":"https:\/\/www.rachida-dati.eu\/actualites\/wp-json\/wp\/v2\/media?parent=1532"}],"wp:term":[{"taxonomy":"category","embeddable":true,"href":"https:\/\/www.rachida-dati.eu\/actualites\/wp-json\/wp\/v2\/categories?post=1532"},{"taxonomy":"post_tag","embeddable":true,"href":"https:\/\/www.rachida-dati.eu\/actualites\/wp-json\/wp\/v2\/tags?post=1532"}],"curies":[{"name":"wp","href":"https:\/\/api.w.org\/{rel}","templated":true}]}}