{"id":1535,"date":"2026-03-10T03:43:40","date_gmt":"2026-03-10T02:43:40","guid":{"rendered":"https:\/\/www.rachida-dati.eu\/actualites\/la-pluie-et-le-vent-balayeront-le-pays\/"},"modified":"2026-03-10T03:43:40","modified_gmt":"2026-03-10T02:43:40","slug":"la-pluie-et-le-vent-balayeront-le-pays","status":"publish","type":"post","link":"https:\/\/www.rachida-dati.eu\/actualites\/la-pluie-et-le-vent-balayeront-le-pays\/","title":{"rendered":"La pluie et le vent balayeront le pays"},"content":{"rendered":"<div data-element-guid=\"7f7332a5-aca0-4fee-9990-ec700b171346\">\n<h2 class=\"subtitle \" style=\"\">Les temp\u00e9ratures resteront au-dessus de la moyenne avant de chuter durant le week-end<\/h2>\n<\/p>\n<\/div>\n<div data-element-guid=\"9b2bed11-76d3-4116-a912-d18024c7c4fd\">\n<p><!-- placeholder(#1) --><\/p>\n<p>Des conditions cl\u00e9mentes au d\u00e9but de la semaine seront progressivement remplac\u00e9es par la pluie et le vent, couvrant l\u2019ensemble de la France \u00e0 un moment ou \u00e0 un autre.<\/p>\n<p>Une forte pouss\u00e9e de pluies \u2013 qui \u00e9tait initialement pr\u00e9vue pour le d\u00e9but de la semaine \u2013 devrait d\u00e9sormais balayer la France mercredi.<\/p>\n<p>Les temp\u00e9ratures devraient rester au\u2011dessus de la moyenne tout au long de la semaine, mais elles devraient chuter fortement pendant le week-end, certaines zones enregistrant des baisses sup\u00e9rieures \u00e0 10 \u00b0C au cours des sept jours.<\/p>\n<h2>Lundi 9 mars<\/h2>\n<p>Des pluies sont pr\u00e9vues le long de la M\u00e9diterran\u00e9e et jusqu&rsquo;aux C\u00e9vennes et aux Alpes du Sud, susceptible de se transformer en orages.<\/p>\n<p>Les alertes renforc\u00e9es n&rsquo;ont pas \u00e9t\u00e9 d\u00e9clench\u00e9es, mais les pr\u00e9cipitations pourraient \u00eatre intenses dans certaines zones.<\/p>\n<div data-element-guid=\"fd08ad90-9969-4147-b132-b49e0caeb07c\" id=\"markup_775262\" class=\"markupbox column desktop-floatLeft mobile-floatLeft small-12 large-8 small-abs-12 large-abs-8\">\n<div class=\"content fullwidthTarget\" style=\"\">\n<blockquote class=\"twitter-tweet\">\n<p lang=\"fr\" dir=\"ltr\">\ud83c\udf27\ufe0f\u26c8\ufe0f Des remont\u00e9es instables pluvio-orageuses se mettent en place sur le Languedoc et la basse vall\u00e9e du Rh\u00f4ne depuis cette nuit, avec quelques coups de tonnerre. D&rsquo;autres averses orageuses pourront concerner la r\u00e9gion PACA au cours de la journ\u00e9e. <a rel=\"nofollow\" href=\"https:\/\/twitter.com\/hashtag\/orage?src=hash&amp;ref_src=twsrc%5Etfw\">#orage<\/a> <a rel=\"nofollow\" href=\"https:\/\/t.co\/a1SfLmYwrd\">pic.twitter.com\/a1SfLmYwrd<\/a><\/p>\n<p>\u2014 La Cha\u00eene M\u00e9t\u00e9o (@lachainemeteo) <a rel=\"nofollow\" href=\"https:\/\/twitter.com\/lachainemeteo\/status\/2030900275871899707?ref_src=twsrc%5Etfw\">March 9, 2026<\/a><\/p><\/blockquote><\/div>\n<\/div>\n<p>Ailleurs, des averses br\u00e8ves en Bretagne et dans le centre de la France restent une exception, le reste du pays demeurant sec, bien que nuageux.<\/p>\n<p>Le nord b\u00e9n\u00e9ficiera du plus grand soleil et restera l\u00e9g\u00e8rement plus chaud que le sud avec des maximales autour de 17 \u00b0C \u00e0 18 \u00b0C.<\/p>\n<p>En comparaison, les maximales dans le sud n&rsquo;atteignent que 14 \u00b0C \u00e0 16 \u00b0C (bien que Bordeaux et Biarritz puissent bri\u00e8vement atteindre 17 \u00b0C).<\/p>\n<h2>Mardi 10 mars<\/h2>\n<p>Des orages se dissiperont dans le sud, mais les nappes de pluie remonteront vers le nord, laissant une grande partie de l&rsquo;est et du centre de la France expos\u00e9e \u00e0 des averses.<\/p>\n<p>Cependant, ce ne seront que des bruines faibles et il est peu probable qu&rsquo;elles tombent longtemps, limitant leur impact.<\/p>\n<p>Le nord restera sec, bien que plus nuageux que le week-end, et le sud-ouest devrait \u00e9galement \u00eatre \u00e9pargn\u00e9.<\/p>\n<p>Les temp\u00e9ratures chuteront, avec des maximales de 13 \u00b0C \u00e0 16 \u00b0C du sud au nord (le nord restant plus chaud que le sud).<\/p>\n<h2>Mercredi 11 mars<\/h2>\n<p>Un puissant sch\u00e9ma m\u00e9t\u00e9orologique se d\u00e9versera depuis l&rsquo;Atlantique, apportant de la pluie \u00e0 la majeure partie de la France.<\/p>\n<p>Alors que certaines parties de la c\u00f4te m\u00e9diterran\u00e9enne centrale pourraient rester s\u00e8ches, des pr\u00e9cipitations sont pr\u00e9vues presque partout ailleurs, de la Riviera et Pays-Basque \u00e0 Lille et Strasbourg.<\/p>\n<p>La Bretagne et la Normandie pourraient \u00eatre \u00e9pargn\u00e9es, n&rsquo;enregistrant que des averses, en \u00e9vitant les pluies plus fortes ailleurs, et profiter du soleil le plus pr\u00e9sent de mercredi.<\/p>\n<p>Il est incertain que la pluie soit suffisamment forte pour entra\u00eener des alertes m\u00e9t\u00e9orologiques accrues, en particulier dans les zones r\u00e9cemment inond\u00e9es.<\/p>\n<p>Il est conseill\u00e9 de v\u00e9rifier les alertes m\u00e9t\u00e9orologiques locales mercredi pour une mise \u00e0 jour.<\/p>\n<p>Les temp\u00e9ratures resteront autour des niveaux de mardi malgr\u00e9 la pluie.<\/p>\n<h2>Jeudi 12 mars<\/h2>\n<p>Un bref retour d&rsquo;un syst\u00e8me de vent de haute pression des A\u00e7ores apportera le calme en France, les averses restant limit\u00e9es \u00e0 la Bretagne c\u00f4ti\u00e8re.<\/p>\n<p>Un soleil est pr\u00e9vu sur l&rsquo;ensemble du pays, en particulier dans le sud, avec des nuages \u00e9pars dans le nord.<\/p>\n<p>Au fur et \u00e0 mesure de la soir\u00e9e, toutefois, les vents deviendront progressivement plus forts dans le nord, et tard dans la nuit (\u00e9ventuellement jusqu&rsquo;\u00e0 vendredi matin), la pluie reviendra de l&rsquo;Atlantique vers le nord.<\/p>\n<h2>Vendredi 13 mars<\/h2>\n<p>Cette pluie balaiera le nord et le centre de la France, couvrant \u00e0 nouveau presque tout le pays sauf la M\u00e9diterran\u00e9e et peut-\u00eatre la Riviera.<\/p>\n<p>Les temp\u00e9ratures chuteront davantage, atteignant environ 9 \u00b0C &#8211; 11 \u00b0C dans le nord et 13 \u00b0C &#8211; 15 \u00b0C dans le sud.<\/p>\n<p>Les pr\u00e9visions pr\u00e9coces pour le week-end pr\u00e9voient une nouvelle chute des temp\u00e9ratures, les pla\u00e7ant en dessous des normales pour la premi\u00e8re fois depuis plus d&rsquo;un mois.<\/p>\n<div data-element-guid=\"c1b3143a-cb79-46a3-a400-fcda47ba6861\" id=\"markup_775263\" class=\"markupbox column desktop-floatLeft mobile-floatLeft small-12 large-8 small-abs-12 large-abs-8\">\n<div class=\"content fullwidthTarget\" style=\"\">\n<blockquote class=\"twitter-tweet\">\n<p lang=\"fr\" dir=\"ltr\">\ud83c\udf21\ufe0fM\u00eame si l&rsquo;\u00e9ch\u00e9ance est encore lointaine et peut \u00e9voluer d&rsquo;ici l\u00e0, il semble qu&rsquo;on se dirige vers un <a rel=\"nofollow\" href=\"https:\/\/twitter.com\/hashtag\/refroidissement?src=hash&amp;ref_src=twsrc%5Etfw\">#refroidissement<\/a> \ud83e\udd76 en fin de semaine avec le retour d&rsquo;un temps <a rel=\"nofollow\" href=\"https:\/\/twitter.com\/hashtag\/hivernal?src=hash&amp;ref_src=twsrc%5Etfw\">#hivernal<\/a>. Les temp\u00e9ratures passeraient sous les normales, ce qui n&rsquo;est plus arriv\u00e9 depuis le 11 janvier dernier. <a rel=\"nofollow\" href=\"https:\/\/t.co\/xAB4frOpjR\">pic.twitter.com\/xAB4frOpjR<\/a><\/p>\n<p>\u2014 La Cha\u00eene M\u00e9t\u00e9o (@lachainemeteo) <a rel=\"nofollow\" href=\"https:\/\/twitter.com\/lachainemeteo\/status\/2030564634139177307?ref_src=twsrc%5Etfw\">March 8, 2026<\/a><\/p><\/blockquote><\/div>\n<\/div>\n<\/div>\n<p><script async src=\"https:\/\/platform.twitter.com\/widgets.js\" charset=\"utf-8\"><\/script><\/p>\n","protected":false},"excerpt":{"rendered":"<p>Les temp\u00e9ratures resteront au-dessus de la moyenne avant de chuter durant le week-end Des conditions cl\u00e9mentes au d\u00e9but de la semaine seront progressivement remplac\u00e9es par la pluie et le vent, couvrant l\u2019ensemble de la France \u00e0 un moment ou \u00e0 un autre. Une forte pouss\u00e9e de pluies \u2013 qui \u00e9tait initialement pr\u00e9vue pour le d\u00e9but [&hellip;]<\/p>\n","protected":false},"author":1,"featured_media":1536,"comment_status":"open","ping_status":"open","sticky":false,"template":"","format":"standard","meta":{"footnotes":""},"categories":[1],"tags":[1798,864,68,1450],"class_list":["post-1535","post","type-post","status-publish","format-standard","has-post-thumbnail","hentry","category-non-classe","tag-balayeront","tag-pays","tag-pluie","tag-vent"],"_links":{"self":[{"href":"https:\/\/www.rachida-dati.eu\/actualites\/wp-json\/wp\/v2\/posts\/1535","targetHints":{"allow":["GET"]}}],"collection":[{"href":"https:\/\/www.rachida-dati.eu\/actualites\/wp-json\/wp\/v2\/posts"}],"about":[{"href":"https:\/\/www.rachida-dati.eu\/actualites\/wp-json\/wp\/v2\/types\/post"}],"author":[{"embeddable":true,"href":"https:\/\/www.rachida-dati.eu\/actualites\/wp-json\/wp\/v2\/users\/1"}],"replies":[{"embeddable":true,"href":"https:\/\/www.rachida-dati.eu\/actualites\/wp-json\/wp\/v2\/comments?post=1535"}],"version-history":[{"count":1,"href":"https:\/\/www.rachida-dati.eu\/actualites\/wp-json\/wp\/v2\/posts\/1535\/revisions"}],"predecessor-version":[{"id":1537,"href":"https:\/\/www.rachida-dati.eu\/actualites\/wp-json\/wp\/v2\/posts\/1535\/revisions\/1537"}],"wp:featuredmedia":[{"embeddable":true,"href":"https:\/\/www.rachida-dati.eu\/actualites\/wp-json\/wp\/v2\/media\/1536"}],"wp:attachment":[{"href":"https:\/\/www.rachida-dati.eu\/actualites\/wp-json\/wp\/v2\/media?parent=1535"}],"wp:term":[{"taxonomy":"category","embeddable":true,"href":"https:\/\/www.rachida-dati.eu\/actualites\/wp-json\/wp\/v2\/categories?post=1535"},{"taxonomy":"post_tag","embeddable":true,"href":"https:\/\/www.rachida-dati.eu\/actualites\/wp-json\/wp\/v2\/tags?post=1535"}],"curies":[{"name":"wp","href":"https:\/\/api.w.org\/{rel}","templated":true}]}}