{"id":1538,"date":"2026-03-10T08:46:17","date_gmt":"2026-03-10T07:46:17","guid":{"rendered":"https:\/\/www.rachida-dati.eu\/actualites\/celebration-de-19-femmes-francaises-inspirantes-pour-la-journee-internationale-des-droits-des-femmes\/"},"modified":"2026-03-10T08:46:17","modified_gmt":"2026-03-10T07:46:17","slug":"celebration-de-19-femmes-francaises-inspirantes-pour-la-journee-internationale-des-droits-des-femmes","status":"publish","type":"post","link":"https:\/\/www.rachida-dati.eu\/actualites\/celebration-de-19-femmes-francaises-inspirantes-pour-la-journee-internationale-des-droits-des-femmes\/","title":{"rendered":"C\u00e9l\u00e9bration de 19 femmes fran\u00e7aises inspirantes pour la Journ\u00e9e internationale des droits des femmes"},"content":{"rendered":"<div data-element-guid=\"7f7332a5-aca0-4fee-9990-ec700b171346\">\n<h2 class=\"subtitle \" style=\"\">Samantha David se penche sur la vie et l&rsquo;\u0153uvre des femmes qu&rsquo;elle admire &#8211; \u00e0 qui ajouteriez-vous \u00e0 la liste ?<\/h2>\n<\/p>\n<\/div>\n<div data-element-guid=\"bc9139b2-b964-4c1d-8cbf-ba69dd976b3c\">\n<p><!-- placeholder(#1) --><\/p>\n<p>Pour c\u00e9l\u00e9brer les femmes fran\u00e7aises inspirantes, voici une liste personnelle de femmes que j&rsquo;admire, sans ordre particulier.<\/p>\n<p>Toutes sont vivantes, et j&rsquo;ai exclu les actrices, chanteuses, mannequins, passionn\u00e9es de mode et c\u00e9l\u00e9brit\u00e9s. J&rsquo;ai choisi des femmes d&rsquo;affaires, des juges, des m\u00e9decins, des scientifiques, des politiciennes, des Olympiennes, une pilote, une astronaute et une romanci\u00e8re.<\/p>\n<h3><strong> Eva Joly <br \/><\/strong><\/h3>\n<p><strong\/> Eva Joly est juge d&rsquo;instruction et femme politique \u00e9cologiste qui a \u00e9t\u00e9 d\u00e9put\u00e9e europ\u00e9enne de 2009 \u00e0 2019. En tant que juge d&rsquo;instruction \u00e0 Paris, elle a poursuivi d&rsquo;importantes affaires de corruption impliquant des personnalit\u00e9s telles que l&rsquo;ancien ministre Bernard Tapie et la banque Cr\u00e9dit Lyonnais. Elle a \u00e9galement d\u00e9voil\u00e9 une fraude g\u00e9n\u00e9ralis\u00e9e chez Elf Aquitaine, m\u00eame apr\u00e8s avoir re\u00e7u des menaces de mort. <\/p>\n<div data-element-guid=\"8344e98e-52a1-49c8-ad8a-cba30976622b\" id=\"markup_772001\" class=\"markupbox column desktop-floatLeft mobile-floatLeft small-12 large-8 small-abs-12 large-abs-8\">\n<p>            <iframe loading=\"lazy\" title=\"Eva Joly - Campagne pr\u00e9sidentielle 2012 | Archive INA\" width=\"500\" height=\"281\" src=\"https:\/\/www.youtube.com\/embed\/NibwIm_oho4?feature=oembed\" frameborder=\"0\" allow=\"accelerometer; autoplay; clipboard-write; encrypted-media; gyroscope; picture-in-picture; web-share\" referrerpolicy=\"strict-origin-when-cross-origin\" allowfullscreen><\/iframe><\/p>\n<\/div>\n<h3><strong> Fr\u00e9d\u00e9rique Vidal <br \/><\/strong><\/h3>\n<p><strong><span data-lab-font_weight=\"font-weight-normal\" class=\"font-weight-normal m-font-weight-normal\">Fr\u00e9d\u00e9rique Vidal<\/span><\/strong> est biotechnologue, administratrice acad\u00e9mique et politicienne. Pr\u00e9sidente de l\u2019Universit\u00e9 Nice-Sophia-Antipolis de 2012 \u00e0 2017, elle a \u00e9galement \u00e9t\u00e9 Ministre de l\u2019Enseignement sup\u00e9rieur, de la Recherche et de l\u2019Innovation de 2017 \u00e0 2022.<\/p>\n<h3><strong> Patricia Barbizet\u00a0<\/strong><\/h3>\n<p><strong><span data-lab-font_weight=\"font-weight-normal\" class=\"font-weight-normal m-font-weight-normal\">Patricia Barbizet<\/span><\/strong> est une femme d&rsquo;affaires dont la carri\u00e8re illustre s&rsquo;est culmin\u00e9e par son accession au poste de premi\u00e8re directrice g\u00e9n\u00e9rale de la maison Christie&rsquo;s de 2014 \u00e0 2016, et Directrice Ex\u00e9cutive du Groupe Art\u00e9mis de 1992 \u00e0 2017.<\/p>\n<h3 class=\"font-weight-bold m-font-weight-bold\" data-lab-font_weight=\"font-weight-bold\">Christiane Taubira<\/h3>\n<p>Christiane Taubira, face \u00e0 des insultes racistes et misogynes constantes et violentes, en tant que ministre de la Justice de 2012 \u00e0 2016 a \u0153uvr\u00e9 pour rendre l\u00e9gal le mariage entre personnes du m\u00eame sexe et l&rsquo;adoption. Taubira a remport\u00e9 la \u00ab primature populaire \u00bb con\u00e7ue pour d\u00e9signer un seul candidat de gauche \u00e0 l&rsquo;\u00e9lection pr\u00e9sidentielle en janvier 2022, mais elle n&rsquo;a pas r\u00e9ussi \u00e0 obtenir les 500 signatures d&rsquo;\u00e9lus n\u00e9cessaires pour se qualifier pour le premier tour.<\/p>\n<div data-element-guid=\"79d3c052-082c-4463-9706-4b0036abc045\" id=\"markup_772002\" class=\"markupbox column small-12 large-12 small-abs-12 large-abs-12\">\n<p>            <iframe loading=\"lazy\" title=\"Merci pour votre confiance, continuons la mobilisation !\" width=\"500\" height=\"281\" src=\"https:\/\/www.youtube.com\/embed\/FzYBNCrPUyQ?feature=oembed\" frameborder=\"0\" allow=\"accelerometer; autoplay; clipboard-write; encrypted-media; gyroscope; picture-in-picture; web-share\" referrerpolicy=\"strict-origin-when-cross-origin\" allowfullscreen><\/iframe><\/p>\n<\/div>\n<h3><strong> Martine Abbou <br \/><\/strong><\/h3>\n<p><strong><span data-lab-font_weight=\"font-weight-normal\" class=\"font-weight-normal m-font-weight-normal\">Martine Abbou<\/span><\/strong> a commenc\u00e9 sa carri\u00e8re en tant que cofondatrice du magazine &lsquo;<span data-lab-italic=\"italic\" class=\"italic m-italic\">Journal de l&rsquo;automobile<\/span>&lsquo;, puis a travaill\u00e9 \u00e0 la Chambre de commerce de Paris. F\u00e9ministe engag\u00e9e, elle a fond\u00e9 le r\u00e9seau Wimadame pour soutenir les femmes entrepreneures.<\/p>\n<h3><strong> Nathalie Balla <br \/><\/strong><\/h3>\n<p><strong><span data-lab-font_weight=\"font-weight-normal\" class=\"font-weight-normal m-font-weight-normal\">Nathalie Balla<\/span><\/strong> est co-PDG de la marque de v\u00eatements et de d\u00e9coration La Redoute, et a cofonda le collectif Sista en 2018 pour promouvoir les femmes dans les m\u00e9tiers du num\u00e9rique.<\/p>\n<h3><strong> Marie Bochet <br \/><\/strong><\/h3>\n<p><strong><span data-lab-font_weight=\"font-weight-normal\" class=\"font-weight-normal m-font-weight-normal\">Marie Bochet<\/span><\/strong>, n\u00e9e sans avant-bras gauche, a remport\u00e9 quatre m\u00e9dailles d&rsquo;or lors des Jeux paralympiques d&rsquo;hiver de 2014, puis quatre autres m\u00e9dailles d&rsquo;or lors des Jeux paralympiques d&rsquo;hiver de 2018. Elle est aujourd&rsquo;hui membre du Comit\u00e9 international paralympique.<\/p>\n<div data-element-guid=\"f2b3f810-bfd5-47e7-974c-4091fc00288a\" id=\"markup_772000\" class=\"markupbox column small-12 large-12 small-abs-12 large-abs-12\">\n<p>            <iframe loading=\"lazy\" title=\"Marie Bouchet: My Proud Paralympian Story\" width=\"500\" height=\"281\" src=\"https:\/\/www.youtube.com\/embed\/YpKjESW9q50?feature=oembed\" frameborder=\"0\" allow=\"accelerometer; autoplay; clipboard-write; encrypted-media; gyroscope; picture-in-picture; web-share\" referrerpolicy=\"strict-origin-when-cross-origin\" allowfullscreen><\/iframe><\/p>\n<\/div>\n<h3 class=\"font-weight-bold m-font-weight-bold\" data-lab-font_weight=\"font-weight-bold\"><strong> Nathalie Katia Boy de la Tour <br \/><\/strong><\/h3>\n<p> Nathalie Katia Boy de la Tour a \u00e9t\u00e9 pr\u00e9sidente de la Ligue de Football Professionnel de 2016 \u00e0 septembre 2020, apr\u00e8s \u00eatre devenue la premi\u00e8re femme au conseil d&rsquo;administration de la ligue. <\/p>\n<h3 class=\"font-weight-bold m-font-weight-bold\" data-lab-font_weight=\"font-weight-bold\"><strong> Marie-Claire Capobianco\u00a0<\/strong><\/h3>\n<p><strong><span data-lab-font_weight=\"font-weight-normal\" class=\"font-weight-normal m-font-weight-normal\">Marie-Claire Capobianco<\/span> <\/strong>est membre du conseil d&rsquo;administration de BNP Paribas, et pr\u00e9sidente du World Economic Forum.<\/p>\n<h3><strong> Claudie Haigner\u00e9\u00a0<\/strong><\/h3>\n<p> Claudie Haigner\u00e9 est m\u00e9decin, astronaute et femme politique qui en 1996 est devenue la premi\u00e8re Fran\u00e7aise \u00e0 aller dans l&rsquo;espace. Elle a pass\u00e9 16 jours sur la station Mir et a \u00e9t\u00e9 la premi\u00e8re femme \u00e0 commander une capsule Soyouz lors de la rentr\u00e9e. En 2001, elle est devenue la premi\u00e8re femme europ\u00e9enne \u00e0 visiter la Station spatiale internationale. <\/p>\n<h3><strong> M\u00e9lanie Astles\u00a0<\/strong><\/h3>\n<p><strong><span data-lab-font_weight=\"font-weight-normal\" class=\"font-weight-normal m-font-weight-normal\">M\u00e9lanie Astles<\/span><\/strong> a surmont\u00e9 d&rsquo;immenses obstacles financiers pour devenir pilote d&rsquo;acrobatie. Elle a remport\u00e9 le Championnat de France \u00e0 cinq reprises et se classe parmi les dix premiers au niveau europ\u00e9en et mondial.<\/p>\n<div data-element-guid=\"8353b516-24d8-4dda-9ba5-8123edc61357\" id=\"markup_771996\" class=\"markupbox column small-12 large-12 small-abs-12 large-abs-12\">\n<p>            <iframe loading=\"lazy\" title=\"Freestyle Melanie Astles CIVA Code 6 mode\" width=\"500\" height=\"281\" src=\"https:\/\/www.youtube.com\/embed\/3Sc6gNxp4rg?feature=oembed\" frameborder=\"0\" allow=\"accelerometer; autoplay; clipboard-write; encrypted-media; gyroscope; picture-in-picture; web-share\" referrerpolicy=\"strict-origin-when-cross-origin\" allowfullscreen><\/iframe><\/p>\n<\/div>\n<h3><strong> Fred Vargas\u00a0<\/strong><\/h3>\n<p><span data-lab-font_weight=\"font-weight-normal\" class=\"font-weight-normal m-font-weight-normal\"><strong><span data-lab-font_weight=\"font-weight-normal\" class=\"font-weight-normal m-font-weight-normal\">Fred Vargas (ou Fr\u00e9d\u00e9rique Audoin-Rouzeau)<\/span> <\/strong>est historienne et arch\u00e9ologue acad\u00e9mique, connue pour ses travaux sur la peste noire. Les romans policiers qu&rsquo;elle dit \u00e9crire pour se d\u00e9tendre ont remport\u00e9 les International Dagger Awards en 2006, 2008 et 2010.<\/span><\/p>\n<h3><strong> Claire Voisin\u00a0<\/strong><\/h3>\n<p><strong><span data-lab-font_weight=\"font-weight-normal\" class=\"font-weight-normal m-font-weight-normal\">Claire Voisin<\/span><\/strong> est math\u00e9maticienne connue pour ses travaux en g\u00e9om\u00e9trie alg\u00e9brique. Membre de l&rsquo;Acad\u00e9mie des sciences, elle a remport\u00e9 la M\u00e9daille d&rsquo;or du CNRS en 2016. En 2017, elle a re\u00e7u le prix Shaw et a \u00e9t\u00e9 \u00e9lue Fellow de la Royal Society en 2021.<\/p>\n<div data-element-guid=\"ccb7cb5a-1fb5-4993-be2a-9b45c4fdd4d7\" id=\"markup_771999\" class=\"markupbox column small-12 large-12 small-abs-12 large-abs-12\">\n<p>            <iframe loading=\"lazy\" title=\"Claire Voisin, la force de l&#039;abstraction | M\u00e9daille d&#039;or 2016 | Talents CNRS\" width=\"500\" height=\"281\" src=\"https:\/\/www.youtube.com\/embed\/Jji0dKX3Psc?feature=oembed\" frameborder=\"0\" allow=\"accelerometer; autoplay; clipboard-write; encrypted-media; gyroscope; picture-in-picture; web-share\" referrerpolicy=\"strict-origin-when-cross-origin\" allowfullscreen><\/iframe><\/p>\n<\/div>\n<h3><strong> Emmanuelle Charpentier\u00a0<\/strong><\/h3>\n<p> Emmanuelle Charpentier, professeure et chercheuse en microbiologie, g\u00e9n\u00e9tique et biochimie, est directrice au Max Planck Institute for Infection Biology \u00e0 Berlin depuis 2015. En 2020, elle et la biochimiste am\u00e9ricaine Jennifer Doudna ont remport\u00e9 le prix Nobel de chimie pour leurs travaux sur l\u2019\u00e9dition du g\u00e9nome. <\/p>\n<h3><strong> Anne-Sophie Pic\u00a0<\/strong><\/h3>\n<p> Anne-Sophie Pic est une cheffe prim\u00e9e dont le restaurant Maison Pic d\u00e9tient trois \u00e9toiles au Guide Michelin. Elle a \u00e9t\u00e9 nomm\u00e9e la Meilleure Cheffe du Monde en 2011. <\/p>\n<div data-element-guid=\"b7d74dd5-1b7b-420e-9f84-36fb68b964dc\" id=\"markup_771998\" class=\"markupbox column small-12 large-12 small-abs-12 large-abs-12\">\n<p>            <iframe loading=\"lazy\" title=\"The Art of Plural Harmony | Anne-Sophie Pic | TEDxLausanneWomen\" width=\"500\" height=\"281\" src=\"https:\/\/www.youtube.com\/embed\/jFJC9KRBeTo?feature=oembed\" frameborder=\"0\" allow=\"accelerometer; autoplay; clipboard-write; encrypted-media; gyroscope; picture-in-picture; web-share\" referrerpolicy=\"strict-origin-when-cross-origin\" allowfullscreen><\/iframe><\/p>\n<\/div>\n<h3><strong> Fran\u00e7oise Barr\u00e9-Sinoussi\u00a0<\/strong><\/h3>\n<p><strong><span data-lab-font_weight=\"font-weight-normal\" class=\"font-weight-normal m-font-weight-normal\">Fran\u00e7oise Barr\u00e9-Sinoussi<\/span> <\/strong>est virologiste et professeure \u00e0 l&rsquo;Institut Pasteur \u00e0 Paris. Elle a particip\u00e9 \u00e0 l&rsquo;identification du VIH et, en 2008, a remport\u00e9 le prix Nobel de physiologie ou m\u00e9decine.<\/p>\n<h3><strong> Christine Lagarde\u00a0<\/strong><\/h3>\n<p> Christine Lagarde, femme politique et juriste, a \u00e9t\u00e9 directrice g\u00e9n\u00e9rale du FMI et est aujourd&rsquo;hui pr\u00e9sidente de la Banque centrale europ\u00e9enne. Elle a auparavant servi comme ministre du Commerce ext\u00e9rieur, ministre de l&rsquo;Agriculture et de la P\u00eache, et ministre de l&rsquo;\u00c9conomie, des Finances et de l&rsquo;Industrie. <\/p>\n<h3><strong> Najat Vallaud-Belkacem\u00a0<\/strong><\/h3>\n<p> Najat Vallaud-Belkacem est une juriste et femme politique qui a \u00e9t\u00e9 ministre de l&rsquo;\u00c9ducation nationale, de l&rsquo;Enseignement sup\u00e9rieur et de la Recherche. Elle est ensuite devenue directrice de ONE Campaign en France, qui \u0153uvre pour \u00e9radiquer l&rsquo;extr\u00eame pauvret\u00e9 et pr\u00e9venir les maladies \u00e9vitables d&rsquo;ici 2030. <\/p>\n<div data-element-guid=\"c916eab8-a3cf-40dc-971b-678fa74c1ad6\" id=\"markup_771997\" class=\"markupbox column small-12 large-12 small-abs-12 large-abs-12\">\n<p>            <iframe loading=\"lazy\" title=\"Najat Vallaud-Belkacem pr\u00e9sente l&#039;ONG ONE dont elle est Directrice France - TV5Monde\" width=\"500\" height=\"281\" src=\"https:\/\/www.youtube.com\/embed\/O9_bMM1te4I?feature=oembed\" frameborder=\"0\" allow=\"accelerometer; autoplay; clipboard-write; encrypted-media; gyroscope; picture-in-picture; web-share\" referrerpolicy=\"strict-origin-when-cross-origin\" allowfullscreen><\/iframe><\/p>\n<\/div>\n<p><strong style=\"font-size: 1.4em;\">Laura Flessel-Colovic\u00a0<\/strong><\/p>\n<p> Laura Flessel-Colovic est une escrimeuse olympique qui a remport\u00e9 cinq m\u00e9dailles olympiques, dont deux d&rsquo;or, et a ensuite \u00e9t\u00e9 ministre des Sports en France. Elle est ambassadrice de la campagne Stand Up for African Mothers des AMREF Flying Doctors et travaille \u00e9galement avec Handicap International. <\/p>\n<div data-element-guid=\"f272bab0-2eff-4390-9468-3d15c830031e\" id=\"markup_771995\" class=\"markupbox column small-12 large-12 small-abs-12 large-abs-12\">\n<p>            <iframe loading=\"lazy\" title=\"Maman et championne olympique, LAURA FLESSEL-COLOVIC se confie \u00e0 sa fille Le\u00eflou I H\u00c9RITAGE I EP1 \ud83e\udd3a\u2728\" width=\"500\" height=\"281\" src=\"https:\/\/www.youtube.com\/embed\/HA1gQQWfv6Y?feature=oembed\" frameborder=\"0\" allow=\"accelerometer; autoplay; clipboard-write; encrypted-media; gyroscope; picture-in-picture; web-share\" referrerpolicy=\"strict-origin-when-cross-origin\" allowfullscreen><\/iframe><\/p>\n<\/div>\n<p class=\"font-weight-bold m-font-weight-bold\" data-lab-font_weight=\"font-weight-bold\"><span data-lab-italic=\"italic\" class=\"italic m-italic\">Quelles autres figures publiques fran\u00e7aises aimeriez-vous voir c\u00e9l\u00e9br\u00e9es lors de cette Journ\u00e9e internationale des droits des femmes ? Veuillez partager vos r\u00e9flexions via news@connexionfrance.com<\/span><\/p>\n<p><strong>Articles associ\u00e9s<\/strong><\/p>\n<p><strong>Journ\u00e9e internationale des droits des femmes : Trois Fran\u00e7aises qui ont battu les probabilit\u00e9s<\/strong><\/p>\n<p><strong>Anne de Bretagne : un symbole \u00e0 la naissance d&rsquo;une Bretagne \u00ab libre \u00bb<\/strong><\/p>\n<p><strong>Une pilote de microlight fran\u00e7aise r\u00e9alise son r\u00eave de voler en solo \u00e0 travers l&rsquo;Afrique<\/strong><\/p>\n<\/div>\n","protected":false},"excerpt":{"rendered":"<p>Samantha David se penche sur la vie et l&rsquo;\u0153uvre des femmes qu&rsquo;elle admire &#8211; \u00e0 qui ajouteriez-vous \u00e0 la liste ? Pour c\u00e9l\u00e9brer les femmes fran\u00e7aises inspirantes, voici une liste personnelle de femmes que j&rsquo;admire, sans ordre particulier. Toutes sont vivantes, et j&rsquo;ai exclu les actrices, chanteuses, mannequins, passionn\u00e9es de mode et c\u00e9l\u00e9brit\u00e9s. J&rsquo;ai choisi [&hellip;]<\/p>\n","protected":false},"author":1,"featured_media":1539,"comment_status":"open","ping_status":"open","sticky":false,"template":"","format":"standard","meta":{"footnotes":""},"categories":[1],"tags":[364,42,346,1799,313,1800,1802,1801,39],"class_list":["post-1538","post","type-post","status-publish","format-standard","has-post-thumbnail","hentry","category-non-classe","tag-celebration","tag-des","tag-droits","tag-femmes","tag-francaises","tag-inspirantes","tag-internationale","tag-journee","tag-pour"],"_links":{"self":[{"href":"https:\/\/www.rachida-dati.eu\/actualites\/wp-json\/wp\/v2\/posts\/1538","targetHints":{"allow":["GET"]}}],"collection":[{"href":"https:\/\/www.rachida-dati.eu\/actualites\/wp-json\/wp\/v2\/posts"}],"about":[{"href":"https:\/\/www.rachida-dati.eu\/actualites\/wp-json\/wp\/v2\/types\/post"}],"author":[{"embeddable":true,"href":"https:\/\/www.rachida-dati.eu\/actualites\/wp-json\/wp\/v2\/users\/1"}],"replies":[{"embeddable":true,"href":"https:\/\/www.rachida-dati.eu\/actualites\/wp-json\/wp\/v2\/comments?post=1538"}],"version-history":[{"count":1,"href":"https:\/\/www.rachida-dati.eu\/actualites\/wp-json\/wp\/v2\/posts\/1538\/revisions"}],"predecessor-version":[{"id":1540,"href":"https:\/\/www.rachida-dati.eu\/actualites\/wp-json\/wp\/v2\/posts\/1538\/revisions\/1540"}],"wp:featuredmedia":[{"embeddable":true,"href":"https:\/\/www.rachida-dati.eu\/actualites\/wp-json\/wp\/v2\/media\/1539"}],"wp:attachment":[{"href":"https:\/\/www.rachida-dati.eu\/actualites\/wp-json\/wp\/v2\/media?parent=1538"}],"wp:term":[{"taxonomy":"category","embeddable":true,"href":"https:\/\/www.rachida-dati.eu\/actualites\/wp-json\/wp\/v2\/categories?post=1538"},{"taxonomy":"post_tag","embeddable":true,"href":"https:\/\/www.rachida-dati.eu\/actualites\/wp-json\/wp\/v2\/tags?post=1538"}],"curies":[{"name":"wp","href":"https:\/\/api.w.org\/{rel}","templated":true}]}}