{"id":1547,"date":"2026-03-11T01:42:20","date_gmt":"2026-03-11T00:42:20","guid":{"rendered":"https:\/\/www.rachida-dati.eu\/actualites\/aeroport-de-toulouse-baisse-du-trafic-passagers-en-2025-apres-fermeture-de-la-base-easyjet\/"},"modified":"2026-03-11T01:42:20","modified_gmt":"2026-03-11T00:42:20","slug":"aeroport-de-toulouse-baisse-du-trafic-passagers-en-2025-apres-fermeture-de-la-base-easyjet","status":"publish","type":"post","link":"https:\/\/www.rachida-dati.eu\/actualites\/aeroport-de-toulouse-baisse-du-trafic-passagers-en-2025-apres-fermeture-de-la-base-easyjet\/","title":{"rendered":"A\u00e9roport de Toulouse : baisse du trafic passagers en 2025 apr\u00e8s fermeture de la base EasyJet"},"content":{"rendered":"<div data-element-guid=\"7f7332a5-aca0-4fee-9990-ec700b171346\">\n<h2 class=\"subtitle \" style=\"\">La fermeture de la base EasyJet p\u00e8se sur le nombre de passagers<\/h2>\n<\/p>\n<\/div>\n<div data-element-guid=\"77859b4d-5599-46f4-f1b3-7cda8a008d7a\">\n<p><!-- placeholder(#1) --><\/p>\n<p>Le trafic de passagers \u00e0 l&rsquo;a\u00e9roport de Toulouse-Blagnac a recul\u00e9 en 2025, l&rsquo;a\u00e9roport op\u00e9rant toujours largement en de\u00e7\u00e0 de ses niveaux pr\u00e9pand\u00e9miques.<\/p>\n<p>Les responsables de l&rsquo;a\u00e9roport citent la fermeture d&rsquo;une base EasyJet et l&rsquo;augmentation des taxes sur les billets comme facteurs cl\u00e9s de cette baisse.<\/p>\n<p>L&rsquo;a\u00e9roport a enregistr\u00e9 environ 7,6 millions de passagers l&rsquo;ann\u00e9e derni\u00e8re, soit une baisse de 2,8 % par rapport \u00e0 2024, selon les chiffres publi\u00e9s le 6 mars.<\/p>\n<p>L&rsquo;a\u00e9roport indique que son trafic global de passagers est d&rsquo;environ 21 % inf\u00e9rieur aux niveaux de 2019, ann\u00e9e o\u00f9 il a enregistr\u00e9 environ 9,6 millions de passagers, soulignant l&rsquo;impact continu des changements dans le secteur de l&rsquo;aviation depuis la Covid.<\/p>\n<p>Les responsables de l&rsquo;a\u00e9roport relient le d\u00e9clin en partie \u00e0 <span data-lab-font_weight=\"font-weight-bold\" class=\"font-weight-bold m-font-weight-bold\">la d\u00e9cision d&rsquo;EasyJet de fermer sa base de Toulouse au printemps 2025<\/span>. La compagnie a\u00e9rienne britannique \u00e0 bas co\u00fbt transportait auparavant environ 1,5 million de passagers par an vers et depuis la ville.<\/p>\n<p>Apr\u00e8s la fermeture, la compagnie a r\u00e9duit son r\u00e9seau de 20 destinations \u00e0 10.<\/p>\n<p>Les responsables de l&rsquo;a\u00e9roport citent \u00e9galement l&rsquo;augmentation des taxes sur les billets d&rsquo;avion en France comme un autre facteur affectant la demande.<\/p>\n<h3>Itin\u00e9raires europ\u00e9ens en baisse<\/h3>\n<p>Le trafic international a recul\u00e9 de 2,7 % au total en 2025. Dans ce cadre, les vols vers les destinations europ\u00e9ennes (y compris le Royaume-Uni) ont chut\u00e9 de 4,8 %, tandis que les itin\u00e9raires hors Europe sont rest\u00e9s globalement stables, en recul de seulement 0,4 %.<\/p>\n<p>Le trafic domestique hors Paris a enregistr\u00e9 une chute plus marqu\u00e9e, en baisse d&rsquo;environ 8 % en glissement annuel.<\/p>\n<p>Cependant, l&rsquo;itin\u00e9raire a\u00e9rien tr\u00e8s fr\u00e9quent\u00e9 entre Toulouse et Paris a montr\u00e9 des signes de reprise. Le nombre de passagers sur cette liaison a augment\u00e9 de 1,8 % en 2025, et il est rest\u00e9 la destination la plus populaire desservie par l&rsquo;a\u00e9roport.<\/p>\n<p>Cette liaison devrait conna\u00eetre d&rsquo;autres changements en 2026 lorsque Air France confiera ses vols entre Toulouse et l&rsquo;a\u00e9roport Paris-Orly \u00e0 sa filiale \u00e0 bas co\u00fbt Transavia, qui pr\u00e9voit d&rsquo;accro\u00eetre les fr\u00e9quences.<\/p>\n<h3>Les compagnies \u00e0 bas co\u00fbt dominent<\/h3>\n<p>Les transporteurs \u00e0 bas co\u00fbt repr\u00e9sentent d\u00e9sormais la moiti\u00e9 du trafic total de passagers de l&rsquo;a\u00e9roport, contre 43 % avant la crise du Covid.<\/p>\n<p>Les plus grands op\u00e9rateurs dans ce segment \u00e0 Toulouse comprennent actuellement Transavia, EasyJet, Volotea et Ryanair.<\/p>\n<p>Malgr\u00e9 la baisse g\u00e9n\u00e9rale du nombre de passagers, l&rsquo;a\u00e9roport annonce une r\u00e9duction notable des vols nocturnes.<\/p>\n<p>Les mouvements d&rsquo;a\u00e9ronefs entre minuit et 06:00 ont chut\u00e9 de 27 % en 2025 par rapport \u00e0 l&rsquo;ann\u00e9e pr\u00e9c\u00e9dente.<\/p>\n<p>Les vols commerciaux de passagers pendant ces heures ont encore chut\u00e9 plus fortement, passant de 587 en 2024 \u00e0 342 en 2025 \u2014 une diminution de 42 %, selon les chiffres de l&rsquo;a\u00e9roport.<\/p>\n<\/div>\n","protected":false},"excerpt":{"rendered":"<p>La fermeture de la base EasyJet p\u00e8se sur le nombre de passagers Le trafic de passagers \u00e0 l&rsquo;a\u00e9roport de Toulouse-Blagnac a recul\u00e9 en 2025, l&rsquo;a\u00e9roport op\u00e9rant toujours largement en de\u00e7\u00e0 de ses niveaux pr\u00e9pand\u00e9miques. Les responsables de l&rsquo;a\u00e9roport citent la fermeture d&rsquo;une base EasyJet et l&rsquo;augmentation des taxes sur les billets comme facteurs cl\u00e9s de [&hellip;]<\/p>\n","protected":false},"author":1,"featured_media":1036,"comment_status":"open","ping_status":"open","sticky":false,"template":"","format":"standard","meta":{"footnotes":""},"categories":[1],"tags":[1552,28,1058,1814,98,831,489,465,906],"class_list":["post-1547","post","type-post","status-publish","format-standard","has-post-thumbnail","hentry","category-non-classe","tag-aeroport","tag-apres","tag-baisse","tag-base","tag-easyjet","tag-fermeture","tag-passagers","tag-toulouse","tag-trafic"],"_links":{"self":[{"href":"https:\/\/www.rachida-dati.eu\/actualites\/wp-json\/wp\/v2\/posts\/1547","targetHints":{"allow":["GET"]}}],"collection":[{"href":"https:\/\/www.rachida-dati.eu\/actualites\/wp-json\/wp\/v2\/posts"}],"about":[{"href":"https:\/\/www.rachida-dati.eu\/actualites\/wp-json\/wp\/v2\/types\/post"}],"author":[{"embeddable":true,"href":"https:\/\/www.rachida-dati.eu\/actualites\/wp-json\/wp\/v2\/users\/1"}],"replies":[{"embeddable":true,"href":"https:\/\/www.rachida-dati.eu\/actualites\/wp-json\/wp\/v2\/comments?post=1547"}],"version-history":[{"count":1,"href":"https:\/\/www.rachida-dati.eu\/actualites\/wp-json\/wp\/v2\/posts\/1547\/revisions"}],"predecessor-version":[{"id":1548,"href":"https:\/\/www.rachida-dati.eu\/actualites\/wp-json\/wp\/v2\/posts\/1547\/revisions\/1548"}],"wp:featuredmedia":[{"embeddable":true,"href":"https:\/\/www.rachida-dati.eu\/actualites\/wp-json\/wp\/v2\/media\/1036"}],"wp:attachment":[{"href":"https:\/\/www.rachida-dati.eu\/actualites\/wp-json\/wp\/v2\/media?parent=1547"}],"wp:term":[{"taxonomy":"category","embeddable":true,"href":"https:\/\/www.rachida-dati.eu\/actualites\/wp-json\/wp\/v2\/categories?post=1547"},{"taxonomy":"post_tag","embeddable":true,"href":"https:\/\/www.rachida-dati.eu\/actualites\/wp-json\/wp\/v2\/tags?post=1547"}],"curies":[{"name":"wp","href":"https:\/\/api.w.org\/{rel}","templated":true}]}}