{"id":1552,"date":"2026-03-11T12:44:39","date_gmt":"2026-03-11T11:44:39","guid":{"rendered":"https:\/\/www.rachida-dati.eu\/actualites\/france-intensifie-la-lutte-contre-le-travail-au-noir-pour-recuperer-les-cotisations-impayees\/"},"modified":"2026-03-11T12:44:40","modified_gmt":"2026-03-11T11:44:40","slug":"france-intensifie-la-lutte-contre-le-travail-au-noir-pour-recuperer-les-cotisations-impayees","status":"publish","type":"post","link":"https:\/\/www.rachida-dati.eu\/actualites\/france-intensifie-la-lutte-contre-le-travail-au-noir-pour-recuperer-les-cotisations-impayees\/","title":{"rendered":"France intensifie la lutte contre le travail au noir pour r\u00e9cup\u00e9rer les cotisations impay\u00e9es"},"content":{"rendered":"<div data-element-guid=\"7f7332a5-aca0-4fee-9990-ec700b171346\">\n<h2 class=\"subtitle \" style=\"\">Des affaires impliquant des propri\u00e9taires et des travailleurs \u00e0 domicile<\/h2>\n<\/p>\n<\/div>\n<div data-element-guid=\"9514cb42-66f4-48dd-900c-e2ccbd33e0f7\">\n<p><!-- placeholder(#1) --><\/p>\n<p>Des milliers d&#8217;employeurs ont \u00e9t\u00e9 p\u00e9nalis\u00e9s pour avoir embauch\u00e9 des travailleurs \u00ab au noir \u00bb en France l&rsquo;ann\u00e9e derni\u00e8re, selon le dernier bulletin de l&rsquo;organisme de s\u00e9curit\u00e9 sociale Urssaf.<\/p>\n<p>L&rsquo;organisation a men\u00e9 plus de 38 000 actions, dont pr\u00e9ventives (pour conseiller sur les bonnes pratiques) et cibl\u00e9es (l\u00e0 o\u00f9 une fraude a \u00e9t\u00e9 identifi\u00e9e), contre des employeurs et des travailleurs pour des pratiques de paie en esp\u00e8ces non d\u00e9clar\u00e9es.<\/p>\n<p>Pour rappel, les particuliers qui emploient des travailleurs en esp\u00e8ces \u00e0 domicile (non d\u00e9clar\u00e9s \u00e0 l&rsquo;Urssaf) s&rsquo;exposent aux m\u00eames p\u00e9nalit\u00e9s que les grandes entreprises.<\/p>\n<p>Depuis le d\u00e9but de 2025, environ 13% des cas de fraude identifi\u00e9s concernent les cr\u00e9dits d&rsquo;imp\u00f4t lors de l&rsquo;utilisation des syst\u00e8mes \u00ab Pajemploi \u00bb ou \u00ab Cesu \u00bb.<\/p>\n<p>Ces cas concernent du personnel d&rsquo;aide \u00e0 domicile tels que jardiniers, aidants, femmes de m\u00e9nage, etc., r\u00e9mun\u00e9r\u00e9 en esp\u00e8ces sans d\u00e9clarations ad\u00e9quates et les paiements de s\u00e9curit\u00e9 sociale correspondants.<\/p>\n<p>Les p\u00e9nalit\u00e9s pour les particuliers r\u00e9mun\u00e9rant des travailleurs ind\u00e9pendants de cette mani\u00e8re et pour les grandes entreprises utilisant des paiements en esp\u00e8ces non d\u00e9clar\u00e9es sont les m\u00eames \u2014 vous pouvez en savoir plus sur les sanctions dans notre article <span data-lab-font_weight=\"font-weight-bold\" class=\"font-weight-bold m-font-weight-bold\">ici<\/span>.<\/p>\n<p>Les actions cibl\u00e9es se sont \u00e9lev\u00e9es \u00e0 7 665 en 2025, soit une augmentation de 13% par rapport \u00e0 2024, et la grande majorit\u00e9 a abouti \u00e0 la r\u00e9cup\u00e9ration des cotisations sociales impay\u00e9es.<\/p>\n<p>Dans l&rsquo;ensemble, l&rsquo;organisation a r\u00e9cup\u00e9r\u00e9 plus d&rsquo;un milliard et demi d&rsquo;euros de cotisations de s\u00e9curit\u00e9 sociale impay\u00e9es et d&rsquo;amendes contre les entreprises qui pratiquaient des malversations.<\/p>\n<p>Cela repr\u00e9sente l\u00e9g\u00e8rement moins que les 1,586 milliard d&rsquo;euros en 2024, mais presque le double de celui des ann\u00e9es pr\u00e9c\u00e9dentes \u2013 en 2023, environ 788 millions d&rsquo;euros avaient \u00e9t\u00e9 r\u00e9cup\u00e9r\u00e9s.<\/p>\n<p>Urssaf a augment\u00e9 le nombre d&rsquo;avertissements adress\u00e9s aux employeurs de 25%.<\/p>\n<h2>D\u00e9bat sur la loi au Parlement<\/h2>\n<p>Le gouvernement estime que travailler \u00ab au noir \u00bb (paiement en esp\u00e8ces non d\u00e9clar\u00e9) co\u00fbte \u00e0 la France jusqu&rsquo;\u00e0 7 milliards d&rsquo;euros par an, et a fait de la r\u00e9duction de cette pratique un \u00e9l\u00e9ment majeur d&rsquo;un nouveau projet de loi anti-fraude.<\/p>\n<p>Un souci majeur est la pr\u00e9pond\u00e9rance des sous-traitants pour les entreprises non-europ\u00e9ennes, souvent des sites de commerce \u00e9lectronique chinois, qui seraient r\u00e9guli\u00e8rement employ\u00e9s des personnes r\u00e9mun\u00e9r\u00e9es au noir.<\/p>\n<p>Le projet de loi, d\u00e9battu au Parlement, permettrait \u00e0 l&rsquo;\u00c9tat de cibler \u00e0 la fois les filiales utilisant des travailleurs r\u00e9mun\u00e9r\u00e9s au noir et leurs soci\u00e9t\u00e9s m\u00e8res.<\/p>\n<p>Actuellement, seuls les sous-traitants eux-m\u00eames peuvent \u00eatre cibl\u00e9s, ce qui permet \u00e0 l&rsquo;entreprise de simplement relancer ses activit\u00e9s ailleurs.<\/p>\n<p>Les sanctions seraient \u00e9galement inflig\u00e9es plus rapidement, passant d&rsquo;une p\u00e9riode de fermeture de 15 jours pour les entreprises employant des travailleurs en esp\u00e8ces non d\u00e9clar\u00e9es \u00e0 une p\u00e9riode de 48 heures.<\/p>\n<p>Le projet a d\u00e9j\u00e0 \u00e9t\u00e9 approuv\u00e9 par le S\u00e9nat et est actuellement d\u00e9battu par les d\u00e9put\u00e9s, avec un vote final sur le texte pr\u00e9vu le 31 mars.<\/p>\n<p>Cependant, il fait face \u00e0 l&rsquo;opposition de d\u00e9put\u00e9s de gauche en raison de ses volets plus larges qui pr\u00e9voient notamment un acc\u00e8s accru \u00e0 certaines donn\u00e9es des b\u00e9n\u00e9ficiaires, l&rsquo;obligation de verser toutes les prestations sur un compte bancaire dans le syst\u00e8me SEPA (europ\u00e9en), et des pouvoirs accrus pour le service France Travail.<\/p>\n<\/div>\n","protected":false},"excerpt":{"rendered":"<p>Des affaires impliquant des propri\u00e9taires et des travailleurs \u00e0 domicile Des milliers d&#8217;employeurs ont \u00e9t\u00e9 p\u00e9nalis\u00e9s pour avoir embauch\u00e9 des travailleurs \u00ab au noir \u00bb en France l&rsquo;ann\u00e9e derni\u00e8re, selon le dernier bulletin de l&rsquo;organisme de s\u00e9curit\u00e9 sociale Urssaf. L&rsquo;organisation a men\u00e9 plus de 38 000 actions, dont pr\u00e9ventives (pour conseiller sur les bonnes pratiques) [&hellip;]<\/p>\n","protected":false},"author":1,"featured_media":1553,"comment_status":"open","ping_status":"open","sticky":false,"template":"","format":"standard","meta":{"footnotes":""},"categories":[1],"tags":[179,1819,37,1820,1816,35,1161,1817,39,1818,719],"class_list":["post-1552","post","type-post","status-publish","format-standard","has-post-thumbnail","hentry","category-non-classe","tag-contre","tag-cotisations","tag-france","tag-impayees","tag-intensifie","tag-les","tag-lutte","tag-noir","tag-pour","tag-recuperer","tag-travail"],"_links":{"self":[{"href":"https:\/\/www.rachida-dati.eu\/actualites\/wp-json\/wp\/v2\/posts\/1552","targetHints":{"allow":["GET"]}}],"collection":[{"href":"https:\/\/www.rachida-dati.eu\/actualites\/wp-json\/wp\/v2\/posts"}],"about":[{"href":"https:\/\/www.rachida-dati.eu\/actualites\/wp-json\/wp\/v2\/types\/post"}],"author":[{"embeddable":true,"href":"https:\/\/www.rachida-dati.eu\/actualites\/wp-json\/wp\/v2\/users\/1"}],"replies":[{"embeddable":true,"href":"https:\/\/www.rachida-dati.eu\/actualites\/wp-json\/wp\/v2\/comments?post=1552"}],"version-history":[{"count":1,"href":"https:\/\/www.rachida-dati.eu\/actualites\/wp-json\/wp\/v2\/posts\/1552\/revisions"}],"predecessor-version":[{"id":1554,"href":"https:\/\/www.rachida-dati.eu\/actualites\/wp-json\/wp\/v2\/posts\/1552\/revisions\/1554"}],"wp:featuredmedia":[{"embeddable":true,"href":"https:\/\/www.rachida-dati.eu\/actualites\/wp-json\/wp\/v2\/media\/1553"}],"wp:attachment":[{"href":"https:\/\/www.rachida-dati.eu\/actualites\/wp-json\/wp\/v2\/media?parent=1552"}],"wp:term":[{"taxonomy":"category","embeddable":true,"href":"https:\/\/www.rachida-dati.eu\/actualites\/wp-json\/wp\/v2\/categories?post=1552"},{"taxonomy":"post_tag","embeddable":true,"href":"https:\/\/www.rachida-dati.eu\/actualites\/wp-json\/wp\/v2\/tags?post=1552"}],"curies":[{"name":"wp","href":"https:\/\/api.w.org\/{rel}","templated":true}]}}