{"id":1555,"date":"2026-03-11T18:47:10","date_gmt":"2026-03-11T17:47:10","guid":{"rendered":"https:\/\/www.rachida-dati.eu\/actualites\/temperatures-elevees-et-precipitations-accrues\/"},"modified":"2026-03-11T18:47:11","modified_gmt":"2026-03-11T17:47:11","slug":"temperatures-elevees-et-precipitations-accrues","status":"publish","type":"post","link":"https:\/\/www.rachida-dati.eu\/actualites\/temperatures-elevees-et-precipitations-accrues\/","title":{"rendered":"Temp\u00e9ratures \u00e9lev\u00e9es et pr\u00e9cipitations accrues"},"content":{"rendered":"<div data-element-guid=\"7f7332a5-aca0-4fee-9990-ec700b171346\">\n<h2 class=\"subtitle \" style=\"\">Le pr\u00e9visionniste national M\u00e9t\u00e9o-France a publi\u00e9 ses pr\u00e9visions pour le printemps<\/h2>\n<\/p>\n<\/div>\n<div data-element-guid=\"ac3ea84d-20bc-4f4a-94f9-24e4cd0b0e3a\">\n<p><!-- placeholder(#1) --><\/p>\n<p>La France a connu un d\u00e9but d&rsquo;ann\u00e9e 2026 humide et doux, avec <span data-lab-font_weight=\"font-weight-bold\" class=\"font-weight-bold m-font-weight-bold\">des pr\u00e9cipitations d\u00e9passant de loin les moyennes habituelles<\/span> et des temp\u00e9ratures continuellement sup\u00e9rieures aux normes saisonni\u00e8res, <span data-lab-font_weight=\"font-weight-bold\" class=\"font-weight-bold m-font-weight-bold\">atteignant presque 30\u00b0C m\u00eame avant mars<\/span>.<\/p>\n<p>Cette semaine marque le d\u00e9but du printemps (m\u00e9t\u00e9orologique) et le passage \u00e0 une nouvelle saison, avec le pr\u00e9visionniste national M\u00e9t\u00e9o-France publiant sa publication mensuelle \u00ab Tendances \u00bb, regardant les trois mois \u00e0 venir et \u00e9valuant les temp\u00e9ratures pr\u00e9vues et les pr\u00e9cipitations, ainsi que les conditions g\u00e9n\u00e9rales.<\/p>\n<p>M\u00e9t\u00e9o-France publie sa publication mensuelle \u00ab Tendances \u00bb, regardant les trois mois \u00e0 venir.<\/p>\n<h2>Chaleur sur l&rsquo;ensemble de la France mais pluie dans le nord<\/h2>\n<p>En bref, les sch\u00e9mas observ\u00e9s tout au long de l&rsquo;hiver devraient se poursuivre.<\/p>\n<p>\u00ab Le sc\u00e9nario le plus probable est associ\u00e9 \u00e0 une circulation atmosph\u00e9rique d&rsquo;ouest plus marqu\u00e9e au-dessus de la mer du Nord \u00bb, a d\u00e9clar\u00e9 M\u00e9t\u00e9o-France.<\/p>\n<p>Ceci devrait \u00e0 son tour conduire \u00e0 un printemps plus chaud que d&rsquo;habitude, avec une probabilit\u00e9 de 50% que les temp\u00e9ratures d\u00e9passent la moyenne.<\/p>\n<p>Il y a 30% de chances qu&rsquo;elles restent telles quelles et seulement 20% de chances d&rsquo;un printemps plus frais que la moyenne.<\/p>\n<p>Cependant, cela ne signifie pas que le risque de survenue ponctuelle de coups de froid ou de journ\u00e9es plus fra\u00eeches est \u00e9cart\u00e9, et M\u00e9t\u00e9o-France avertit que des p\u00e9riodes de temps plus frais sont pr\u00e9vues \u00e0 un moment donn\u00e9 au cours des trois mois, mais sans pr\u00e9ciser quand ni o\u00f9 exactement cela est pr\u00e9vu.<\/p>\n<p>En revanche, il y a 50% de chances d&rsquo;un printemps plus pluvieux que la moyenne, particuli\u00e8rement dans la moiti\u00e9 nord du pays.<\/p>\n<p>Ailleurs, les pr\u00e9cipitations devraient \u00eatre dans la moyenne, limitant le risque de nouvelles inondations dans l&rsquo;ouest et le sud.<\/p>\n<p>Notez que les pr\u00e9visions ne sont pas garanties, et reposent sur les premiers sch\u00e9mas m\u00e9t\u00e9orologiques par rapport aux ann\u00e9es pr\u00e9c\u00e9dentes.<\/p>\n<p>Vous pouvez consulter le rapport complet <span data-lab-font_weight=\"font-weight-bold\" class=\"font-weight-bold m-font-weight-bold\">ici<\/span>.<\/p>\n<\/div>\n","protected":false},"excerpt":{"rendered":"<p>Le pr\u00e9visionniste national M\u00e9t\u00e9o-France a publi\u00e9 ses pr\u00e9visions pour le printemps La France a connu un d\u00e9but d&rsquo;ann\u00e9e 2026 humide et doux, avec des pr\u00e9cipitations d\u00e9passant de loin les moyennes habituelles et des temp\u00e9ratures continuellement sup\u00e9rieures aux normes saisonni\u00e8res, atteignant presque 30\u00b0C m\u00eame avant mars. Cette semaine marque le d\u00e9but du printemps (m\u00e9t\u00e9orologique) et le [&hellip;]<\/p>\n","protected":false},"author":1,"featured_media":1556,"comment_status":"open","ping_status":"open","sticky":false,"template":"","format":"standard","meta":{"footnotes":""},"categories":[1],"tags":[1822,819,1821,350],"class_list":["post-1555","post","type-post","status-publish","format-standard","has-post-thumbnail","hentry","category-non-classe","tag-accrues","tag-elevees","tag-precipitations","tag-temperatures"],"_links":{"self":[{"href":"https:\/\/www.rachida-dati.eu\/actualites\/wp-json\/wp\/v2\/posts\/1555","targetHints":{"allow":["GET"]}}],"collection":[{"href":"https:\/\/www.rachida-dati.eu\/actualites\/wp-json\/wp\/v2\/posts"}],"about":[{"href":"https:\/\/www.rachida-dati.eu\/actualites\/wp-json\/wp\/v2\/types\/post"}],"author":[{"embeddable":true,"href":"https:\/\/www.rachida-dati.eu\/actualites\/wp-json\/wp\/v2\/users\/1"}],"replies":[{"embeddable":true,"href":"https:\/\/www.rachida-dati.eu\/actualites\/wp-json\/wp\/v2\/comments?post=1555"}],"version-history":[{"count":1,"href":"https:\/\/www.rachida-dati.eu\/actualites\/wp-json\/wp\/v2\/posts\/1555\/revisions"}],"predecessor-version":[{"id":1557,"href":"https:\/\/www.rachida-dati.eu\/actualites\/wp-json\/wp\/v2\/posts\/1555\/revisions\/1557"}],"wp:featuredmedia":[{"embeddable":true,"href":"https:\/\/www.rachida-dati.eu\/actualites\/wp-json\/wp\/v2\/media\/1556"}],"wp:attachment":[{"href":"https:\/\/www.rachida-dati.eu\/actualites\/wp-json\/wp\/v2\/media?parent=1555"}],"wp:term":[{"taxonomy":"category","embeddable":true,"href":"https:\/\/www.rachida-dati.eu\/actualites\/wp-json\/wp\/v2\/categories?post=1555"},{"taxonomy":"post_tag","embeddable":true,"href":"https:\/\/www.rachida-dati.eu\/actualites\/wp-json\/wp\/v2\/tags?post=1555"}],"curies":[{"name":"wp","href":"https:\/\/api.w.org\/{rel}","templated":true}]}}