{"id":1564,"date":"2026-03-12T11:47:50","date_gmt":"2026-03-12T10:47:50","guid":{"rendered":"https:\/\/www.rachida-dati.eu\/actualites\/stations-service-francaises-confrontees-a-des-controles-pendant-la-hausse-des-prix-du-carburant\/"},"modified":"2026-03-12T11:47:50","modified_gmt":"2026-03-12T10:47:50","slug":"stations-service-francaises-confrontees-a-des-controles-pendant-la-hausse-des-prix-du-carburant","status":"publish","type":"post","link":"https:\/\/www.rachida-dati.eu\/actualites\/stations-service-francaises-confrontees-a-des-controles-pendant-la-hausse-des-prix-du-carburant\/","title":{"rendered":"Stations-service fran\u00e7aises confront\u00e9es \u00e0 des contr\u00f4les pendant la hausse des prix du carburant"},"content":{"rendered":"<div data-element-guid=\"51681530-a47e-486d-b581-f6717e6eafef\">\n<p><!-- placeholder(#1) --><\/p>\n<p>Les autorit\u00e9s fran\u00e7aises effectueront 500 contr\u00f4les dans les stations-service du pays afin de v\u00e9rifier que les prix du carburant ne sont pas artificiellement gonfl\u00e9s, a annonc\u00e9 dimanche le Premier ministre S\u00e9bastien Lecornu (8 mars).<\/p>\n<p>Les contr\u00f4les auront lieu entre lundi et mercredi (9 au 11 mars) dans des emplacements r\u00e9partis sur l\u2019ensemble du territoire.<\/p>\n<p>Cela survient alors que le <span data-lab-font_weight=\"font-weight-bold\" class=\"font-weight-bold m-font-weight-bold\">conflit au Moyen-Orient<\/span> et la fermeture du d\u00e9troit d\u2019Ormuz \u00e0 la plupart du trafic ont provoqu\u00e9 une flamb\u00e9e des prix du p\u00e9trole.<\/p>\n<p>Le prix moyen d&rsquo;un baril de p\u00e9trole brut Brent (r\u00e9f\u00e9rence internationale des prix du p\u00e9trole) est d\u00e9sormais sup\u00e9rieur \u00e0 100 dollars \u2013 des niveaux jamais vus depuis 2022.<\/p>\n<p>Cela a, \u00e0 son tour, <span data-lab-font_weight=\"font-weight-bold\" class=\"font-weight-bold m-font-weight-bold\">entra\u00een\u00e9 une hausse des prix du carburant partout dans le monde, y compris en France<\/span>, o\u00f9 les prix de l\u2019essence ont augment\u00e9 d\u2019environ 11 centimes par litre la semaine derni\u00e8re, et jusqu\u2019\u00e0 28 centimes pour le diesel.<\/p>\n<p>L\u2019essence SP95-E10 se vendait en moyenne \u00e0 1,82 \u20ac le litre vendredi (6 mars), contre 1,71 \u20ac le litre le 27 f\u00e9vrier, jour o\u00f9 le conflit a commenc\u00e9, soit une hausse de 6 %, et l\u2019essence SP98 \u00e0 1,92 \u20ac le litre vendredi, 10 centimes de plus que le 27 f\u00e9vrier.<\/p>\n<p>Le diesel (gazole) se vendait en moyenne \u00e0 1,98 \u20ac le litre vendredi, contre environ 1,70 \u20ac le 27 f\u00e9vrier, soit une hausse de 28 centimes (+16 %).<\/p>\n<p>On s&rsquo;attend \u00e0 ce que les prix aient augment\u00e9 au cours du week-end, bien que l\u2019on observe d\u2019importantes variations entre les stations-service \u2013 d&rsquo;o\u00f9 ces contr\u00f4les.<\/p>\n<p>Vous pouvez utiliser le site officiel du gouvernement <span data-lab-font_weight=\"font-weight-bold\" class=\"font-weight-bold m-font-weight-bold\">de comparaison des prix du carburant<\/span> pour v\u00e9rifier les prix pr\u00e8s de chez vous.<\/p>\n<h2>Hausse des prix sans pr\u00e9c\u00e9dent<\/h2>\n<p>Une forte hausse des prix du carburant n\u2019avait \u00e9t\u00e9 observ\u00e9e que lors du d\u00e9but de la guerre en Ukraine en 2022.<\/p>\n<p>Cependant, l\u2019instabilit\u00e9 mondiale plus large \u2013 le d\u00e9troit d\u2019Ormuz, utilis\u00e9 pour acheminer environ un cinqui\u00e8me du trafic mondial de p\u00e9trole et de gaz naturel liqu\u00e9fi\u00e9 \u2013 a eu un impact plus important.<\/p>\n<p>\u00ab J\u2019ai connu des crises, mais je n\u2019ai jamais vu une telle hausse aussi rapide en si peu de temps \u00bb, a d\u00e9clar\u00e9 \u00e0 FranceInfo dimanche (8 mars Fr\u00e9d\u00e9ric Plan, secr\u00e9taire g\u00e9n\u00e9ral de la F\u00e9d\u00e9ration fran\u00e7aise des combustibles, produits p\u00e9troliers et chauffage (FF3C).<\/p>\n<h2>Pourquoi les prix augmentent-ils si rapidement ?<\/h2>\n<p>L\u2019augmentation du prix du p\u00e9trole brut affecte les stations-service, qui doivent payer un co\u00fbt plus \u00e9lev\u00e9 pour r\u00e9approvisionner leurs stocks. Cette hausse des co\u00fbts est r\u00e9percut\u00e9e sur le consommateur.<\/p>\n<p>Les fournisseurs r\u00e9percutent le co\u00fbt du r\u00e9approvisionnement sur les automobilistes (par opposition au prix qu\u2019ils avaient pay\u00e9 pour le carburant actuellement dans les pompes), ce qui entra\u00eene une augmentation quasi imm\u00e9diate des co\u00fbts lorsque les co\u00fbts du p\u00e9trole brut augmentent.<\/p>\n<p>En th\u00e9orie, cela signifie que lorsque davantage de carburant devient disponible \u2013 \u00e0 la suite d\u2019une augmentation de la production, de la fin d\u2019une crise, etc. \u2013 et que les prix du p\u00e9trole baissent, les prix \u00e0 la pompe devraient aussi diminuer. Cependant, la r\u00e9duction des prix pour les conducteurs peut prendre plus de temps \u00e0 se manifester que l\u2019augmentation constat\u00e9e au d\u00e9but d\u2019une crise.<\/p>\n<p>Les responsables des stations-service ont critiqu\u00e9 les raffineurs pour une hausse pr\u00e9coce des prix, entra\u00eenant des co\u00fbts plus \u00e9lev\u00e9s malgr\u00e9 la disponibilit\u00e9 du carburant.<\/p>\n<p>Les raffineurs (entreprises telles qu\u2019Esso, BP, Shell, Total, etc.) \u00ab qui disposent de stocks\u2026 doivent s\u2019expliquer \u00bb, a d\u00e9clar\u00e9 Michel-\u00c9douard Leclerc, pr\u00e9sident du groupe E.Leclerc.<\/p>\n<p>\u00ab Le prix du carburant raffin\u00e9 a explos\u00e9 au m\u00eame moment que celui du p\u00e9trole brut \u00bb, a-t-il ajout\u00e9, alors que le carburant raffin\u00e9 met environ trois semaines \u00e0 atteindre les stations-service \u2013 ce qui implique que le carburant d\u00e9j\u00e0 raffin\u00e9 pourrait \u00eatre fourni au prix ant\u00e9rieur et non refl\u00e9ter la hausse ult\u00e9rieure des prix du p\u00e9trole brut.<\/p>\n<p>La porte-parole du gouvernement Maud Bregeon a d\u00e9clar\u00e9 qu\u2019il \u00e9tait encore trop t\u00f4t pour discuter de toute forme d\u2019aide au carburant pour les conducteurs en France, comme l\u2019allocation carburant mise en place apr\u00e8s le d\u00e9but de la guerre en Ukraine.<\/p>\n<h2>Et les r\u00e9serves de carburant ?<\/h2>\n<p>Les pays de l\u2019UE, dont la France, sont tenus de maintenir des r\u00e9serves d\u2019urgence de p\u00e9trole et de gaz \u00e9quivalant \u00e0 trois mois d\u2019importations.<\/p>\n<p>\u00c9tant donn\u00e9 qu\u2019il s\u2019agit d\u2019une r\u00e9serve d\u2019urgence, le carburant ne peut \u00eatre lib\u00e9r\u00e9 dans la cha\u00eene d\u2019approvisionnement sans une approbation coordonn\u00e9e.<\/p>\n<p>Elle est distincte de l\u2019approvisionnement en carburant que les op\u00e9rateurs de stations-service ach\u00e8tent, lequel provient de la cha\u00eene d\u2019approvisionnement mondiale.<\/p>\n<p>De nombreux pays de l\u2019UE, dont la France, font \u00e9galement partie de l\u2019Agence internationale de l\u2019\u00e9nergie (AIE) aux c\u00f4t\u00e9s des \u00c9tats-Unis, du Royaume-Uni, de l\u2019Australie, du Canada, entre autres.<\/p>\n<p>L\u2019AIE d\u00e9tient et g\u00e8re une r\u00e9serve de p\u00e9trole, retenue en dehors du march\u00e9 en cas d\u2019urgence.<\/p>\n<p>Elle envisage actuellement de lib\u00e9rer une partie des r\u00e9serves de carburant sur l\u2019offre mondiale pour faire baisser les prix du p\u00e9trole, une mesure soutenue par plusieurs pays dont les \u00c9tats\u2011Unis.<\/p>\n<p>Les \u00c9tats\u2011Unis envisagent de lib\u00e9rer entre 300 et 400 millions de barils de p\u00e9trole \u2013 estim\u00e9s repr\u00e9senter environ 30 % des r\u00e9serves d\u2019urgence \u2013 pour att\u00e9nuer la crise.<\/p>\n<p>Une r\u00e9union du G7 aujourd\u2019hui examinera une \u00e9ventuelle lib\u00e9ration des r\u00e9serves.<\/p>\n<p>L\u2019AIE a autoris\u00e9 cinq lib\u00e9rations d\u2019approvisionnement d\u2019urgence depuis 1974, dont deux \u00e0 la suite de la guerre en Ukraine.<\/p>\n<p>Ind\u00e9pendamment de tout plan de l\u2019AIE, des responsables europ\u00e9ens se r\u00e9uniront jeudi 12 mars pour discuter de la lib\u00e9ration de certaines de ses r\u00e9serves d\u2019urgence.<\/p>\n<p>Cependant, un conflit prolong\u00e9 et la fermeture du d\u00e9troit d\u2019Ormuz rendraient plus difficile le r\u00e9approvisionnement de ces r\u00e9serves d\u2019urgence, d\u2019autant plus que les prix mondiaux restent \u00e9lev\u00e9s.<\/p>\n<\/div>\n","protected":false},"excerpt":{"rendered":"<p>Les autorit\u00e9s fran\u00e7aises effectueront 500 contr\u00f4les dans les stations-service du pays afin de v\u00e9rifier que les prix du carburant ne sont pas artificiellement gonfl\u00e9s, a annonc\u00e9 dimanche le Premier ministre S\u00e9bastien Lecornu (8 mars). Les contr\u00f4les auront lieu entre lundi et mercredi (9 au 11 mars) dans des emplacements r\u00e9partis sur l\u2019ensemble du territoire. Cela [&hellip;]<\/p>\n","protected":false},"author":1,"featured_media":1565,"comment_status":"open","ping_status":"open","sticky":false,"template":"","format":"standard","meta":{"footnotes":""},"categories":[1],"tags":[904,899,603,42,313,230,675,342,1831],"class_list":["post-1564","post","type-post","status-publish","format-standard","has-post-thumbnail","hentry","category-non-classe","tag-carburant","tag-confrontees","tag-controles","tag-des","tag-francaises","tag-hausse","tag-pendant","tag-prix","tag-stationsservice"],"_links":{"self":[{"href":"https:\/\/www.rachida-dati.eu\/actualites\/wp-json\/wp\/v2\/posts\/1564","targetHints":{"allow":["GET"]}}],"collection":[{"href":"https:\/\/www.rachida-dati.eu\/actualites\/wp-json\/wp\/v2\/posts"}],"about":[{"href":"https:\/\/www.rachida-dati.eu\/actualites\/wp-json\/wp\/v2\/types\/post"}],"author":[{"embeddable":true,"href":"https:\/\/www.rachida-dati.eu\/actualites\/wp-json\/wp\/v2\/users\/1"}],"replies":[{"embeddable":true,"href":"https:\/\/www.rachida-dati.eu\/actualites\/wp-json\/wp\/v2\/comments?post=1564"}],"version-history":[{"count":1,"href":"https:\/\/www.rachida-dati.eu\/actualites\/wp-json\/wp\/v2\/posts\/1564\/revisions"}],"predecessor-version":[{"id":1566,"href":"https:\/\/www.rachida-dati.eu\/actualites\/wp-json\/wp\/v2\/posts\/1564\/revisions\/1566"}],"wp:featuredmedia":[{"embeddable":true,"href":"https:\/\/www.rachida-dati.eu\/actualites\/wp-json\/wp\/v2\/media\/1565"}],"wp:attachment":[{"href":"https:\/\/www.rachida-dati.eu\/actualites\/wp-json\/wp\/v2\/media?parent=1564"}],"wp:term":[{"taxonomy":"category","embeddable":true,"href":"https:\/\/www.rachida-dati.eu\/actualites\/wp-json\/wp\/v2\/categories?post=1564"},{"taxonomy":"post_tag","embeddable":true,"href":"https:\/\/www.rachida-dati.eu\/actualites\/wp-json\/wp\/v2\/tags?post=1564"}],"curies":[{"name":"wp","href":"https:\/\/api.w.org\/{rel}","templated":true}]}}