{"id":1571,"date":"2026-03-12T22:43:29","date_gmt":"2026-03-12T21:43:29","guid":{"rendered":"https:\/\/www.rachida-dati.eu\/actualites\/comment-la-nouvelle-taxe-de-2-e-sur-les-colis-non-ue-vers-la-france-vous-affecte\/"},"modified":"2026-03-12T22:43:29","modified_gmt":"2026-03-12T21:43:29","slug":"comment-la-nouvelle-taxe-de-2-e-sur-les-colis-non-ue-vers-la-france-vous-affecte","status":"publish","type":"post","link":"https:\/\/www.rachida-dati.eu\/actualites\/comment-la-nouvelle-taxe-de-2-e-sur-les-colis-non-ue-vers-la-france-vous-affecte\/","title":{"rendered":"Comment la nouvelle taxe de 2 \u20ac sur les colis non-UE vers la France vous affecte"},"content":{"rendered":"<div data-element-guid=\"7f7332a5-aca0-4fee-9990-ec700b171346\">\n<h2 class=\"subtitle t22\" style=\"\">La nouvelle taxe s\u2019applique aux livraisons d\u2019une valeur inf\u00e9rieure \u00e0 150 \u20ac<\/h2>\n<\/p>\n<\/div>\n<div data-element-guid=\"44aaef40-ed42-403d-b0ec-1154b3ae567a\">\n<p><!-- placeholder(#1) --><\/p>\n<p>L\u2019envoi de colis vers la France depuis l\u2019ext\u00e9rieur de l\u2019UE est devenu plus co\u00fbteux depuis l\u2019entr\u00e9e en vigueur, le 1er mars, d\u2019une nouvelle taxe.<\/p>\n<p>Les colis d\u2019une valeur inf\u00e9rieure \u00e0 150 \u20ac envoy\u00e9s vers la France (y compris ses territoires d\u2019outre-mer, et vers Monaco) en provenance de l\u2019ext\u00e9rieur de l\u2019UE se voient d\u00e9sormais facturer un suppl\u00e9ment de 2 \u20ac de taxe, comme indiqu\u00e9 dans le nouvel <span data-lab-font_weight=\"font-weight-bold\" class=\"font-weight-bold m-font-weight-bold\">Article 82 de la loi 2026-103<\/span> de <span data-lab-italic=\"italic\" class=\"italic m-italic\">la Loi de finances<\/span> (Budget) 2026.<\/p>\n<p>Cette mesure a \u00e9t\u00e9 introduite comme moyen de dissuader les d\u00e9taillants non\u2011UE qui vendent des articles \u00e0 bas co\u00fbt et de la fast fashion, consid\u00e9r\u00e9s comme particuli\u00e8rement nuisibles pour l\u2019environnement. On pense que les articles exp\u00e9di\u00e9s depuis la Chine ont \u00e9t\u00e9 cibl\u00e9s en priorit\u00e9, mais tous les pays non\u2011UE sont concern\u00e9s, c\u2019est\u2011\u00e0\u2011dire le Royaume\u2011Uni, les \u00c9tats\u2011Unis, etc.<\/p>\n<p>Elle concerne toute livraison commerciale, ainsi que les cadeaux \u00e9chang\u00e9s entre particuliers lorsque la valeur de l\u2019objet envoy\u00e9 d\u00e9passe 45 \u20ac.<\/p>\n<p>Les envois de colis ont connu une flamb\u00e9e ces derni\u00e8res ann\u00e9es.<\/p>\n<p>Des donn\u00e9es douani\u00e8res fran\u00e7aises publi\u00e9es en d\u00e9cembre 2025 montrent qu\u2019il y a eu 189 millions de d\u00e9clarations pour petits colis enregistr\u00e9es en France en 2024.<\/p>\n<p>Et le nombre de petits colis livr\u00e9s a tripl\u00e9 entre 2022 et 2024, avec une valeur totale passant de 1,9 milliard d\u2019euros en 2022 \u00e0 5,3 milliards d\u2019euros en 2024.<\/p>\n<p>Les colis d\u2019une valeur inf\u00e9rieure \u00e0 150 \u20ac ont \u00e9t\u00e9 soumis \u00e0 la TVA et \u00e0 une d\u00e9claration douani\u00e8re sp\u00e9cifique depuis juillet 2021, avec 2,1 milliards d\u2019articles import\u00e9s en France depuis lors.<\/p>\n<p>Cette taxe particuli\u00e8re est cens\u00e9e \u00eatre temporaire, explique toutefois le site gouvernemental <span data-lab-font_weight=\"font-weight-bold\" class=\"font-weight-bold m-font-weight-bold\">le Service Public<\/span>. Elle s\u2019appliquera uniquement jusqu\u2019au 31 d\u00e9cembre 2026 au plus tard, apr\u00e8s quoi une taxe europ\u00e9enne \u00e9quivalente entrera en vigueur \u00e0 la place.<\/p>\n<h2>Comment le suppl\u00e9ment de 2 \u20ac est-il calcul\u00e9 ?<\/h2>\n<p>Le suppl\u00e9ment de 2 \u20ac ne s\u2019applique pas par colis, mais par ligne tarifaire douani\u00e8re d\u00e9clar\u00e9e dans les documents d\u2019importation. En pratique, le montant d\u00e9pend du nombre de cat\u00e9gories de biens diff\u00e9rentes \u2013 chacune identifi\u00e9e par un code douanier distinct \u2013 qui figurent sur la d\u00e9claration.<\/p>\n<p>Par exemple, un colis ne contenant que des articles identiques qui rel\u00e8vent d\u2019un seul code tarifaire n\u2019entra\u00eenerait qu\u2019un seul suppl\u00e9ment de 2 \u20ac.<\/p>\n<p>En revanche, un colis contenant diff\u00e9rents types de biens \u2013 comme des v\u00eatements fabriqu\u00e9s \u00e0 partir de mat\u00e9riaux diff\u00e9rents, des jouets ou des cosm\u00e9tiques \u2013 pourrait g\u00e9n\u00e9rer plusieurs lignes tarifaires et donc plusieurs suppl\u00e9ments de 2 \u20ac.<\/p>\n<p>La r\u00e8gle s\u2019applique \u00e0 tous les colis \u00e9ligibles exp\u00e9di\u00e9s depuis l\u2019ext\u00e9rieur de l\u2019UE.<\/p>\n<p>Dans la plupart des cas, l\u2019exportateur sera invit\u00e9 \u00e0 payer la taxe; toutefois, dans certains cas, des particuliers la paieront, par exemple dans le cas d\u2019un cadeau re\u00e7u d\u2019une autre personne dont la valeur se situe entre 45 et 150 \u20ac.<\/p>\n<h2>Effet \u00ab boomerang \u00bb ?<\/h2>\n<p>L\u2019Italie a instaur\u00e9 la m\u00eame mesure le 1er janvier de cette ann\u00e9e, et les critiques ont affirm\u00e9 que le changement n\u2019avait fait que d\u00e9localiser le probl\u00e8me vers d\u2019autres pays.<\/p>\n<p>Valentina Menin, directrice g\u00e9n\u00e9rale de l\u2019association italienne des a\u00e9roports Assaeroporti, a d\u00e9clar\u00e9 au Financial Times que la taxe avait eu un effet imm\u00e9diat de type \u00ab boomerang \u00bb.<\/p>\n<p>Au moins 30 vols initialement destin\u00e9s \u00e0 atterrir \u00e0 l\u2019a\u00e9roport de Milan-Malpensa, \u00ab le point d\u2019entr\u00e9e de 60 % des marchandises exp\u00e9di\u00e9es vers l\u2019Italie par avion \u00bb, ont \u00e9t\u00e9 redirig\u00e9s vers la Belgique, Amsterdam ou la Hongrie, a-t-elle indiqu\u00e9.<\/p>\n<p>Cela pourrait changer lorsque la r\u00e8gle europ\u00e9enne commune sera mise en vigueur l\u2019ann\u00e9e prochaine.<\/p>\n<p>Cette mesure s\u2019ajoute \u00e0 l\u2019augmentation du co\u00fbt d\u2019envoi des lettres et colis \u00e0 l\u2019int\u00e9rieur de la France, qui a augment\u00e9 en moyenne de 7,4% \u00e0 partir du 1er janvier, en raison des <span data-lab-font_weight=\"font-weight-bold\" class=\"font-weight-bold m-font-weight-bold\">changements tarifaires de La Poste<\/span>. Le co\u00fbt d\u2019envoi des colis via le service Colissimo a augment\u00e9 de 3,4% pour toutes les destinations. Cela fait suite \u00e0 <span data-lab-font_weight=\"font-weight-bold\" class=\"font-weight-bold m-font-weight-bold\">plusieurs ann\u00e9es de hausses progressives des tarifs<\/span>.<\/p>\n<\/div>\n","protected":false},"excerpt":{"rendered":"<p>La nouvelle taxe s\u2019applique aux livraisons d\u2019une valeur inf\u00e9rieure \u00e0 150 \u20ac L\u2019envoi de colis vers la France depuis l\u2019ext\u00e9rieur de l\u2019UE est devenu plus co\u00fbteux depuis l\u2019entr\u00e9e en vigueur, le 1er mars, d\u2019une nouvelle taxe. Les colis d\u2019une valeur inf\u00e9rieure \u00e0 150 \u20ac envoy\u00e9s vers la France (y compris ses territoires d\u2019outre-mer, et vers [&hellip;]<\/p>\n","protected":false},"author":1,"featured_media":1572,"comment_status":"open","ping_status":"open","sticky":false,"template":"","format":"standard","meta":{"footnotes":""},"categories":[1],"tags":[570,548,107,37,35,1441,203,30,399,105,259],"class_list":["post-1571","post","type-post","status-publish","format-standard","has-post-thumbnail","hentry","category-non-classe","tag-affecte","tag-colis","tag-comment","tag-france","tag-les","tag-nonue","tag-nouvelle","tag-sur","tag-taxe","tag-vers","tag-vous"],"_links":{"self":[{"href":"https:\/\/www.rachida-dati.eu\/actualites\/wp-json\/wp\/v2\/posts\/1571","targetHints":{"allow":["GET"]}}],"collection":[{"href":"https:\/\/www.rachida-dati.eu\/actualites\/wp-json\/wp\/v2\/posts"}],"about":[{"href":"https:\/\/www.rachida-dati.eu\/actualites\/wp-json\/wp\/v2\/types\/post"}],"author":[{"embeddable":true,"href":"https:\/\/www.rachida-dati.eu\/actualites\/wp-json\/wp\/v2\/users\/1"}],"replies":[{"embeddable":true,"href":"https:\/\/www.rachida-dati.eu\/actualites\/wp-json\/wp\/v2\/comments?post=1571"}],"version-history":[{"count":1,"href":"https:\/\/www.rachida-dati.eu\/actualites\/wp-json\/wp\/v2\/posts\/1571\/revisions"}],"predecessor-version":[{"id":1573,"href":"https:\/\/www.rachida-dati.eu\/actualites\/wp-json\/wp\/v2\/posts\/1571\/revisions\/1573"}],"wp:featuredmedia":[{"embeddable":true,"href":"https:\/\/www.rachida-dati.eu\/actualites\/wp-json\/wp\/v2\/media\/1572"}],"wp:attachment":[{"href":"https:\/\/www.rachida-dati.eu\/actualites\/wp-json\/wp\/v2\/media?parent=1571"}],"wp:term":[{"taxonomy":"category","embeddable":true,"href":"https:\/\/www.rachida-dati.eu\/actualites\/wp-json\/wp\/v2\/categories?post=1571"},{"taxonomy":"post_tag","embeddable":true,"href":"https:\/\/www.rachida-dati.eu\/actualites\/wp-json\/wp\/v2\/tags?post=1571"}],"curies":[{"name":"wp","href":"https:\/\/api.w.org\/{rel}","templated":true}]}}