{"id":1586,"date":"2026-03-14T03:44:49","date_gmt":"2026-03-14T02:44:49","guid":{"rendered":"https:\/\/www.rachida-dati.eu\/actualites\/les-deputes-francais-approuvent-une-nouvelle-legislation-sur-le-droit-de-mourir-details-cles-reveles\/"},"modified":"2026-03-14T03:44:50","modified_gmt":"2026-03-14T02:44:50","slug":"les-deputes-francais-approuvent-une-nouvelle-legislation-sur-le-droit-de-mourir-details-cles-reveles","status":"publish","type":"post","link":"https:\/\/www.rachida-dati.eu\/actualites\/les-deputes-francais-approuvent-une-nouvelle-legislation-sur-le-droit-de-mourir-details-cles-reveles\/","title":{"rendered":"Les d\u00e9put\u00e9s fran\u00e7ais approuvent une nouvelle l\u00e9gislation sur le droit de mourir: d\u00e9tails cl\u00e9s r\u00e9v\u00e9l\u00e9s"},"content":{"rendered":"<div data-element-guid=\"7f7332a5-aca0-4fee-9990-ec700b171346\">\n<h2 class=\"subtitle \" style=\"\">Le but est de cr\u00e9er une nouvelle l\u00e9gislation sur le droit de mourir<\/h2>\n<\/p>\n<\/div>\n<div data-element-guid=\"02c3ca3f-4a78-4a40-8b1c-492fdeeb010d\">\n<p><!-- placeholder(#1) --><\/p>\n<p>Des d\u00e9put\u00e9s fran\u00e7ais ont approuv\u00e9 en premi\u00e8re lecture un projet de loi r\u00e9vis\u00e9 visant \u00e0 cr\u00e9er une nouvelle l\u00e9gislation sur le droit de mourir.<\/p>\n<p>Il se compose de deux textes \u2013 l\u2019un renfor\u00e7ant les soins palliatifs et l\u2019autre \u00e9tablissant un droit conditionnel \u00e0 l\u2019aide \u00e0 mourir.<\/p>\n<p>Le texte sera d\u00e9sormais renvoy\u00e9 au S\u00e9nat en avril (une version pr\u00e9c\u00e9dente avait \u00e9t\u00e9 rejet\u00e9e d\u00e8s la premi\u00e8re lecture l\u00e0-bas en janvier).<\/p>\n<p>C\u2019est la deuxi\u00e8me fois que les d\u00e9put\u00e9s se prononcent sur le texte. Il a \u00e9t\u00e9 adopt\u00e9 apr\u00e8s sa <span data-lab-font_weight=\"font-weight-bold\" class=\"font-weight-bold m-font-weight-bold\">premi\u00e8re lecture parlementaire<\/span> en mai dernier, par <span data-lab-font_weight=\"font-weight-bold\" class=\"font-weight-bold m-font-weight-bold\">305 voix pour 199<\/span>. La version la plus r\u00e9cente a \u00e9t\u00e9 adopt\u00e9e par 299 voix pour 226, le 25 f\u00e9vrier.<\/p>\n<p>La derni\u00e8re version comprend des amendements et des dispositions concernant des \u00e9l\u00e9ments controvers\u00e9s du texte qui font d\u00e9bat depuis des ann\u00e9es, y compris de nouveaux accords sur le d\u00e9veloppement des soins palliatifs pour les patients en phase terminale.<\/p>\n<p>Cela fait suite \u00e0 l\u2019engagement du pr\u00e9sident Macron, en 2022, de cr\u00e9er un syst\u00e8me r\u00e9gul\u00e9 du droit de mourir en France \u2013 \u00e9galement connu sous les termes \u00ab suicide assist\u00e9 \u00bb ou \u00ab euthanasie \u00bb, bien que ces termes <span data-lab-font_weight=\"font-weight-bold\" class=\"font-weight-bold m-font-weight-bold\">n\u2019apparaissent pas<\/span> dans le texte.<\/p>\n<p>\u00ab Je pense \u00e0 tous ces malades. \u00c0 leurs proches. Ce sont eux qui m\u2019ont fait comprendre que parfois il existe quelque chose de pire que la mort \u00bb, a d\u00e9clar\u00e9 dans la Chambre Olivier Falorni, d\u00e9put\u00e9 du Mouvement d\u00e9mocrate (MoDem) et rapporteur g\u00e9n\u00e9ral du texte, au parlement.\u00a0<\/p>\n<p>\u00ab Aujourd\u2019hui, nous leur disons que nous les avons entendus et qu\u2019ils auront enfin le droit, dans notre pays, de pouvoir mourir en paix, en libert\u00e9 et avec humanit\u00e9. \u00bb<\/p>\n<p>Le pr\u00e9sident Macron a suivi de pr\u00e8s les d\u00e9bats entourant les textes et a salu\u00e9 le fait qu\u2019ils se soient d\u00e9roul\u00e9s dans un contexte respectueux, ce qui a permis \u00ab un libell\u00e9 \u00e9quilibr\u00e9 et des progr\u00e8s vers un mod\u00e8le humain \u00bb, a d\u00e9clar\u00e9 son cabinet dans un communiqu\u00e9 \u00e0 la cha\u00eene d\u2019information LC\u0399.<\/p>\n<h2>Que contient le texte ?<\/h2>\n<p>Le texte d\u00e9finit certaines conditions d\u2019acc\u00e8s et d\u2019administration du droit de mourir, notamment :<\/p>\n<h3>\u00c9ligibilit\u00e9<\/h3>\n<p>Pour \u00eatre <span data-lab-font_weight=\"font-weight-bold\" class=\"font-weight-bold m-font-weight-bold\">\u00e9ligible \u00e0 l\u2019aide \u00e0 mourir<\/span>, le demandeur doit r\u00e9unir cinq conditions :<\/p>\n<ul>\n<li>\n<p>\u00eatre majeur<\/p>\n<\/li>\n<li>\n<p>\u00eatre Fran\u00e7ais ou r\u00e9sidant en France<\/p>\n<\/li>\n<li>\n<p>souffrir d\u2019une \u00ab maladie grave ou incurable \u00bb qui est \u00ab mena\u00e7ante pour le pronostic vital \u00bb<\/p>\n<\/li>\n<li>\n<p>\u00eatre \u00ab capable d\u2019exprimer ses souhaits librement et de mani\u00e8re \u00e9clair\u00e9e \u00bb<\/p>\n<\/li>\n<li>\n<p>souffrir d\u2019une mani\u00e8re \u00ab soit r\u00e9sistante au traitement, soit insupportable, selon la personne lorsqu\u2019elle choisit de ne pas recevoir ou d\u2019arr\u00eater le traitement \u00bb<\/p>\n<\/li>\n<\/ul>\n<p>Les d\u00e9put\u00e9s ont pass\u00e9 beaucoup de temps \u00e0 r\u00e9fl\u00e9chir \u00e0 la d\u00e9finition de la \u00ab souffrance \u00bb, et aux conditions dans lesquelles un patient devrait pouvoir acc\u00e9der au droit de mourir ou non.<\/p>\n<p>Le texte indiquait que le patient devait souffrir de \u00ab souffrance physique ou psychologique \u00bb, mais les d\u00e9put\u00e9s ont r\u00e9vis\u00e9 cette disposition avant le vote le plus r\u00e9cent. La nouvelle r\u00e9daction pr\u00e9cise que \u00ab la souffrance psychologique seule ne peut en aucune circonstance qualifier une personne pour l\u2019aide \u00e0 mourir \u00bb. <\/p>\n<p>La mesure vise \u00e0 emp\u00eacher les personnes de recourir \u00e0 l\u2019aide \u00e0 mourir au motif d\u2019un mal-\u00eatre psychologique qui pourrait \u00eatre temporaire, m\u00eame si cela peut para\u00eetre diff\u00e9rent sur le moment.<\/p>\n<p>Des exemples incluent une personne \u00ab diagnostiqu\u00e9e d\u2019un cancer avanc\u00e9 avec un pronostic vital \u00bb qui est \u00ab sans douleur physique significative mais \u00e9prouve une d\u00e9tresse psychologique \u00bb, a d\u00e9clar\u00e9 la ministre de la Sant\u00e9, St\u00e9phanie Rist.<\/p>\n<p>Dans ce cas, leur \u00e9tat psychologique pourrait \u00ab refl\u00e9ter une vuln\u00e9rabilit\u00e9 temporaire \u00bb, et leur demande de mourir ne serait pas consid\u00e9r\u00e9e comme \u00ab un choix libre et \u00e9clair\u00e9 \u00bb, a-t-elle ajout\u00e9.<\/p>\n<p>Les d\u00e9put\u00e9s ont \u00e9galement discut\u00e9 de la mani\u00e8re de trouver un \u00e9quilibre entre la protection des personnes vuln\u00e9rables et la libert\u00e9 individuelle des personnes qui souhaitent mettre fin \u00e0 leur vie.<\/p>\n<h3>D\u00e9cision collective<\/h3>\n<p>La d\u00e9cision ne peut pas \u00eatre prise par un seul m\u00e9decin. Un m\u00e9decin qui re\u00e7oit une demande d\u2019aide \u00e0 mourir doit organiser une r\u00e9union, avec :<\/p>\n<p>Un proche du patient peut \u00e9galement \u00eatre pr\u00e9sent si le patient le souhaite, ont ajout\u00e9 les d\u00e9put\u00e9s au texte.<\/p>\n<h3>Param\u00e8tres de la d\u00e9cision<\/h3>\n<p>La d\u00e9cision ne peut pas \u00eatre prise en une seule journ\u00e9e.\u00a0<\/p>\n<p>La d\u00e9cision d\u2019accorder ou non la demande sera prise dans les 15 jours. Le patient aura ensuite deux jours pour confirmer son choix.\u00a0<\/p>\n<p>Le patient peut se retirer \u00e0 tout moment pour n\u2019importe quelle raison. Dans la mesure du possible, le patient devrait effectuer lui-m\u00eame la proc\u00e9dure de fin de vie, le personnel m\u00e9dical n\u2019intervenant que lorsque le patient est \u00ab physiquement incapable de le faire \u00bb, indique le texte.<\/p>\n<p>Le texte pr\u00e9voit \u00e9galement la cr\u00e9ation de maisons d\u2019accompagnement pour les patients, afin de servir d\u2019espace interm\u00e9diaire entre l\u2019h\u00f4pital et le domicile.<\/p>\n<h2>Critiques<\/h2>\n<p>Le texte n\u2019est pas d\u00e9pourvu de critiques ni d\u2019opposants.<\/p>\n<p>La porte-parole du gouvernement Maud Bregeon a d\u00e9clar\u00e9 que, \u00e0 titre personnel, le texte \u00ab va trop loin \u00bb. Elle a confi\u00e9 \u00e0 <span data-lab-italic=\"italic\" class=\"italic m-italic\">FranceInfo<\/span> : \u00ab Je pense que ce projet de loi ouvre une bo\u00eete de Pandore et ne fixe pas des limites suffisantes pour prot\u00e9ger la soci\u00e9t\u00e9 des abus. \u00bb\u00a0<\/p>\n<p>Elle a ajout\u00e9 que le projet de loi devrait \u00eatre \u00ab limit\u00e9 aux maladies incurables conduisant \u00e0 la mort \u00e0 court terme \u00bb, mais la version adopt\u00e9e va au\u2011del\u00e0.<\/p>\n<h2>D\u00e9bat au S\u00e9nat<\/h2>\n<p>Le texte doit maintenant retourner au S\u00e9nat en avril pour de nouveaux d\u00e9bats. La chambre haute <span data-lab-font_weight=\"font-weight-bold\" class=\"font-weight-bold m-font-weight-bold\">avait rejet\u00e9 le texte pr\u00e9c\u00e9dent<\/span>.<\/p>\n<p>\u00ab Le chemin, comme vous le savez, n\u2019est pas termin\u00e9 \u00bb, a d\u00e9clar\u00e9 Ya\u00ebl Braun-Pivet, pr\u00e9sidente de l\u2019<span data-lab-italic=\"italic\" class=\"italic m-italic\">Assembl\u00e9e Nationale<\/span>. \u00ab Nous sommes dans un long processus l\u00e9gislatif. Nous devons prendre notre temps. J\u2019esp\u00e8re que le S\u00e9nat prendra aussi le temps d\u2019examiner ce texte et d\u2019essayer de trouver une voie \u00e0 suivre. \u00bb<\/p>\n<p>Apr\u00e8s l\u2019examen au S\u00e9nat, le texte sera ensuite pr\u00e9sent\u00e9 \u00e0 une commission mixte afin de rechercher un consensus sur les points encore d\u00e9battus \u2013 bien que cela s\u2019annonce difficile en raison de la controverse entourant le texte. Le projet de loi fera ensuite l\u2019objet d\u2019une nouvelle lecture et d\u2019un nouveau d\u00e9bat \u00e0 l\u2019<span data-lab-italic=\"italic\" class=\"italic m-italic\">Assembl\u00e9e<\/span> et au S\u00e9nat.<\/p>\n<\/div>\n","protected":false},"excerpt":{"rendered":"<p>Le but est de cr\u00e9er une nouvelle l\u00e9gislation sur le droit de mourir Des d\u00e9put\u00e9s fran\u00e7ais ont approuv\u00e9 en premi\u00e8re lecture un projet de loi r\u00e9vis\u00e9 visant \u00e0 cr\u00e9er une nouvelle l\u00e9gislation sur le droit de mourir. Il se compose de deux textes \u2013 l\u2019un renfor\u00e7ant les soins palliatifs et l\u2019autre \u00e9tablissant un droit conditionnel [&hellip;]<\/p>\n","protected":false},"author":1,"featured_media":1587,"comment_status":"open","ping_status":"open","sticky":false,"template":"","format":"standard","meta":{"footnotes":""},"categories":[1],"tags":[484,305,483,1481,884,23,1842,35,1843,203,855,30,29],"class_list":["post-1586","post","type-post","status-publish","format-standard","has-post-thumbnail","hentry","category-non-classe","tag-approuvent","tag-cles","tag-deputes","tag-details","tag-droit","tag-francais","tag-legislation","tag-les","tag-mourir","tag-nouvelle","tag-reveles","tag-sur","tag-une"],"_links":{"self":[{"href":"https:\/\/www.rachida-dati.eu\/actualites\/wp-json\/wp\/v2\/posts\/1586","targetHints":{"allow":["GET"]}}],"collection":[{"href":"https:\/\/www.rachida-dati.eu\/actualites\/wp-json\/wp\/v2\/posts"}],"about":[{"href":"https:\/\/www.rachida-dati.eu\/actualites\/wp-json\/wp\/v2\/types\/post"}],"author":[{"embeddable":true,"href":"https:\/\/www.rachida-dati.eu\/actualites\/wp-json\/wp\/v2\/users\/1"}],"replies":[{"embeddable":true,"href":"https:\/\/www.rachida-dati.eu\/actualites\/wp-json\/wp\/v2\/comments?post=1586"}],"version-history":[{"count":1,"href":"https:\/\/www.rachida-dati.eu\/actualites\/wp-json\/wp\/v2\/posts\/1586\/revisions"}],"predecessor-version":[{"id":1588,"href":"https:\/\/www.rachida-dati.eu\/actualites\/wp-json\/wp\/v2\/posts\/1586\/revisions\/1588"}],"wp:featuredmedia":[{"embeddable":true,"href":"https:\/\/www.rachida-dati.eu\/actualites\/wp-json\/wp\/v2\/media\/1587"}],"wp:attachment":[{"href":"https:\/\/www.rachida-dati.eu\/actualites\/wp-json\/wp\/v2\/media?parent=1586"}],"wp:term":[{"taxonomy":"category","embeddable":true,"href":"https:\/\/www.rachida-dati.eu\/actualites\/wp-json\/wp\/v2\/categories?post=1586"},{"taxonomy":"post_tag","embeddable":true,"href":"https:\/\/www.rachida-dati.eu\/actualites\/wp-json\/wp\/v2\/tags?post=1586"}],"curies":[{"name":"wp","href":"https:\/\/api.w.org\/{rel}","templated":true}]}}