{"id":1592,"date":"2026-03-14T15:44:26","date_gmt":"2026-03-14T14:44:26","guid":{"rendered":"https:\/\/www.rachida-dati.eu\/actualites\/deux-autres-deces-de-skieurs-confirmes-apres-les-avalanches-du-week-end-dans-les-alpes-francaises\/"},"modified":"2026-03-14T15:44:27","modified_gmt":"2026-03-14T14:44:27","slug":"deux-autres-deces-de-skieurs-confirmes-apres-les-avalanches-du-week-end-dans-les-alpes-francaises","status":"publish","type":"post","link":"https:\/\/www.rachida-dati.eu\/actualites\/deux-autres-deces-de-skieurs-confirmes-apres-les-avalanches-du-week-end-dans-les-alpes-francaises\/","title":{"rendered":"Deux autres d\u00e9c\u00e8s de skieurs confirm\u00e9s apr\u00e8s les avalanches du week-end dans les Alpes fran\u00e7aises"},"content":{"rendered":"<div data-element-guid=\"7f7332a5-aca0-4fee-9990-ec700b171346\">\n<h2 class=\"subtitle \" style=\"\">Des skieurs itin\u00e9rants exp\u00e9riment\u00e9s ont \u00e9t\u00e9 retrouv\u00e9s lorsque les d\u00e9tecteurs de victimes d&rsquo;avalanches ont \u00e9mis un avertissement<\/h2>\n<\/div>\n<div data-element-guid=\"f779f3a7-7e66-471c-cb42-64ec72680586\">\n<p><!-- placeholder(#1) --><\/p>\n<p>Les d\u00e9c\u00e8s de deux skieurs dans les Alpes de Haute-Savoie \u00e0 la suite d&rsquo;avalanches survenues dimanche (le 22 f\u00e9vrier) ont \u00e9t\u00e9 confirm\u00e9s par les autorit\u00e9s locales.<\/p>\n<p>Les victimes, deux femmes d&rsquo;une cinquantaine d&rsquo;ann\u00e9es, ont \u00e9t\u00e9 retrouv\u00e9es lundi pr\u00e8s de La Chapelle-d\u2019Abondance, apr\u00e8s avoir \u00e9t\u00e9 d\u00e9clar\u00e9es manquantes au travail.<\/p>\n<p>Un v\u00e9hicule a \u00e9t\u00e9 retrouv\u00e9 gar\u00e9 au d\u00e9part d&rsquo;un itin\u00e9raire proche utilis\u00e9 pour le ski de randonn\u00e9e, d\u00e9clenchant une op\u00e9ration de recherche et sauvetage.<\/p>\n<p>Les deux femmes ont \u00e9t\u00e9 retrouv\u00e9es ensevelies sous la neige \u00e0 des profondeurs respectives de 50 cm et 150 cm, et avaient \u00e9t\u00e9 immerg\u00e9es pendant plusieurs heures.<\/p>\n<p>Elles \u00e9taient \u00e9quip\u00e9es de d\u00e9tecteurs de victimes d&rsquo;avalanches (DVA), qui \u00e9mettaient un signal lorsque des secours en h\u00e9licopt\u00e8re survolaient l&rsquo;itin\u00e9raire.<\/p>\n<h2>Des d\u00e9c\u00e8s survenus malgr\u00e9 un niveau d&rsquo;alerte avalanche inf\u00e9rieur<\/h2>\n<p>Les femmes \u00e9taient membres du club alpin fran\u00e7ais local L\u00e9man ski-hiking, et avaient de l&rsquo;exp\u00e9rience en ski itin\u00e9rant.<\/p>\n<p>Au moment de l&rsquo;avalanche dimanche, les Alpes fran\u00e7aises de Haute-Savoie pr\u00e9sentaient un risque d&rsquo;alerte avalanche de 3 sur 5 selon le pr\u00e9visionniste national M\u00e9t\u00e9o-France, inf\u00e9rieur \u00e0 plusieurs jours r\u00e9cents. Les avertissements utilisent l&rsquo;\u00e9chelle europ\u00e9enne de danger d&rsquo;avalanche \u00e0 5 points, classant le risque de faible (1) \u00e0 tr\u00e8s \u00e9lev\u00e9 (5).<\/p>\n<p>Des temp\u00e9ratures douces en hausse, y compris des records pour le mois de f\u00e9vrier, en plus de plusieurs jours de chutes de neige \u00e0 travers les Alpes, ont conduit \u00e0 des avertissements concernant le risque de nouvelles avalanches.<\/p>\n<p>L&rsquo;incident porte en outre le bilan des morts dans les Alpes fran\u00e7aises pour cette saison hivernale.<\/p>\n<p>\u00c0 partir de jeudi (26 f\u00e9vrier) <span data-lab-font_weight=\"font-weight-bold\" class=\"font-weight-bold m-font-weight-bold\">au moins 30 personnes sont mortes dans les sections fran\u00e7aises des Alpes, dont plusieurs Britanniques<\/span>.<\/p>\n<p>Un grand nombre d&rsquo;accidents ont \u00e9t\u00e9 caus\u00e9s par des avalanches, en plus du ski hors-piste.<\/p>\n<p>Aux c\u00f4t\u00e9s des d\u00e9c\u00e8s, la pr\u00e9occupation grandit quant \u00e0 la conduite de certains visiteurs sur les pistes fran\u00e7aises.<\/p>\n<\/div>\n","protected":false},"excerpt":{"rendered":"<p>Des skieurs itin\u00e9rants exp\u00e9riment\u00e9s ont \u00e9t\u00e9 retrouv\u00e9s lorsque les d\u00e9tecteurs de victimes d&rsquo;avalanches ont \u00e9mis un avertissement Les d\u00e9c\u00e8s de deux skieurs dans les Alpes de Haute-Savoie \u00e0 la suite d&rsquo;avalanches survenues dimanche (le 22 f\u00e9vrier) ont \u00e9t\u00e9 confirm\u00e9s par les autorit\u00e9s locales. Les victimes, deux femmes d&rsquo;une cinquantaine d&rsquo;ann\u00e9es, ont \u00e9t\u00e9 retrouv\u00e9es lundi pr\u00e8s [&hellip;]<\/p>\n","protected":false},"author":1,"featured_media":1593,"comment_status":"open","ping_status":"open","sticky":false,"template":"","format":"standard","meta":{"footnotes":""},"categories":[1],"tags":[585,28,611,1206,1848,50,606,1482,313,35,589,71],"class_list":["post-1592","post","type-post","status-publish","format-standard","has-post-thumbnail","hentry","category-non-classe","tag-alpes","tag-apres","tag-autres","tag-avalanches","tag-confirmes","tag-dans","tag-deces","tag-deux","tag-francaises","tag-les","tag-skieurs","tag-weekend"],"_links":{"self":[{"href":"https:\/\/www.rachida-dati.eu\/actualites\/wp-json\/wp\/v2\/posts\/1592","targetHints":{"allow":["GET"]}}],"collection":[{"href":"https:\/\/www.rachida-dati.eu\/actualites\/wp-json\/wp\/v2\/posts"}],"about":[{"href":"https:\/\/www.rachida-dati.eu\/actualites\/wp-json\/wp\/v2\/types\/post"}],"author":[{"embeddable":true,"href":"https:\/\/www.rachida-dati.eu\/actualites\/wp-json\/wp\/v2\/users\/1"}],"replies":[{"embeddable":true,"href":"https:\/\/www.rachida-dati.eu\/actualites\/wp-json\/wp\/v2\/comments?post=1592"}],"version-history":[{"count":1,"href":"https:\/\/www.rachida-dati.eu\/actualites\/wp-json\/wp\/v2\/posts\/1592\/revisions"}],"predecessor-version":[{"id":1594,"href":"https:\/\/www.rachida-dati.eu\/actualites\/wp-json\/wp\/v2\/posts\/1592\/revisions\/1594"}],"wp:featuredmedia":[{"embeddable":true,"href":"https:\/\/www.rachida-dati.eu\/actualites\/wp-json\/wp\/v2\/media\/1593"}],"wp:attachment":[{"href":"https:\/\/www.rachida-dati.eu\/actualites\/wp-json\/wp\/v2\/media?parent=1592"}],"wp:term":[{"taxonomy":"category","embeddable":true,"href":"https:\/\/www.rachida-dati.eu\/actualites\/wp-json\/wp\/v2\/categories?post=1592"},{"taxonomy":"post_tag","embeddable":true,"href":"https:\/\/www.rachida-dati.eu\/actualites\/wp-json\/wp\/v2\/tags?post=1592"}],"curies":[{"name":"wp","href":"https:\/\/api.w.org\/{rel}","templated":true}]}}