{"id":1598,"date":"2026-03-15T02:43:43","date_gmt":"2026-03-15T01:43:43","guid":{"rendered":"https:\/\/www.rachida-dati.eu\/actualites\/aer-lingus-lance-des-vols-directs-nice-cork-pour-lete-2026\/"},"modified":"2026-03-15T02:43:44","modified_gmt":"2026-03-15T01:43:44","slug":"aer-lingus-lance-des-vols-directs-nice-cork-pour-lete-2026","status":"publish","type":"post","link":"https:\/\/www.rachida-dati.eu\/actualites\/aer-lingus-lance-des-vols-directs-nice-cork-pour-lete-2026\/","title":{"rendered":"Aer Lingus lance des vols directs Nice-Cork pour l&rsquo;\u00e9t\u00e9 2026"},"content":{"rendered":"<div id=\"main\">\n<div data-element-guid=\"7f7332a5-aca0-4fee-9990-ec700b171346\" class=\"articleHeader column hasCaption\">\n<h2 class=\"subtitle \" style=\"\">Deux vols par semaine entre mai et septembre relient le sud de l&rsquo;Irlande et la France<\/h2>\n<\/p>\n<\/div>\n<div data-element-guid=\"776e851b-0321-4012-d24b-e23ac1a22b11\" class=\"bodytext large-12 small-12 medium-12\">\n<p><!-- placeholder(#1) --><\/p>\n<p>La compagnie a\u00e9rienne irlandaise Aer Lingus lance une liaison directe Nice-Cork pour la saison estivale 2026.<\/p>\n<p>\u00c0 compter du 2 mai, elle op\u00e9rera deux fois par semaine, les mercredis et samedis. Les vols sont pour l&rsquo;instant pr\u00e9vus jusqu&rsquo;au 30 septembre.<\/p>\n<p>Les billets d\u00e9butent \u00e0 70 \u20ac l&rsquo;aller simple sur le site de la compagnie a\u00e9rienne irlandaise, bien qu&rsquo;ils puissent atteindre des montants bien sup\u00e9rieurs \u00e0 ce chiffre lors des dates les plus charg\u00e9es.<\/p>\n<p>Il s&rsquo;agit du deuxi\u00e8me vol d&rsquo;Aer Lingus partant de Nice, une desserte vers la capitale irlandaise, Dublin, \u00e9tant \u00e9galement propos\u00e9e.<\/p>\n<p>Un nouveau vol Cork-Santiago de Compostela (Espagne) est \u00e9galement en service depuis l&rsquo;a\u00e9roport irlandais pour l&rsquo;\u00e9t\u00e9.<\/p>\n<p>\u00ab Nous sommes ravis de voir\u2026 l&rsquo;ajout de nouvelles routes Aer Lingus vers Santiago de Compostela et Nice. Avec ces services, les passagers auront encore plus de choix pour voyager depuis l&rsquo;a\u00e9roport de Cork cet \u00e9t\u00e9 \u00bb, a d\u00e9clar\u00e9 Tara Finn, responsable des activit\u00e9s et de la communication \u00e0 l&rsquo;a\u00e9roport de Cork.<\/p>\n<p>Il s&rsquo;agit de la derni\u00e8re initiative dans une s\u00e9rie d&rsquo;activit\u00e9s centr\u00e9es sur la France de la part de la compagnie a\u00e9rienne, qui a r\u00e9cemment annonc\u00e9 de nouvelles liaisons depuis Dublin vers <span data-lab-font_weight=\"font-weight-bold\" class=\"font-weight-bold m-font-weight-bold\">Montpellier<\/span> et <span data-lab-font_weight=\"font-weight-bold\" class=\"font-weight-bold m-font-weight-bold\">Bretagne<\/span>.<\/p>\n<\/div><\/div>\n","protected":false},"excerpt":{"rendered":"<p>Deux vols par semaine entre mai et septembre relient le sud de l&rsquo;Irlande et la France La compagnie a\u00e9rienne irlandaise Aer Lingus lance une liaison directe Nice-Cork pour la saison estivale 2026. \u00c0 compter du 2 mai, elle op\u00e9rera deux fois par semaine, les mercredis et samedis. Les vols sont pour l&rsquo;instant pr\u00e9vus jusqu&rsquo;au 30 [&hellip;]<\/p>\n","protected":false},"author":1,"featured_media":546,"comment_status":"open","ping_status":"open","sticky":false,"template":"","format":"standard","meta":{"footnotes":""},"categories":[1],"tags":[754,42,289,99,311,755,1852,39,288],"class_list":["post-1598","post","type-post","status-publish","format-standard","has-post-thumbnail","hentry","category-non-classe","tag-aer","tag-des","tag-directs","tag-lance","tag-lete","tag-lingus","tag-nicecork","tag-pour","tag-vols"],"_links":{"self":[{"href":"https:\/\/www.rachida-dati.eu\/actualites\/wp-json\/wp\/v2\/posts\/1598","targetHints":{"allow":["GET"]}}],"collection":[{"href":"https:\/\/www.rachida-dati.eu\/actualites\/wp-json\/wp\/v2\/posts"}],"about":[{"href":"https:\/\/www.rachida-dati.eu\/actualites\/wp-json\/wp\/v2\/types\/post"}],"author":[{"embeddable":true,"href":"https:\/\/www.rachida-dati.eu\/actualites\/wp-json\/wp\/v2\/users\/1"}],"replies":[{"embeddable":true,"href":"https:\/\/www.rachida-dati.eu\/actualites\/wp-json\/wp\/v2\/comments?post=1598"}],"version-history":[{"count":1,"href":"https:\/\/www.rachida-dati.eu\/actualites\/wp-json\/wp\/v2\/posts\/1598\/revisions"}],"predecessor-version":[{"id":1599,"href":"https:\/\/www.rachida-dati.eu\/actualites\/wp-json\/wp\/v2\/posts\/1598\/revisions\/1599"}],"wp:featuredmedia":[{"embeddable":true,"href":"https:\/\/www.rachida-dati.eu\/actualites\/wp-json\/wp\/v2\/media\/546"}],"wp:attachment":[{"href":"https:\/\/www.rachida-dati.eu\/actualites\/wp-json\/wp\/v2\/media?parent=1598"}],"wp:term":[{"taxonomy":"category","embeddable":true,"href":"https:\/\/www.rachida-dati.eu\/actualites\/wp-json\/wp\/v2\/categories?post=1598"},{"taxonomy":"post_tag","embeddable":true,"href":"https:\/\/www.rachida-dati.eu\/actualites\/wp-json\/wp\/v2\/tags?post=1598"}],"curies":[{"name":"wp","href":"https:\/\/api.w.org\/{rel}","templated":true}]}}