{"id":1600,"date":"2026-03-15T07:45:51","date_gmt":"2026-03-15T06:45:51","guid":{"rendered":"https:\/\/www.rachida-dati.eu\/actualites\/nouveaux-efforts-pour-permettre-aux-etrangers-non-membres-de-lue-de-voter\/"},"modified":"2026-03-15T07:45:51","modified_gmt":"2026-03-15T06:45:51","slug":"nouveaux-efforts-pour-permettre-aux-etrangers-non-membres-de-lue-de-voter","status":"publish","type":"post","link":"https:\/\/www.rachida-dati.eu\/actualites\/nouveaux-efforts-pour-permettre-aux-etrangers-non-membres-de-lue-de-voter\/","title":{"rendered":"Nouveaux efforts pour permettre aux \u00e9trangers non-membres de l\u2019UE de voter"},"content":{"rendered":"<div data-element-guid=\"cdb8ae79-735e-43ea-b361-448bbbfd685a\">\n<p><!-- placeholder(#1) --><\/p>\n<p>Le d\u00e9bat sur l&rsquo;octroi du droit pour les r\u00e9sidents \u00e9trangers en France de <span data-lab-font_weight=\"font-weight-bold\" class=\"font-weight-bold m-font-weight-bold\">voter lors des \u00e9lections locales<\/span> a refait surface alors que deux nouvelles propositions visent \u00e0 lever les restrictions de longue date qui limitent le vote aux citoyens fran\u00e7ais et \u00e0 ceux de l&rsquo;UE.<\/p>\n<p>Toute r\u00e9forme arriverait trop tard pour les \u00e9lections municipales du mois prochain, pr\u00e9vues les 15 et 22 mars &#8211; la deuxi\u00e8me o\u00f9 les citoyens britanniques r\u00e9sidant en France ne pourront pas voter, ayant perdu leur citoyennet\u00e9 de l&rsquo;UE. Elle ferait aussi face \u00e0 une forte opposition de la droite et de l&rsquo;extr\u00eame droite, qui soutiennent qu&rsquo;elle \u00ab diluerait \u00bb la nationalit\u00e9.<\/p>\n<p>En f\u00e9vrier, le Parlement \u00e9tait sur le point de d\u00e9battre d&rsquo;un projet de loi sur ce sujet apr\u00e8s qu&rsquo;il ait \u00e9t\u00e9 propos\u00e9 par un d\u00e9put\u00e9 \u00e9cologiste. Il avait \u00e9t\u00e9 inscrit pour une journ\u00e9e <span data-lab-italic=\"italic\" class=\"italic m-italic\">niche parlementaire<\/span> lorsque des projets de loi d\u00e9pos\u00e9s par des partis d&rsquo;opposition peuvent \u00eatre d\u00e9battus.<\/p>\n<p>Cependant, des d\u00e9put\u00e9s du centre, de la droite et de l&rsquo;extr\u00eame droite ont d\u00e9pos\u00e9 plus de 500 amendements, emp\u00eachant le texte d&rsquo;\u00eatre d\u00e9battu \u00e0 temps.<\/p>\n<p>Le militant en faveur du droit de vote des \u00e9trangers, Mohamed Ben Sa\u00efd, m\u00e9decin tunisien, a d\u00e9clar\u00e9 : \u00ab Ils avaient peur du d\u00e9bat, alors ils l&rsquo;ont bloqu\u00e9.<\/p>\n<p>\u00ab Nous \u00e9tions optimistes et heureux que le d\u00e9bat puisse revenir au Parlement. \u00bb<\/p>\n<p>Son groupe, J\u2019y suis, j\u2019y vote, affirme que l&rsquo;extension des droits de vote est une continuit\u00e9 naturelle des avanc\u00e9es d\u00e9mocratiques telles que le droit de vote des femmes.<\/p>\n<p>\u00ab Les r\u00e9sidents qui vivent en France depuis des ann\u00e9es devraient pouvoir participer pleinement \u00e0 la d\u00e9mocratie locale. \u00bb<\/p>\n<h3>Deuxi\u00e8me texte de loi propos\u00e9<\/h3>\n<figure data-element-guid=\"051d1561-466b-4f9d-b75f-654fcba34a15\" data-zoomable=\"1\" class=\"column desktop-floatLeft mobile-floatLeft small-12 large-4 small-abs-12 large-abs-4\">\n<div class=\"content \" style=\"\">\n<div class=\"img fullwidthTarget\">\n            <picture><source  width=\"353\" height=\"424\" media=\"(min-width: 768px)\" type=\"image\/webp\"><source  width=\"353\" height=\"424\" media=\"(min-width: 768px)\" type=\"image\/jpeg\"><source  width=\"480\" height=\"576\" media=\"(max-width: 767px)\" type=\"image\/webp\"><source  width=\"480\" height=\"576\" media=\"(max-width: 767px)\" type=\"image\/jpeg\"><\/source><\/source><\/source><\/source><\/picture>\n                    <\/div>\n<\/p><\/div>\n<\/figure>\n<p>Un deuxi\u00e8me texte de loi, pr\u00e9sent\u00e9 par la d\u00e9put\u00e9e LFI Dani\u00e8le Obono et appelant \u00e0 des droits de vote dans toutes les \u00e9lections locales est \u00e9galement attendu d&rsquo;\u00eatre examin\u00e9, a-t-il ajout\u00e9.<\/p>\n<p>Ce texte \u00e9tendrait les droits de vote de tous les r\u00e9sidents \u00e9trangers, y compris les citoyens de l&rsquo;UE qui ont pu voter lors des \u00e9lections municipales et europ\u00e9ennes \u2013 mais pas lors des scrutins d\u00e9partementaux ou r\u00e9gionaux \u2013 depuis que la Constitution a \u00e9t\u00e9 r\u00e9vis\u00e9e en 1998 apr\u00e8s le trait\u00e9 de Maastricht.<\/p>\n<p>Le Dr Ben Sa\u00efd a d\u00e9clar\u00e9 que cela repr\u00e9sente la position du groupe J&rsquo;y suis, j&rsquo;y vote &#8211; \u00ab compte tenu du fait que plusieurs aspects de la vie quotidienne, comme les transports, l&rsquo;\u00e9cole primaire, le lyc\u00e9e, les universit\u00e9s, la distribution d&rsquo;eau, etc. [fonctionnent \u00e0 diff\u00e9rents niveaux de gouvernement local] affectent tous la vie quotidienne de tous les r\u00e9sidents. \u00bb<\/p>\n<p>Toute nouvelle loi n\u00e9cessiterait \u00e9galement une r\u00e9vision constitutionnelle, y compris un r\u00e9f\u00e9rendum si elle est propos\u00e9e par un d\u00e9put\u00e9. <\/p>\n<p>Le Dr Ben Sa\u00efd a d\u00e9clar\u00e9 que les d\u00e9put\u00e9s de gauche soutenant le texte d&rsquo;Obono cherchent \u00e0 obtenir le soutien d&rsquo;au moins 10 d\u00e9put\u00e9s centristes, ce qui pourrait mener \u00e0 un d\u00e9bat en tant que \u00ab texte de loi transpartisan \u00bb. <\/p>\n<p>\u00ab Cela pourrait \u00eatre des centristes du groupe de Macron, ou Horizons ou MoDem. \u00bb<\/p>\n<p>Il a d\u00e9clar\u00e9 que lors des discussions autour du texte r\u00e9cent bloqu\u00e9, plusieurs centristes avaient d\u00e9j\u00e0 exprim\u00e9 leur soutien. \u00ab Il existe donc une chance que le texte soit d\u00e9battu \u00e0 l&rsquo;Assembl\u00e9e nationale dans son int\u00e9gralit\u00e9 avant juin et qu&rsquo;il puisse \u00eatre adopt\u00e9. \u00bb<\/p>\n<p>Il a ajout\u00e9 : \u00ab Nous esp\u00e9rons que le d\u00e9bat puisse enfin avoir lieu dans la soci\u00e9t\u00e9, par le biais d&rsquo;un r\u00e9f\u00e9rendum et d&rsquo;une d\u00e9cision d\u00e9mocratique. Nous voulons aller de l&rsquo;avant. \u00bb<\/p>\n<p>L&rsquo;id\u00e9e n&rsquo;est pas nouvelle. La d\u00e9put\u00e9e L\u00e9a Balage El Mariky, qui avait d\u00e9pos\u00e9 le texte bloqu\u00e9, rappelle que, pendant la R\u00e9volution, la citoyennet\u00e9 \u2013 y compris le droit de vote \u2013 n&rsquo;\u00e9tait pas strictement li\u00e9e \u00e0 la nationalit\u00e9.<\/p>\n<p>Elle a \u00e9galement indiqu\u00e9 qu&rsquo;apr\u00e8s Maastricht, il existe deux niveaux d&rsquo;\u00e9trangers. \u00ab Les Espagnols, les Polonais ou les Allemands peuvent voter dans une commune apr\u00e8s y avoir v\u00e9cu quelques semaines, alors que les Marocains, les S\u00e9n\u00e9galais, ou maintenant les Britanniques, ne peuvent pas voter aux \u00e9lections municipales, parfois apr\u00e8s des d\u00e9cennies de r\u00e9sidence. \u00bb<\/p>\n<p>Fran\u00e7ois Mitterrand avait inclus les droits de vote municipaux pour les \u00e9trangers r\u00e9sidant depuis au moins cinq ans dans ses \u00ab 110 propositions pour la France \u00bb avant l&rsquo;\u00e9lection de 1981. Des lois ont \u00e9t\u00e9 vot\u00e9es \u00e0 l&rsquo;Assembl\u00e9e en 2000 et au S\u00e9nat en 2011 mais n&rsquo;ont jamais atteint leur stade final.<\/p>\n<p>Mme Balage El Mariky visait \u00e0 relancer le texte de 2011 afin qu&rsquo;il puisse \u00eatre soumis \u00e0 r\u00e9f\u00e9rendum s&rsquo;il \u00e9tait approuv\u00e9 par les d\u00e9put\u00e9s.<\/p>\n<p>Le Dr Ben Sa\u00efd a indiqu\u00e9 : \u00ab Le droit pensait que la proposition de loi serait bloqu\u00e9e par la commission des lois de l\u2019Assembl\u00e9e nationale [qui approuve les lois pour d\u00e9bat], mais quand ils ont vu qu&rsquo;elle avan\u00e7ait, \u00c9ric Zemmour [de Reconqu\u00eate] a imm\u00e9diatement lanc\u00e9 une p\u00e9tition et certains m\u00e9dias appartenant \u00e0 des milliardaires, tels que CNews et BFM, ont \u00e9galement men\u00e9 campagne contre elle. Il y avait une p\u00e9tition command\u00e9e par CNews [\u00e9galement Europe 1 et JDD] montrant 71 % de refus. \u00bb<\/p>\n<p>Ceci contraste avec les sondages Harris men\u00e9s depuis 1994 pour la Lettre de la Citoyennet\u00e9, qui montrent r\u00e9guli\u00e8rement du soutien \u2013 plus r\u00e9cemment 66 % \u2013 lorsque les r\u00e9pondants savent que les ressortissants de l&rsquo;UE peuvent voter localement et qu&rsquo;on leur demande si la m\u00eame chose devrait s&rsquo;appliquer \u00e0 d&rsquo;autres r\u00e9sidents \u00e9trangers.<\/p>\n<p>Le Dr Ben Sa\u00efd a d\u00e9clar\u00e9 que l&rsquo;autre sondage r\u00e9agissait \u00e0 l&rsquo;actualit\u00e9 et posait simplement : \u00ab \u00cates-vous pour ou contre que les \u00e9trangers non europ\u00e9ens puissent voter et se pr\u00e9senter aux \u00e9lections municipales ? \u00bb<\/p>\n<p>Il appelle les partisans \u00e0 organiser des votes symboliques des citoyens sur le sujet lors des prochaines \u00e9lections ou le 26 avril, qui a \u00e9t\u00e9 con\u00e7u comme la Journ\u00e9e internationale du vote pour tous les r\u00e9sidents. <\/p>\n<p>Si les \u00e9trangers non europ\u00e9ens obtenaient les m\u00eames droits que les citoyens de l&rsquo;UE, ils pourraient se pr\u00e9senter aux \u00e9lections mais ne pourraient pas devenir maires (car le maire est consid\u00e9r\u00e9 comme repr\u00e9sentant l&rsquo;\u00c9tat).<\/p>\n<p>Pour son parti, la question est simple : \u00ab Le vote est li\u00e9 \u00e0 la nationalit\u00e9, \u00e0 la citoyennet\u00e9, \u00e0 l&rsquo;exception pr\u00e8s faite pour les citoyens de l&rsquo;UE en ce qui concerne les \u00e9lections municipales. \u00bb<\/p>\n<p>Il a d\u00e9clar\u00e9 que leur p\u00e9tition \u00ab a explos\u00e9 \u00bb, recueillant 150 000 signatures.<\/p>\n<figure data-element-guid=\"e84f35e8-f8d4-4653-847a-3117cf8d9056\" data-zoomable=\"1\" class=\"column desktop-floatLeft mobile-floatLeft small-12 large-4 small-abs-12 large-abs-4\">\n<div class=\"content \" style=\"\">\n<div class=\"img fullwidthTarget\">\n            <picture><source  width=\"353\" height=\"484\" media=\"(min-width: 768px)\" type=\"image\/webp\"><source  width=\"353\" height=\"484\" media=\"(min-width: 768px)\" type=\"image\/jpeg\"><source  width=\"480\" height=\"658\" media=\"(max-width: 767px)\" type=\"image\/webp\"><source  width=\"480\" height=\"658\" media=\"(max-width: 767px)\" type=\"image\/jpeg\"><img decoding=\"async\" src=\"https:\/\/www.rachida-dati.eu\/actualites\/wp-content\/uploads\/2026\/03\/Nouveaux-efforts-pour-permettre-aux-etrangers-non-membres-de-lUE-de.00&#038;width=960&#038;height=1316&#038;format=jpg.jpeg\" width=\"480\" height=\"658\" alt=\"\" loading=\"lazy\" style=\"\"\/><br \/>\n            <\/source><\/source><\/source><\/source><\/picture>\n                    <\/div>\n<\/p><\/div>\n<\/figure>\n<p>On avertissait que la citoyennet\u00e9 serait \u00ab vid\u00e9e de son sens \u00bb si le vote \u00e9tait \u00e9tendu, risquant \u00e9galement d\u2019influencer la France de l\u2019\u00e9tranger.<\/p>\n<p>\u00ab Si un \u00e9tranger a les m\u00eames droits qu&rsquo;un national, la citoyennet\u00e9 commence \u00e0 devenir sans signification \u00bb, a d\u00e9clar\u00e9 M. Lafont.<\/p>\n<p>Il ajouta que le vote municipal pourrait \u00eatre une \u00ab porte d\u2019entr\u00e9e \u00bb menant \u00e0 d\u2019autres demandes, y compris les \u00e9lections nationales \u00e9galement. <\/p>\n<p>Il a dit que la r\u00e8gle actuelle est \u00ab claire et simple \u00bb, tandis que l\u2019extension du droit de vote soul\u00e8ve des questions sur l\u2019\u00e9ligibilit\u00e9 : \u00ab Doit-on pouvoir voter parce que vous avez visit\u00e9 la commune une fois dans votre vie ? Ou parce que vous y avez pris une photo ou aim\u00e9 sur Facebook ? \u00bb<\/p>\n<p class=\"font-weight-normal m-font-weight-normal\" data-lab-font_weight=\"font-weight-normal\">Reconqu\u00eate soutient \u00e9galement que la France a \u00ab trop facilement \u00bb octroy\u00e9 la citoyennet\u00e9, diluant sa valeur, bien que M. Lafont ait reconnu qu&rsquo;il y a eu des durcissements r\u00e9cents et qu&rsquo;il existe parfois des d\u00e9cisions douteuses, comme le <span data-lab-font_weight=\"font-weight-bold\" class=\"font-weight-bold m-font-weight-bold\">refus d&rsquo;un jeune Britannique<\/span> qui r\u00eavait de devenir pompier de la marine, et qui avait v\u00e9cu en France depuis l&rsquo;\u00e2ge de trois ans. <\/p>\n<p class=\"font-weight-normal m-font-weight-normal\" data-lab-font_weight=\"font-weight-normal\">Il pense toutefois que la France devrait s\u2019inspirer du Japon en \u00e9tant tr\u00e8s exigeante sur la citoyennet\u00e9, disant que de nombreux \u00e9trangers y vivent durablement sans pouvoir devenir japonais.<\/p>\n<p class=\"font-weight-normal m-font-weight-normal\" data-lab-font_weight=\"font-weight-normal\">En m\u00eame temps, il a d\u00e9clar\u00e9 \u00eatre choqu\u00e9 de voir parfois des d\u00e9cisions lourdes sur des ordres de quitter la France contre des \u00e9trangers qui \u00ab travaillent et ne causent pas de probl\u00e8mes \u00bb.<\/p>\n<p class=\"font-weight-normal m-font-weight-normal\" data-lab-font_weight=\"font-weight-normal\">Un argument parfois avanc\u00e9 en faveur du vote des \u00e9trangers est que les gens paient des taxes fonci\u00e8res locales, sur la base de \u00ab pas d&rsquo;imposition sans repr\u00e9sentation \u00bb. Cependant, M. Lafont a d\u00e9clar\u00e9 : \u00ab En France, le droit de vote n&rsquo;est pas li\u00e9 au fait de payer des imp\u00f4ts \u00bb. <\/p>\n<p class=\"font-weight-bold m-font-weight-bold\" data-lab-font_weight=\"font-weight-bold\"><span data-lab-italic=\"italic\" class=\"italic m-italic\">Partagez votre point de vue sur ce sujet ? Si vous \u00eates r\u00e9sident non UE en France, accueilleriez-vous un vote local \u2013 l&rsquo;utiliseriez-vous et pourquoi cela compterait-il pour vous ? Envoyez votre avis \u00e0 feedback@connexionfrance.com<\/span><\/p>\n<\/div>\n","protected":false},"excerpt":{"rendered":"<p>Le d\u00e9bat sur l&rsquo;octroi du droit pour les r\u00e9sidents \u00e9trangers en France de voter lors des \u00e9lections locales a refait surface alors que deux nouvelles propositions visent \u00e0 lever les restrictions de longue date qui limitent le vote aux citoyens fran\u00e7ais et \u00e0 ceux de l&rsquo;UE. Toute r\u00e9forme arriverait trop tard pour les \u00e9lections municipales [&hellip;]<\/p>\n","protected":false},"author":1,"featured_media":1601,"comment_status":"open","ping_status":"open","sticky":false,"template":"","format":"standard","meta":{"footnotes":""},"categories":[1],"tags":[75,1501,568,504,1854,480,1853,39,1855],"class_list":["post-1600","post","type-post","status-publish","format-standard","has-post-thumbnail","hentry","category-non-classe","tag-aux","tag-efforts","tag-etrangers","tag-lue","tag-nonmembres","tag-nouveaux","tag-permettre","tag-pour","tag-voter"],"_links":{"self":[{"href":"https:\/\/www.rachida-dati.eu\/actualites\/wp-json\/wp\/v2\/posts\/1600","targetHints":{"allow":["GET"]}}],"collection":[{"href":"https:\/\/www.rachida-dati.eu\/actualites\/wp-json\/wp\/v2\/posts"}],"about":[{"href":"https:\/\/www.rachida-dati.eu\/actualites\/wp-json\/wp\/v2\/types\/post"}],"author":[{"embeddable":true,"href":"https:\/\/www.rachida-dati.eu\/actualites\/wp-json\/wp\/v2\/users\/1"}],"replies":[{"embeddable":true,"href":"https:\/\/www.rachida-dati.eu\/actualites\/wp-json\/wp\/v2\/comments?post=1600"}],"version-history":[{"count":1,"href":"https:\/\/www.rachida-dati.eu\/actualites\/wp-json\/wp\/v2\/posts\/1600\/revisions"}],"predecessor-version":[{"id":1602,"href":"https:\/\/www.rachida-dati.eu\/actualites\/wp-json\/wp\/v2\/posts\/1600\/revisions\/1602"}],"wp:featuredmedia":[{"embeddable":true,"href":"https:\/\/www.rachida-dati.eu\/actualites\/wp-json\/wp\/v2\/media\/1601"}],"wp:attachment":[{"href":"https:\/\/www.rachida-dati.eu\/actualites\/wp-json\/wp\/v2\/media?parent=1600"}],"wp:term":[{"taxonomy":"category","embeddable":true,"href":"https:\/\/www.rachida-dati.eu\/actualites\/wp-json\/wp\/v2\/categories?post=1600"},{"taxonomy":"post_tag","embeddable":true,"href":"https:\/\/www.rachida-dati.eu\/actualites\/wp-json\/wp\/v2\/tags?post=1600"}],"curies":[{"name":"wp","href":"https:\/\/api.w.org\/{rel}","templated":true}]}}