{"id":1603,"date":"2026-03-15T13:44:38","date_gmt":"2026-03-15T12:44:38","guid":{"rendered":"https:\/\/www.rachida-dati.eu\/actualites\/faut-il-abolir-lheure-dete-en-europe-pour-ameliorer-la-sante-et-la-securite\/"},"modified":"2026-03-15T13:44:39","modified_gmt":"2026-03-15T12:44:39","slug":"faut-il-abolir-lheure-dete-en-europe-pour-ameliorer-la-sante-et-la-securite","status":"publish","type":"post","link":"https:\/\/www.rachida-dati.eu\/actualites\/faut-il-abolir-lheure-dete-en-europe-pour-ameliorer-la-sante-et-la-securite\/","title":{"rendered":"Faut-il abolir l\u2019heure d\u2019\u00e9t\u00e9 en Europe pour am\u00e9liorer la sant\u00e9 et la s\u00e9curit\u00e9 ?"},"content":{"rendered":"<div data-element-guid=\"7f7332a5-aca0-4fee-9990-ec700b171346\">\n<h2 class=\"subtitle \" style=\"\">Les militants affirment que cela aiderait \u00e0 am\u00e9liorer la sant\u00e9 et \u00e0 r\u00e9duire les accidents de la circulation<\/h2>\n<\/p>\n<\/div>\n<div data-element-guid=\"49f275c4-4a2c-41db-a12a-d28917a1060f\">\n<p><!-- placeholder(#1) --><\/p>\n<p>\u00c0 la fin mars, des personnes \u00e0 travers l&rsquo;Europe avanceront leurs horloges d&rsquo;une heure, assurant une heure suppl\u00e9mentaire de lumi\u00e8re du jour et annon\u00e7ant le d\u00e9but des longues soir\u00e9es d&rsquo;\u00e9t\u00e9.<\/p>\n<p>Mais un nombre croissant de personnes demandent \u00e0 l&rsquo;Union europ\u00e9enne d&rsquo;abolir compl\u00e8tement le changement d&rsquo;horloge.<\/p>\n<p>Une majorit\u00e9 de Fran\u00e7ais soutient la mesure.<\/p>\n<p>Le Parlement europ\u00e9en a vot\u00e9 en 2019 pour mettre fin \u00e0 l&rsquo;heure d&rsquo;\u00e9t\u00e9; la pratique consiste \u00e0 avancer les horloges d&rsquo;une heure au printemps et \u00e0 les reculer d&rsquo;une heure \u00e0 l&rsquo;automne. Mais elle n&rsquo;a pas encore \u00e9t\u00e9 mise en \u0153uvre.<\/p>\n<p>Selon une consultation publique de 2018 de la Commission europ\u00e9enne qui a recueilli 4,6 millions de r\u00e9ponses dans tous les \u00c9tats membres, 84% des citoyens europ\u00e9ens sont en faveur de l&rsquo;arr\u00eat du changement d&rsquo;horloge deux fois par an.<\/p>\n<p>La tr\u00e8s grande majorit\u00e9 des personnes (76%) ont d\u00e9clar\u00e9 que les changements d&rsquo;horloge \u00e9taient \u00ab tr\u00e8s n\u00e9gatifs \u00bb ou \u00ab n\u00e9gatifs \u00bb.<\/p>\n<p>Des recherches montrent que le changement d&rsquo;horloge peut affecter n\u00e9gativement la sant\u00e9 de diverses mani\u00e8res, allant des accidents de la route aux crises cardiaques et \u00e0 une augmentation de la d\u00e9pression.<\/p>\n<h2>Histoire de l&rsquo;heure d&rsquo;\u00e9t\u00e9<\/h2>\n<p>L&rsquo;heure d&rsquo;\u00e9t\u00e9 est un ph\u00e9nom\u00e8ne relativement moderne. L&rsquo;Allemagne fut le premier pays \u00e0 adopter cette pratique en 1916, suivie peu apr\u00e8s par le Royaume-Uni, la France et de nombreuses autres nations engag\u00e9es dans la Premi\u00e8re Guerre mondiale. Prolonger les heures de lumi\u00e8re du jour a aid\u00e9 \u00e0 \u00e9conomiser le carburant et l&rsquo;\u00e9nergie.<\/p>\n<p>La France a maintenu la pratique jusqu&rsquo;en 1945, et l&rsquo;a r\u00e9introduite en 1976 \u00e0 cause de la crise p\u00e9troli\u00e8re de 1973. Les prix de l&rsquo;\u00e9nergie flamboyaient, si bien que le gouvernement a vu dans ce changement d&rsquo;horloge un moyen d&rsquo;\u00e9conomiser l&rsquo;\u00e9nergie, en offrant \u00e0 chacun une heure suppl\u00e9mentaire de lumi\u00e8re.<\/p>\n<p>L&rsquo;heure d&rsquo;\u00e9t\u00e9 a \u00e9t\u00e9 harmonis\u00e9e dans l&rsquo;Union europ\u00e9enne en 1996, chaque pays avan\u00e7ant ses horloges d&rsquo;une heure le dernier dimanche de mars et les reculant d&rsquo;une heure le dernier dimanche d&rsquo;octobre.<\/p>\n<h2>Et maintenant ?<\/h2>\n<p>Alors, qu&rsquo;est-ce qui emp\u00eache le Parlement europ\u00e9en d&rsquo;abolir l&rsquo;heure d&rsquo;\u00e9t\u00e9 ?<\/p>\n<p>La raison principale est que les \u00c9tats membres ne parviennent pas \u00e0 se mettre d&rsquo;accord sur le changement; certains le soutiennent et d&rsquo;autres non.<\/p>\n<p>Les Allemands sont les plus en faveur de l&rsquo;abolition de l&rsquo;heure d&rsquo;\u00e9t\u00e9, selon une enqu\u00eate YouGov Eurotrack de 2023 qui interrogeait des personnes au Royaume-Uni, en France, au Danemark, en Allemagne, en Italie, en Espagne et en Su\u00e8de.<\/p>\n<p>Elle a r\u00e9v\u00e9l\u00e9 des diff\u00e9rences dans les opinions des gens sur le changement des horloges.<\/p>\n<p>Alors que 75% des Allemands veulent supprimer l&rsquo;heure d&rsquo;\u00e9t\u00e9, contre 18% qui veulent la conserver, un pourcentage plus faible de Fran\u00e7ais soutiennent la mesure (49%), mais plus de 36% veulent la conserver.<\/p>\n<p>Mais les Italiens soutiennent le maintien de l&rsquo;heure d&rsquo;\u00e9t\u00e9, \u00e0 56% contre 32%.<\/p>\n<p>Il existe davantage d&rsquo;accord sur le fait que, si le changement d&rsquo;horloge est supprim\u00e9, l&rsquo;UE devrait rester \u00e0 l&rsquo;heure d&rsquo;\u00e9t\u00e9 ou passer \u00e0 l&rsquo;heure d&rsquo;hiver.<\/p>\n<p>Tous les pays interrog\u00e9s, \u00e0 l&rsquo;exception de la Su\u00e8de, pr\u00e9f\u00e9reraient rester \u00e0 l&rsquo;heure d&rsquo;\u00e9t\u00e9, conservant ainsi les longues soir\u00e9es estivales.<\/p>\n<p>Pour adopter la l\u00e9gislation n\u00e9cessaire pour arr\u00eater le changement d&rsquo;horloges dans l&rsquo;UE, il faut le soutien d&rsquo;une majorit\u00e9 qualifi\u00e9e du Conseil de l&rsquo;Union europ\u00e9enne, ce qui signifie au moins 15 \u00c9tats membres. Ce n&rsquo;est qu&rsquo;alors que les \u00c9tats membres et les d\u00e9put\u00e9s europ\u00e9ens pourront n\u00e9gocier un texte final.<\/p>\n<p>Le d\u00e9put\u00e9 europ\u00e9en irlandais Se\u00e1n Kelly, pr\u00e9sident du Groupe de travail du Parlement europ\u00e9en sur le changement d&rsquo;horloge biannuel, r\u00e9clame depuis longtemps la fin de l&rsquo;heure d&rsquo;\u00e9t\u00e9.<\/p>\n<p>En octobre 2025, M. Kelly a exhort\u00e9 la pr\u00e9sidence danoise du Conseil de l&rsquo;UE \u00e0 relancer les n\u00e9gociations.<\/p>\n<p>\u00ab Le changement d&rsquo;horloge saisonnier est une pratique d\u00e9pass\u00e9e et inutile qui n&rsquo;apporte aucun r\u00e9el b\u00e9n\u00e9fice aux citoyens ni \u00e0 l&rsquo;\u00e9conomie en 2025 \u00bb, a-t-il d\u00e9clar\u00e9.<\/p>\n<p>\u00ab Les preuves scientifiques montrent que le fait de changer les horloges deux fois par an perturbe le sommeil, accro\u00eet les risques pour la sant\u00e9 tels que les crises cardiaques, et entra\u00eene m\u00eame une augmentation des accidents de la route. Pendant ce temps, les \u00e9conomies d&rsquo;\u00e9nergie promises ne se mat\u00e9rialisent pas. Il est temps de tourner la page et d&rsquo;avancer. \u00bb<\/p>\n<p>Il pourrait y avoir une \u00e9tincelle d&rsquo;espoir \u00e0 l&rsquo;avenir, car la Lituanie pourrait relancer la question lors de sa pr\u00e9sidence du Conseil de l&rsquo;Union europ\u00e9enne en 2027, selon un conseiller du pr\u00e9sident Gitanas Naus\u0117da.<\/p>\n<p>\u00ab Il est difficile de dire quand tous les pays seront d&rsquo;accord sur l&rsquo;abolition finale de l&rsquo;heure d&rsquo;\u00e9t\u00e9, mais il est possible d&rsquo;en discuter, de la relancer \u00bb, a d\u00e9clar\u00e9 Irena Segalovi\u010dien\u0117 \u00e0 la radio lituanienne en mars 2025.<\/p>\n<p>Elle a ajout\u00e9 que la situation g\u00e9opolitique tendue signifiait que la question n&rsquo;\u00e9tait pas une priorit\u00e9.<\/p>\n<\/div>\n","protected":false},"excerpt":{"rendered":"<p>Les militants affirment que cela aiderait \u00e0 am\u00e9liorer la sant\u00e9 et \u00e0 r\u00e9duire les accidents de la circulation \u00c0 la fin mars, des personnes \u00e0 travers l&rsquo;Europe avanceront leurs horloges d&rsquo;une heure, assurant une heure suppl\u00e9mentaire de lumi\u00e8re du jour et annon\u00e7ant le d\u00e9but des longues soir\u00e9es d&rsquo;\u00e9t\u00e9. Mais un nombre croissant de personnes demandent [&hellip;]<\/p>\n","protected":false},"author":1,"featured_media":1604,"comment_status":"open","ping_status":"open","sticky":false,"template":"","format":"standard","meta":{"footnotes":""},"categories":[1],"tags":[1856,618,1292,1806,456,1857,39,450,398],"class_list":["post-1603","post","type-post","status-publish","format-standard","has-post-thumbnail","hentry","category-non-classe","tag-abolir","tag-ameliorer","tag-dete","tag-europe","tag-fautil","tag-lheure","tag-pour","tag-sante","tag-securite"],"_links":{"self":[{"href":"https:\/\/www.rachida-dati.eu\/actualites\/wp-json\/wp\/v2\/posts\/1603","targetHints":{"allow":["GET"]}}],"collection":[{"href":"https:\/\/www.rachida-dati.eu\/actualites\/wp-json\/wp\/v2\/posts"}],"about":[{"href":"https:\/\/www.rachida-dati.eu\/actualites\/wp-json\/wp\/v2\/types\/post"}],"author":[{"embeddable":true,"href":"https:\/\/www.rachida-dati.eu\/actualites\/wp-json\/wp\/v2\/users\/1"}],"replies":[{"embeddable":true,"href":"https:\/\/www.rachida-dati.eu\/actualites\/wp-json\/wp\/v2\/comments?post=1603"}],"version-history":[{"count":1,"href":"https:\/\/www.rachida-dati.eu\/actualites\/wp-json\/wp\/v2\/posts\/1603\/revisions"}],"predecessor-version":[{"id":1605,"href":"https:\/\/www.rachida-dati.eu\/actualites\/wp-json\/wp\/v2\/posts\/1603\/revisions\/1605"}],"wp:featuredmedia":[{"embeddable":true,"href":"https:\/\/www.rachida-dati.eu\/actualites\/wp-json\/wp\/v2\/media\/1604"}],"wp:attachment":[{"href":"https:\/\/www.rachida-dati.eu\/actualites\/wp-json\/wp\/v2\/media?parent=1603"}],"wp:term":[{"taxonomy":"category","embeddable":true,"href":"https:\/\/www.rachida-dati.eu\/actualites\/wp-json\/wp\/v2\/categories?post=1603"},{"taxonomy":"post_tag","embeddable":true,"href":"https:\/\/www.rachida-dati.eu\/actualites\/wp-json\/wp\/v2\/tags?post=1603"}],"curies":[{"name":"wp","href":"https:\/\/api.w.org\/{rel}","templated":true}]}}