{"id":1606,"date":"2026-03-15T18:46:59","date_gmt":"2026-03-15T17:46:59","guid":{"rendered":"https:\/\/www.rachida-dati.eu\/actualites\/les-memoires-de-gisele-pelicot-en-tete-des-ventes-de-livres-en-france-et-stupefient-la-reine-camilla\/"},"modified":"2026-03-15T18:46:59","modified_gmt":"2026-03-15T17:46:59","slug":"les-memoires-de-gisele-pelicot-en-tete-des-ventes-de-livres-en-france-et-stupefient-la-reine-camilla","status":"publish","type":"post","link":"https:\/\/www.rachida-dati.eu\/actualites\/les-memoires-de-gisele-pelicot-en-tete-des-ventes-de-livres-en-france-et-stupefient-la-reine-camilla\/","title":{"rendered":"Les m\u00e9moires de Gis\u00e8le Pelicot en t\u00eate des ventes de livres en France et stup\u00e9fient la reine Camilla"},"content":{"rendered":"<p>error code: 502<\/p>\n","protected":false},"excerpt":{"rendered":"<p>error code: 502<\/p>\n","protected":false},"author":1,"featured_media":1607,"comment_status":"open","ping_status":"open","sticky":false,"template":"","format":"standard","meta":{"footnotes":""},"categories":[1],"tags":[1864,42,37,1859,35,1861,1858,1860,1863,1862,1311,1587],"class_list":["post-1606","post","type-post","status-publish","format-standard","has-post-thumbnail","hentry","category-non-classe","tag-camilla","tag-des","tag-france","tag-gisele","tag-les","tag-livres","tag-memoires","tag-pelicot","tag-reine","tag-stupefient","tag-tete","tag-ventes"],"_links":{"self":[{"href":"https:\/\/www.rachida-dati.eu\/actualites\/wp-json\/wp\/v2\/posts\/1606","targetHints":{"allow":["GET"]}}],"collection":[{"href":"https:\/\/www.rachida-dati.eu\/actualites\/wp-json\/wp\/v2\/posts"}],"about":[{"href":"https:\/\/www.rachida-dati.eu\/actualites\/wp-json\/wp\/v2\/types\/post"}],"author":[{"embeddable":true,"href":"https:\/\/www.rachida-dati.eu\/actualites\/wp-json\/wp\/v2\/users\/1"}],"replies":[{"embeddable":true,"href":"https:\/\/www.rachida-dati.eu\/actualites\/wp-json\/wp\/v2\/comments?post=1606"}],"version-history":[{"count":1,"href":"https:\/\/www.rachida-dati.eu\/actualites\/wp-json\/wp\/v2\/posts\/1606\/revisions"}],"predecessor-version":[{"id":1608,"href":"https:\/\/www.rachida-dati.eu\/actualites\/wp-json\/wp\/v2\/posts\/1606\/revisions\/1608"}],"wp:featuredmedia":[{"embeddable":true,"href":"https:\/\/www.rachida-dati.eu\/actualites\/wp-json\/wp\/v2\/media\/1607"}],"wp:attachment":[{"href":"https:\/\/www.rachida-dati.eu\/actualites\/wp-json\/wp\/v2\/media?parent=1606"}],"wp:term":[{"taxonomy":"category","embeddable":true,"href":"https:\/\/www.rachida-dati.eu\/actualites\/wp-json\/wp\/v2\/categories?post=1606"},{"taxonomy":"post_tag","embeddable":true,"href":"https:\/\/www.rachida-dati.eu\/actualites\/wp-json\/wp\/v2\/tags?post=1606"}],"curies":[{"name":"wp","href":"https:\/\/api.w.org\/{rel}","templated":true}]}}