{"id":1618,"date":"2026-03-16T18:42:48","date_gmt":"2026-03-16T17:42:48","guid":{"rendered":"https:\/\/www.rachida-dati.eu\/actualites\/passager-de-train-francais-sanctionne-dune-amende-de-200-e-pour-musique-forte-comprendre-les-penalites-des-transports-publics\/"},"modified":"2026-03-16T18:42:49","modified_gmt":"2026-03-16T17:42:49","slug":"passager-de-train-francais-sanctionne-dune-amende-de-200-e-pour-musique-forte-comprendre-les-penalites-des-transports-publics","status":"publish","type":"post","link":"https:\/\/www.rachida-dati.eu\/actualites\/passager-de-train-francais-sanctionne-dune-amende-de-200-e-pour-musique-forte-comprendre-les-penalites-des-transports-publics\/","title":{"rendered":"Passager de train fran\u00e7ais sanctionn\u00e9 d&rsquo;une amende de 200 \u20ac pour musique forte : comprendre les p\u00e9nalit\u00e9s des transports publics"},"content":{"rendered":"<div data-element-guid=\"7f7332a5-aca0-4fee-9990-ec700b171346\">\n<h2 class=\"subtitle \" style=\"\">L&rsquo;amende sur place a \u00e9t\u00e9 augment\u00e9e apr\u00e8s que le passager ait refus\u00e9 de payer dans un premier temps<\/h2>\n<\/p>\n<\/div>\n<div data-element-guid=\"ad6412f8-ef18-4ff5-8325-3c8876ee6af9\">\n<p><!-- placeholder(#1) --><\/p>\n<p>Un passager de train en France a \u00e9t\u00e9 sanctionn\u00e9 d&rsquo;une amende de 200 \u20ac pour avoir \u00e9cout\u00e9 de la musique trop fort sur son t\u00e9l\u00e9phone, mettant en \u00e9vidence une p\u00e9nalit\u00e9 peu connue pour le \u00ab d\u00e9sordre public \u00bb.<\/p>\n<p>Le passager \u2013 identifi\u00e9 dans les rapports comme Lakhdar \u2013 prenait le train le 12 f\u00e9vrier lorsque des contr\u00f4leurs l&rsquo;ont approch\u00e9 pendant qu&rsquo;il regardait des vid\u00e9os sur le site de r\u00e9seaux sociaux Instagram.<\/p>\n<p>Ils ont demand\u00e9 \u00e0 Lakhdar \u00ab de payer une amende de 150 \u20ac car, selon eux, la musique forte dans les transports publics est la deuxi\u00e8me cause majeure de d\u00e9rangement \u00bb, a-t-il d\u00e9clar\u00e9 au m\u00e9dia TF1.<\/p>\n<p>En refusant initialement de payer, l&rsquo;amende a ensuite \u00e9t\u00e9 port\u00e9e \u00e0 200 \u20ac.<\/p>\n<h2>Les amendes sur place peuvent \u00eatre \u00e9mises<\/h2>\n<p>Les contr\u00f4leurs ont point\u00e9 vers un article pr\u00e9cis du code l\u00e9gislatif fran\u00e7ais pour infliger l&rsquo;amende.<\/p>\n<p>\u00ab\u00a0Dans les espaces et v\u00e9hicules utilis\u00e9s pour le transport public de passagers ou de marchandises, il est interdit \u00e0 toute personne d&rsquo;utiliser, sans autorisation, des dispositifs ou instruments produisant du son, ou de troubler la paix d&rsquo;autrui par le bruit ou les troubles,\u00a0\u00bb d\u00e9clare <span data-lab-font_weight=\"font-weight-bold\" class=\"font-weight-bold m-font-weight-bold\">l&rsquo;Article R2241-18<\/span> du Code des transports.<\/p>\n<p>\u00ab\u00a0L&rsquo;objectif est que les passagers puissent voyager en s\u00e9curit\u00e9 et en paix, \u00e0 tout moment de la journ\u00e9e, sans ressentir d&rsquo;ins\u00e9curit\u00e9 ou se sentir en danger \u00e0 cause d&rsquo;insultes, de menaces ou de crachats,\u00a0\u00bb a d\u00e9clar\u00e9 la SNCF \u00e0 TF1 \u00e0 propos du texte.<\/p>\n<p>Le non-respect de la r\u00e8gle expose les passagers \u00e0 une amende de quatri\u00e8me classe (g\u00e9n\u00e9ralement 135 \u20ac, mais pouvant atteindre 750 \u20ac).<\/p>\n<p>Bien qu&rsquo;il soit rare qu&rsquo;une amende soit d\u00e9livr\u00e9e imm\u00e9diatement \u2014 les contr\u00f4leurs \u00e9mettent habituellement d&rsquo;abord un avertissement \u2014 dans les cas o\u00f9 il y a d\u00e9j\u00e0 un certain niveau de d\u00e9rangement public, une amende imm\u00e9diate est possible.<\/p>\n<p>Ceci inclut, par exemple, si d&rsquo;autres passagers se sont d\u00e9j\u00e0 plaints du bruit, ou s&rsquo;il est excessivement fort (par exemple le volume maximal sur le t\u00e9l\u00e9phone, ou l&rsquo;utilisation d&rsquo;un haut-parleur, etc.).<\/p>\n<p>En 2025, un projet de loi a \u00e9t\u00e9 pr\u00e9sent\u00e9 <span data-lab-font_weight=\"font-weight-bold\" class=\"font-weight-bold m-font-weight-bold\">visant \u00e0 criminaliser certaines \u2018incivilit\u00e9s\u2019 dans les transports publics<\/span>, ciblant particuli\u00e8rement les r\u00e9cidivistes, et pr\u00e9voyait des peines plus s\u00e9v\u00e8res pour des actes tels que faire jouer de la musique \u00e0 haute voix ou poser les pieds sur les si\u00e8ges.<\/p>\n<p>Cependant l&rsquo;adoption du texte a \u00e9t\u00e9 bloqu\u00e9e et il n&rsquo;a pas encore \u00e9t\u00e9 codifi\u00e9.<\/p>\n<h2>Les amendes peuvent \u00eatre contest\u00e9es<\/h2>\n<p>Le cas de Lakhdar est rare mais pas unique \u2014 en f\u00e9vrier 2025, un homme a \u00e9t\u00e9 sanctionn\u00e9 d&rsquo;une amende de 200 \u20ac \u00e0 la gare de Nantes pour avoir mis son t\u00e9l\u00e9phone en haut-parleur lors d&rsquo;un appel.<\/p>\n<p>En ao\u00fbt 2025, une passag\u00e8re sur un train entre Paris et Vannes a \u00e9t\u00e9 sanctionn\u00e9e d&rsquo;une amende de 110 \u20ac parce que son chat miaulait trop fort.<\/p>\n<p>Si vous recevez une amende d&rsquo;une autorit\u00e9 de transport public \u2014 SNCF ou variantes de transport public local \u2014 pour quelque raison que ce soit, vous pouvez la contester dans les trois mois qui suivent son \u00e9mission.<\/p>\n<p>Vous devez d&rsquo;abord contacter le service client\u00e8le de l&rsquo;organisme \u00e9metteur (comme SNCF Voyageurs) en expliquant pourquoi vous pensez que l&rsquo;amende \u00e9tait injustifi\u00e9e et la raison de votre contestation.<\/p>\n<p>Si la r\u00e9ponse ne vous satisfait pas, vous pouvez contacter <span data-lab-font_weight=\"font-weight-bold\" class=\"font-weight-bold m-font-weight-bold\">le m\u00e9diateur des transports publics<\/span>.<\/p>\n<p>Notez que les amendes doivent \u00eatre pay\u00e9es dans les trois mois suivant leur \u00e9mission.<\/p>\n<\/div>\n","protected":false},"excerpt":{"rendered":"<p>L&rsquo;amende sur place a \u00e9t\u00e9 augment\u00e9e apr\u00e8s que le passager ait refus\u00e9 de payer dans un premier temps Un passager de train en France a \u00e9t\u00e9 sanctionn\u00e9 d&rsquo;une amende de 200 \u20ac pour avoir \u00e9cout\u00e9 de la musique trop fort sur son t\u00e9l\u00e9phone, mettant en \u00e9vidence une p\u00e9nalit\u00e9 peu connue pour le \u00ab d\u00e9sordre public [&hellip;]<\/p>\n","protected":false},"author":1,"featured_media":1619,"comment_status":"open","ping_status":"open","sticky":false,"template":"","format":"standard","meta":{"footnotes":""},"categories":[1],"tags":[1632,345,42,168,1060,23,35,1875,1874,1876,39,512,412,432,511],"class_list":["post-1618","post","type-post","status-publish","format-standard","has-post-thumbnail","hentry","category-non-classe","tag-amende","tag-comprendre","tag-des","tag-dune","tag-forte","tag-francais","tag-les","tag-musique","tag-passager","tag-penalites","tag-pour","tag-publics","tag-sanctionne","tag-train","tag-transports"],"_links":{"self":[{"href":"https:\/\/www.rachida-dati.eu\/actualites\/wp-json\/wp\/v2\/posts\/1618","targetHints":{"allow":["GET"]}}],"collection":[{"href":"https:\/\/www.rachida-dati.eu\/actualites\/wp-json\/wp\/v2\/posts"}],"about":[{"href":"https:\/\/www.rachida-dati.eu\/actualites\/wp-json\/wp\/v2\/types\/post"}],"author":[{"embeddable":true,"href":"https:\/\/www.rachida-dati.eu\/actualites\/wp-json\/wp\/v2\/users\/1"}],"replies":[{"embeddable":true,"href":"https:\/\/www.rachida-dati.eu\/actualites\/wp-json\/wp\/v2\/comments?post=1618"}],"version-history":[{"count":1,"href":"https:\/\/www.rachida-dati.eu\/actualites\/wp-json\/wp\/v2\/posts\/1618\/revisions"}],"predecessor-version":[{"id":1620,"href":"https:\/\/www.rachida-dati.eu\/actualites\/wp-json\/wp\/v2\/posts\/1618\/revisions\/1620"}],"wp:featuredmedia":[{"embeddable":true,"href":"https:\/\/www.rachida-dati.eu\/actualites\/wp-json\/wp\/v2\/media\/1619"}],"wp:attachment":[{"href":"https:\/\/www.rachida-dati.eu\/actualites\/wp-json\/wp\/v2\/media?parent=1618"}],"wp:term":[{"taxonomy":"category","embeddable":true,"href":"https:\/\/www.rachida-dati.eu\/actualites\/wp-json\/wp\/v2\/categories?post=1618"},{"taxonomy":"post_tag","embeddable":true,"href":"https:\/\/www.rachida-dati.eu\/actualites\/wp-json\/wp\/v2\/tags?post=1618"}],"curies":[{"name":"wp","href":"https:\/\/api.w.org\/{rel}","templated":true}]}}