{"id":1624,"date":"2026-03-17T04:46:40","date_gmt":"2026-03-17T03:46:40","guid":{"rendered":"https:\/\/www.rachida-dati.eu\/actualites\/impact-sur-les-patients-et-lassurance\/"},"modified":"2026-03-17T04:46:40","modified_gmt":"2026-03-17T03:46:40","slug":"impact-sur-les-patients-et-lassurance","status":"publish","type":"post","link":"https:\/\/www.rachida-dati.eu\/actualites\/impact-sur-les-patients-et-lassurance\/","title":{"rendered":"Impact sur les patients et l&rsquo;assurance"},"content":{"rendered":"<div data-element-guid=\"7f7332a5-aca0-4fee-9990-ec700b171346\">\n<h2 class=\"subtitle \" style=\"\">Frais pour les s\u00e9jours hospitaliers nocturnes et les passages aux urgences parmi ceux qui devraient augmenter dans le cadre de plans visant \u00e0 \u00e9conomiser 400 millions d&rsquo;euros sur les d\u00e9penses de s\u00e9curit\u00e9 sociale<\/h2>\n<\/p>\n<\/div>\n<div data-element-guid=\"412e2160-af3a-4aa6-fb42-dea1bbabce96\">\n<p><!-- placeholder(#1) --><\/p>\n<p>Certains frais hospitaliers devraient augmenter en France, les co\u00fbts \u00e9tant r\u00e9percut\u00e9s sur les assureurs mutuelles, dans le cadre de plans visant \u00e0 \u00e9conomiser 400 millions d&rsquo;euros par an sur les d\u00e9penses de s\u00e9curit\u00e9 sociale publiques.<\/p>\n<p class=\"no_italic m-no_italic\" data-lab-italic=\"\">Des augmentations de divers \u00ab forfaits fixes \u00bb ont \u00e9t\u00e9 incluses dans des plans envoy\u00e9s par les autorit\u00e9s gouvernementales \u00e0 divers conseils de sant\u00e9, avant d&rsquo;\u00eatre officiellement annonc\u00e9es lors d&rsquo;une r\u00e9union de la <span data-lab-italic=\"italic\" class=\"italic m-italic\">Caisse nationale d&rsquo;Assurance-maladie<\/span> le mardi 24 f\u00e9vrier.<\/p>\n<p class=\"no_italic m-no_italic\" data-lab-italic=\"\">Les changements seront d\u00e9finis dans des ordonnances et d\u00e9crets minist\u00e9riels et ne seront pas d\u00e9battus au Parlement.<\/p>\n<p>La plupart des frais concern\u00e9s augmenteront le 1er mars, certains augmentant apr\u00e8s le 1er avril.<\/p>\n<p>Bien que la plupart des augmentations seraient couvertes par l&rsquo;assurance mutuelle <span data-lab-italic=\"italic\" class=\"italic m-italic\">mutuelle<\/span>, cela pourrait entra\u00eener des primes plus \u00e9lev\u00e9es l&rsquo;ann\u00e9e prochaine. Ceux qui ne b\u00e9n\u00e9ficient pas de cette couverture compl\u00e9mentaire devront assumer eux-m\u00eames les co\u00fbts suppl\u00e9mentaires.<\/p>\n<h2>Forfaits fixes cibl\u00e9s<\/h2>\n<p>Une s\u00e9rie de frais hospitaliers sont factur\u00e9s aux patients en France, notamment le <span data-lab-italic=\"italic\" class=\"italic m-italic\">forfait hospitalier<\/span> (tarif journalier pour tous les patients) et les <span data-lab-italic=\"italic\" class=\"italic m-italic\">frais d\u2019hospitalisation<\/span> (ceux-ci d\u00e9pendent de l&rsquo;h\u00f4pital, du motif d&rsquo;admission, etc., mais peuvent atteindre des milliers d&rsquo;euros).<\/p>\n<p>Couverts \u00e0 80 % pour les personnes affili\u00e9es au syst\u00e8me public de sant\u00e9 fran\u00e7ais (Assurance Maladie), les 20 % restants sont souvent pris en charge par une mutuelle compl\u00e9mentaire obtenue soit par le priv\u00e9, soit par un employeur.<\/p>\n<p>Outre cela, il existe diverses prestations de confort (telles que la t\u00e9l\u00e9vision, une chambre priv\u00e9e, etc.) qui ne sont pas couvertes par le remboursement \u00e9tatique mais peuvent \u00eatre couvertes par votre mutuelle.<\/p>\n<p>Notre <span data-lab-font_weight=\"font-weight-bold\" class=\"font-weight-bold m-font-weight-bold\">article ici<\/span> explique le fonctionnement des frais.<\/p>\n<p>Les nouveaux plans feraient passer le forfait hospitalier de 20 \u20ac \u00e0 23 \u20ac par jour (pour une admission dans une unit\u00e9 psychiatrique, il passerait de 15 \u20ac \u00e0 17 \u20ac), sans augmentation correspondante du remboursement par l&rsquo;\u00c9tat.<\/p>\n<p>Une autre charge qui va augmenter est le forfait patient urgences, un forfait fixe d&rsquo;urgence appliqu\u00e9 aux patients qui se pr\u00e9sentent aux urgences mais ne sont pas admis pour un s\u00e9jour prolong\u00e9 par la suite.<\/p>\n<p>Le tarif standard sera port\u00e9 de 19,61 \u20ac \u00e0 23 \u20ac, tout comme le tarif r\u00e9duit (pour certains patients tels que les malades de longue dur\u00e9e), passant de 8,49 \u20ac \u00e0 9,96 \u20ac.<\/p>\n<p>Certaines proc\u00e9dures, g\u00e9n\u00e9ralement celles dont les tarifs atteignent au moins 120 \u20ac, sont consid\u00e9r\u00e9es comme des actes lourds et, \u00e0 ce titre, sont enti\u00e8rement rembours\u00e9es par l&rsquo;\u00c9tat, moins un taux fixe (appel\u00e9 participation forfaitaire), actuellement de 24 \u20ac.<\/p>\n<p>\u00c0 partir du 1er avril, cela passera \u00e0 32 \u20ac.<\/p>\n<p>Notez que les personnes actuellement exon\u00e9r\u00e9es \u2013 notamment les femmes en fin de grossesse, les nouveau-n\u00e9s et les b\u00e9n\u00e9ficiaires de l&rsquo;assurance solidaire compl\u00e9mentaire sant\u00e9 (compl\u00e9mentaire sant\u00e9 solidaire) financ\u00e9e par l&rsquo;\u00c9tat \u2013 resteront exon\u00e9r\u00e9es de ces frais.<\/p>\n<figure data-element-guid=\"1297575a-26be-478b-920a-843dd607a3c1\" class=\"column desktop-floatLeft mobile-floatLeft small-12 large-8 small-abs-12 large-abs-8\">\n<div class=\"content \" style=\"\">\n<div class=\"img fullwidthTarget\">\n            <picture><source  width=\"706\" height=\"939\" media=\"(min-width: 768px)\" type=\"image\/webp\"><source  width=\"706\" height=\"939\" media=\"(min-width: 768px)\" type=\"image\/jpeg\"><source  width=\"480\" height=\"639\" media=\"(max-width: 767px)\" type=\"image\/webp\"><source  width=\"480\" height=\"639\" media=\"(max-width: 767px)\" type=\"image\/jpeg\"><\/source><\/source><\/source><\/source><\/picture>\n                    <\/div>\n<\/p><\/div>\n<\/figure>\n<h2>Les personnes d\u00e9pourvues de mutuelle en danger<\/h2>\n<p>Th\u00e9oriquement, les plans ne devraient pas entra\u00eener d&rsquo;augmentation des co\u00fbts \u00e0 la charge des assur\u00e9s en France.<\/p>\n<p>\u00ab Cette augmentation des copaiements des patients pour les soins hospitaliers sera enti\u00e8rement prise en charge par les plans d&rsquo;assurance sant\u00e9 compl\u00e9mentaire des patients, dans le cadre de contrats solidaires et responsables \u00bb, a d\u00e9clar\u00e9 l&rsquo;Unocam, le syndicat fran\u00e7ais des prestataires de soins compl\u00e9mentaires.\u00a0<\/p>\n<p>Cependant, des tentatives r\u00e9centes visant \u00e0 faire supporter les d\u00e9penses de s\u00e9curit\u00e9 sociale li\u00e9es aux soins de sant\u00e9 par des assureurs priv\u00e9s ont conduit les groupes de mutuelle \u00e0 dire que ces co\u00fbts suppl\u00e9mentaires pourraient \u00eatre r\u00e9percut\u00e9s sur les patients sous forme de primes plus \u00e9lev\u00e9es.<\/p>\n<p>Cela pourrait entra\u00eener d&rsquo;autres augmentations g\u00e9n\u00e9ralis\u00e9es des co\u00fbts d&rsquo;assurance en 2027, apr\u00e8s que les assureurs aient \u00e9t\u00e9 emp\u00each\u00e9s d&rsquo;augmenter les primes en 2026.<\/p>\n<p>Ceux qui n&rsquo;ont pas d&rsquo;assurance compl\u00e9mentaire, qui ne b\u00e9n\u00e9ficient que des 80 % rembours\u00e9s par l&rsquo;\u00c9tat, seront directement touch\u00e9s par ces hausses.<\/p>\n<p>Jusqu&rsquo;\u00e0 2,5 millions de personnes en France \u2013 environ 4 % de la population \u2013 ne disposent pas d&rsquo;une mutuelle compl\u00e9mentaire et doivent payer ces frais exc\u00e9dentaires de leur poche.\u00a0<\/p>\n<p>Parmi les 10 % les plus pauvres de la population, cette proportion passe \u00e0 12 %.<\/p>\n<\/div>\n","protected":false},"excerpt":{"rendered":"<p>Frais pour les s\u00e9jours hospitaliers nocturnes et les passages aux urgences parmi ceux qui devraient augmenter dans le cadre de plans visant \u00e0 \u00e9conomiser 400 millions d&rsquo;euros sur les d\u00e9penses de s\u00e9curit\u00e9 sociale Certains frais hospitaliers devraient augmenter en France, les co\u00fbts \u00e9tant r\u00e9percut\u00e9s sur les assureurs mutuelles, dans le cadre de plans visant \u00e0 [&hellip;]<\/p>\n","protected":false},"author":1,"featured_media":1625,"comment_status":"open","ping_status":"open","sticky":false,"template":"","format":"standard","meta":{"footnotes":""},"categories":[1],"tags":[1277,459,35,812,30],"class_list":["post-1624","post","type-post","status-publish","format-standard","has-post-thumbnail","hentry","category-non-classe","tag-impact","tag-lassurance","tag-les","tag-patients","tag-sur"],"_links":{"self":[{"href":"https:\/\/www.rachida-dati.eu\/actualites\/wp-json\/wp\/v2\/posts\/1624","targetHints":{"allow":["GET"]}}],"collection":[{"href":"https:\/\/www.rachida-dati.eu\/actualites\/wp-json\/wp\/v2\/posts"}],"about":[{"href":"https:\/\/www.rachida-dati.eu\/actualites\/wp-json\/wp\/v2\/types\/post"}],"author":[{"embeddable":true,"href":"https:\/\/www.rachida-dati.eu\/actualites\/wp-json\/wp\/v2\/users\/1"}],"replies":[{"embeddable":true,"href":"https:\/\/www.rachida-dati.eu\/actualites\/wp-json\/wp\/v2\/comments?post=1624"}],"version-history":[{"count":1,"href":"https:\/\/www.rachida-dati.eu\/actualites\/wp-json\/wp\/v2\/posts\/1624\/revisions"}],"predecessor-version":[{"id":1626,"href":"https:\/\/www.rachida-dati.eu\/actualites\/wp-json\/wp\/v2\/posts\/1624\/revisions\/1626"}],"wp:featuredmedia":[{"embeddable":true,"href":"https:\/\/www.rachida-dati.eu\/actualites\/wp-json\/wp\/v2\/media\/1625"}],"wp:attachment":[{"href":"https:\/\/www.rachida-dati.eu\/actualites\/wp-json\/wp\/v2\/media?parent=1624"}],"wp:term":[{"taxonomy":"category","embeddable":true,"href":"https:\/\/www.rachida-dati.eu\/actualites\/wp-json\/wp\/v2\/categories?post=1624"},{"taxonomy":"post_tag","embeddable":true,"href":"https:\/\/www.rachida-dati.eu\/actualites\/wp-json\/wp\/v2\/tags?post=1624"}],"curies":[{"name":"wp","href":"https:\/\/api.w.org\/{rel}","templated":true}]}}