{"id":2173,"date":"2026-08-31T06:46:45","date_gmt":"2026-08-31T04:46:45","guid":{"rendered":"https:\/\/www.rachida-dati.eu\/actualites\/plages-du-debarquement-en-normandie-lunesco-scrute-le-parc-eolien-du-calvados\/"},"modified":"2026-08-31T06:46:46","modified_gmt":"2026-08-31T04:46:46","slug":"plages-du-debarquement-en-normandie-lunesco-scrute-le-parc-eolien-du-calvados","status":"publish","type":"post","link":"https:\/\/www.rachida-dati.eu\/actualites\/plages-du-debarquement-en-normandie-lunesco-scrute-le-parc-eolien-du-calvados\/","title":{"rendered":"Plages du D\u00e9barquement en Normandie : l&rsquo;UNESCO scrute le parc \u00e9olien du Calvados"},"content":{"rendered":"<div data-element-guid=\"7f7332a5-aca0-4fee-9990-ec700b171346\">\n<p class=\"subtitle \" style=\"\">Parc \u00e9olien de 64 turbines en cours de construction au large du Calvados<\/p>\n<\/p>\n<\/div>\n<div data-element-guid=\"ce6378e9-99fe-4aa3-91b1-0761b0446386\">\n<p>Le nouveau statut de l&rsquo;UNESCO pour les plages du D\u00e9barquement en Normandie a suscit\u00e9 un nouvel examen d&rsquo;un parc \u00e9olien de 64 turbines en construction au large de la c\u00f4te du Calvados. EDF affirme que l&rsquo;UNESCO \u00e9tait pleinement inform\u00e9e du plan.<\/p>\n<p><!-- placeholder(#1) --><\/p>\n<p>Les plages sur lesquelles les forces alli\u00e9es ont d\u00e9barqu\u00e9 le 6 juin 1944, <span class=\"font-weight-bold m-font-weight-bold \" data-lab-font_weight=\"font-weight-bold\">ont \u00e9t\u00e9 r\u00e9cemment inscrites sur la liste du patrimoine mondial de l&rsquo;UNESCO<\/span>.<\/p>\n<p>Elles comprennent Utah Beach, Omaha Beach, Gold Beach, Sword Beach, Pointe du Hoc et Juno Beach.<\/p>\n<h2>Juno Beach le plus touch\u00e9<\/h2>\n<p>Juno Beach sera le plus touch\u00e9e par le parc \u00e9olien, en cours de construction au large de Courseulles-sur-Mer. Il fait suite \u00e0 la construction d&rsquo;un site de 71 turbines plus \u00e0 l&rsquo;est, \u00e0 F\u00e9camp. Un troisi\u00e8me est en cours de construction \u00e0 l&rsquo;est, \u00e0 Dieppe.<\/p>\n<p>Jean-Louis Butr\u00e9, pr\u00e9sident de la F\u00e9d\u00e9ration Environnement Durable (FED), a d\u00e9clar\u00e9 que l&rsquo;inscription \u00e0 l&rsquo;UNESCO renfor\u00e7ait les pr\u00e9occupations exprim\u00e9es par son organisation et des groupes locaux depuis plus d&rsquo;une d\u00e9cennie.<\/p>\n<p>\u00ab Les plages du d\u00e9barquement sont des lieux sacr\u00e9s \u00bb, a-t-il d\u00e9clar\u00e9 \u00e0 <span class=\"italic m-italic \" data-lab-italic=\"italic\">The Connexion<\/span>. \u00ab Nous ne pouvons pas demander \u00e0 l&rsquo;UNESCO de prot\u00e9ger le patrimoine mondial tout en autorisant des projets qui, \u00e0 nos yeux, transforment ces paysages. \u00bb<\/p>\n<p>FED a appel\u00e9 le gouvernement \u00e0 suspendre la construction, estimant que les turbines, situ\u00e9es \u00e0 environ 10 km au large, modifieront l&rsquo;exp\u00e9rience des visiteurs.<\/p>\n<p>\u00ab Lorsque les gens visitent les plages, elles constituent avant tout un lieu de m\u00e9moire \u00bb, a d\u00e9clar\u00e9 M. Butr\u00e9. \u00ab Ils viennent pour se souvenir du sacrifice des soldats am\u00e9ricains, canadiens, britanniques, australiens et d&rsquo;autres Alli\u00e9s qui sont venus aider \u00e0 lib\u00e9rer l&rsquo;Europe. \u00bb<\/p>\n<p>\u00ab Vous verrez des turbines \u00e9oliennes qui scintillent devant vous. \u00bb<\/p>\n<p>\u00ab Cela change l&rsquo;atmosph\u00e8re d&rsquo;un site historique. \u00bb<\/p>\n<p> M. Butr\u00e9 a ajout\u00e9 que les parcs \u00e9oliens en mer peuvent aussi avoir des impacts environnementaux en raison de la construction des fondations sur le fond marin, ainsi que des effets sur la vie marine et les oiseaux.<\/p>\n<h2>\u00ab M\u00e9moire prise en compte \u00bb<\/h2>\n<p>EDF Power Solutions, partenaire du projet \u00e9olien, rejette tout conflit avec l&rsquo;importance particuli\u00e8re du site.<\/p>\n<p>\u00ab EDF se f\u00e9licite de l&rsquo;inscription des plages sur la liste du patrimoine mondial de l&rsquo;UNESCO \u00bb, a d\u00e9clar\u00e9 un porte-parole.<\/p>\n<p>\u00ab Les \u00e9quipes travaillant sur le projet ont pleinement pris en compte la m\u00e9moire des d\u00e9barquements du D-Day. \u00bb<\/p>\n<p>EDF a d\u00e9clar\u00e9 que cette approche avait \u00e9t\u00e9 d\u00e9velopp\u00e9e \u00e0 la suite des engagements pris apr\u00e8s un d\u00e9bat public sur le projet il y a plus de dix ans.<\/p>\n<p>Un groupe d\u00e9di\u00e9 \u00ab Histoire et Devoir de M\u00e9moire \u00bb a \u00e9t\u00e9 cr\u00e9\u00e9, r\u00e9unissant des historiens, des organisations de v\u00e9t\u00e9rans, des mus\u00e9es et d&rsquo;autres repr\u00e9sentants impliqu\u00e9s dans la pr\u00e9servation du patrimoine de la Seconde Guerre mondiale.<\/p>\n<p>Dans le cadre de ce travail, les 64 turbines seront nomm\u00e9es d&rsquo;apr\u00e8s des navires ayant particip\u00e9 au d\u00e9barquement du D-Day et \u00e0 la bataille de Normandie.<\/p>\n<p>Le porte-parole a d\u00e9clar\u00e9 : \u00ab L&rsquo;existence du parc \u00e9olien en mer a \u00e9t\u00e9 prise en compte et int\u00e9gr\u00e9e dans le rapport de l&rsquo;inspecteur de l&rsquo;UNESCO \u00e9valuant le site. \u00bb<\/p>\n<h2>\u00c9lectricit\u00e9 et emplois<\/h2>\n<p>Le parc \u00e9olien du Calvados aura une capacit\u00e9 totale d&rsquo;environ 450 m\u00e9gawatts, produisant l&rsquo;\u00e9quivalent de la consommation \u00e9lectrique domestique de plus de 630 000 personnes \u2013 soit plus de 90% de la population du d\u00e9partement du Calvados.<\/p>\n<p>Les turbines seront situ\u00e9es au large de la c\u00f4te du Bessin sur une superficie d&rsquo;environ 50 km\u00b2.<\/p>\n<p>EDF a d\u00e9clar\u00e9 que l&#8217;empreinte du projet sur le fond marin repr\u00e9sentera moins de 1% de cette zone.<\/p>\n<p>L&rsquo;entreprise pr\u00e9voit \u00e9galement des retomb\u00e9es \u00e9conomiques pour la r\u00e9gion, avec plus de 1 000 emplois cr\u00e9\u00e9s pendant la construction et environ 100 postes permanents li\u00e9s \u00e0 une future base de maintenance au port de Caen-Ouistreham.<\/p>\n<h2>D\u00e9mant\u00e8lement du parc \u00e9olien pr\u00e9vu en 2057<\/h2>\n<p>Le projet s&rsquo;inscrit dans le cadre d&rsquo;une expansion plus large de l&rsquo;\u00e9olien en mer en France.<\/p>\n<p>Le gouvernement a lanc\u00e9 des appels d&rsquo;offres pour 10 nouveaux parcs \u00e9oliens, ce qui pourrait porter la capacit\u00e9 totale du pays en \u00e9olien en mer \u00e0 15 GW d&rsquo;ici 2035 si tous les projets voient le jour.<\/p>\n<p>La recommandation de l&rsquo;UNESCO concernant le parc \u00e9olien est qu&rsquo;il soit d\u00e9mont\u00e9 \u00e0 la fin de sa concession, en 2057, et que le site soit r\u00e9tabli dans son \u00e9tat initial.<\/p>\n<p>Cependant, ce n&rsquo;est pas une ordonnance l\u00e9gale pour arr\u00eater le projet ou retirer les turbines.<\/p>\n<p>Pour l&rsquo;instant, malgr\u00e9 la reconnaissance par l&rsquo;UNESCO et l&rsquo;opposition persistante de plusieurs associations, le projet du parc \u00e9olien avance.<\/p>\n<\/div>\n<p><script >!function(f,b,e,v,n,t,s)\n{if(f.fbq)return;n=f.fbq=function(){n.callMethod?\nn.callMethod.apply(n,arguments):n.queue.push(arguments)};\nif(!f._fbq)f._fbq=n;n.push=n;n.loaded=!0;n.version='2.0';\nn.queue=[];t=b.createElement(e);t.async=!0;\nt.src=v;s=b.getElementsByTagName(e)[0];\ns.parentNode.insertBefore(t,s)}(window, document,'script',\n'https:\/\/connect.facebook.net\/en_US\/fbevents.js');\nfbq('init', '1199707312045186');\nfbq('track', 'PageView');<\/script><\/p>\n","protected":false},"excerpt":{"rendered":"<p>Parc \u00e9olien de 64 turbines en cours de construction au large du Calvados Le nouveau statut de l&rsquo;UNESCO pour les plages du D\u00e9barquement en Normandie a suscit\u00e9 un nouvel examen d&rsquo;un parc \u00e9olien de 64 turbines en construction au large de la c\u00f4te du Calvados. EDF affirme que l&rsquo;UNESCO \u00e9tait pleinement inform\u00e9e du plan. Les [&hellip;]<\/p>\n","protected":false},"author":1,"featured_media":2174,"comment_status":"open","ping_status":"open","sticky":false,"template":"","format":"standard","meta":{"footnotes":""},"categories":[1],"tags":[],"class_list":["post-2173","post","type-post","status-publish","format-standard","has-post-thumbnail","hentry","category-non-classe"],"_links":{"self":[{"href":"https:\/\/www.rachida-dati.eu\/actualites\/wp-json\/wp\/v2\/posts\/2173","targetHints":{"allow":["GET"]}}],"collection":[{"href":"https:\/\/www.rachida-dati.eu\/actualites\/wp-json\/wp\/v2\/posts"}],"about":[{"href":"https:\/\/www.rachida-dati.eu\/actualites\/wp-json\/wp\/v2\/types\/post"}],"author":[{"embeddable":true,"href":"https:\/\/www.rachida-dati.eu\/actualites\/wp-json\/wp\/v2\/users\/1"}],"replies":[{"embeddable":true,"href":"https:\/\/www.rachida-dati.eu\/actualites\/wp-json\/wp\/v2\/comments?post=2173"}],"version-history":[{"count":1,"href":"https:\/\/www.rachida-dati.eu\/actualites\/wp-json\/wp\/v2\/posts\/2173\/revisions"}],"predecessor-version":[{"id":2175,"href":"https:\/\/www.rachida-dati.eu\/actualites\/wp-json\/wp\/v2\/posts\/2173\/revisions\/2175"}],"wp:featuredmedia":[{"embeddable":true,"href":"https:\/\/www.rachida-dati.eu\/actualites\/wp-json\/wp\/v2\/media\/2174"}],"wp:attachment":[{"href":"https:\/\/www.rachida-dati.eu\/actualites\/wp-json\/wp\/v2\/media?parent=2173"}],"wp:term":[{"taxonomy":"category","embeddable":true,"href":"https:\/\/www.rachida-dati.eu\/actualites\/wp-json\/wp\/v2\/categories?post=2173"},{"taxonomy":"post_tag","embeddable":true,"href":"https:\/\/www.rachida-dati.eu\/actualites\/wp-json\/wp\/v2\/tags?post=2173"}],"curies":[{"name":"wp","href":"https:\/\/api.w.org\/{rel}","templated":true}]}}