{"id":2186,"date":"2026-09-01T08:42:33","date_gmt":"2026-09-01T06:42:33","guid":{"rendered":"https:\/\/www.rachida-dati.eu\/actualites\/incendies-en-gironde-un-chat-disparu-depuis-17-ans-retrouve-grace-a-la-puce-electronique\/"},"modified":"2026-09-01T08:42:35","modified_gmt":"2026-09-01T06:42:35","slug":"incendies-en-gironde-un-chat-disparu-depuis-17-ans-retrouve-grace-a-la-puce-electronique","status":"publish","type":"post","link":"https:\/\/www.rachida-dati.eu\/actualites\/incendies-en-gironde-un-chat-disparu-depuis-17-ans-retrouve-grace-a-la-puce-electronique\/","title":{"rendered":"Incendies en Gironde : un chat disparu depuis 17 ans retrouv\u00e9 gr\u00e2ce \u00e0 la puce \u00e9lectronique"},"content":{"rendered":"<div data-element-guid=\"7f7332a5-aca0-4fee-9990-ec700b171346\">\n<p class=\"subtitle \" style=\"\">La r\u00e9union a eu lieu apr\u00e8s que les sauveteurs d&rsquo;animaux ont v\u00e9rifi\u00e9 sa puce<\/p>\n<\/p>\n<\/div>\n<div data-element-guid=\"ce6378e9-99fe-4aa3-91b1-0761b0446386\">\n<p><!-- placeholder(#1) --><\/p>\n<p>Un chat absent depuis 2009 a \u00e9t\u00e9 r\u00e9uni \u00e0 son propri\u00e9taire apr\u00e8s avoir \u00e9t\u00e9 retrouv\u00e9 lors d&rsquo;op\u00e9rations de sauvetage animalier li\u00e9es aux incendies en Gironde. <\/p>\n<p>Parmi les devastations provoqu\u00e9es par les incendies d&rsquo;\u00e9t\u00e9 en Gironde, un chat nomm\u00e9 Mozart a \u00e9t\u00e9 retrouv\u00e9, apr\u00e8s avoir disparu il y a 17 ans \u00e0 partir de Bordeaux. Au fil des ann\u00e9es, son propri\u00e9taire n&rsquo;avait pas esp\u00e9r\u00e9 le retrouver \u00e0 nouveau. <\/p>\n<p>Cependant, le 25 juillet, elle a re\u00e7u un appel de b\u00e9n\u00e9voles des secours animaux &#8211; la puce \u00e9lectronique du chat a r\u00e9v\u00e9l\u00e9 son identit\u00e9 et a conduit les sauveteurs vers son propri\u00e9taire d&rsquo;origine, Elisabeth-Sophie Stevens, qui vit aujourd&rsquo;hui pr\u00e8s de Dijon.<\/p>\n<p>\u00ab Lorsque nous l&rsquo;avons appel\u00e9e, nous lui avons dit : \u2018Nous avons retrouv\u00e9 votre chat\u2019, \u00bb a d\u00e9clar\u00e9 V\u00e9ronique Laveissi\u00e8re, vice-pr\u00e9sidente de l&rsquo;Association M\u00e9rignac Chats Errants (une association f\u00e9line), \u00e0 <span class=\"italic m-italic \" data-lab-italic=\"italic\">The Connexion<\/span>. \u00ab Elle a r\u00e9pondu : \u2018Mon chat est assis \u00e0 c\u00f4t\u00e9 de moi sur le canap\u00e9. De quoi parlez-vous ?\u2019 \u00bb<\/p>\n<p>Cependant, le chat assis \u00e0 c\u00f4t\u00e9 d&rsquo;elle \u00e9tait son chat actuel Gandhi, et non Mozart. \u00ab Nous lui avons dit : \u2018Nous avons un chat nomm\u00e9 Mozart, et il vous appartient.\u2019 Elle a dit : \u2018Oh mon Dieu, Mozart ! Mais cela remonte \u00e0 des ann\u00e9es et des ann\u00e9es.\u2019 \u00bb<\/p>\n<p>Bien que le retour de Mozart ait \u00e9t\u00e9 un moment de joie, les sauveteurs ont \u00e9t\u00e9 laiss\u00e9s avec de nombreuses questions sur ce qui s&rsquo;\u00e9tait pass\u00e9 pendant les 17 ann\u00e9es o\u00f9 il avait disparu.\u00a0<\/p>\n<p>\u00ab C&rsquo;est la question que je me suis pos\u00e9e imm\u00e9diatement : que faisait ce chat pendant tout ce temps ? \u00bb a d\u00e9clar\u00e9 Mme Laveissi\u00e8re. \u00ab Parce que Mozart n&rsquo;a pas l&rsquo;apparence d&rsquo;un chat sauvage. \u00bb<\/p>\n<p>\u00ab S&rsquo;il avait vraiment \u00e9t\u00e9 un chat sauvage, il ne serait probablement plus parmi nous, \u00bb a-t-elle d\u00e9clar\u00e9. \u00ab Ils ne vivent pas tr\u00e8s longtemps. \u00bb<\/p>\n<p>L&rsquo;explication la plus probable est que Mozart a \u00e9t\u00e9 pris en charge par un autre foyer pendant de nombreuses ann\u00e9es.<\/p>\n<p>\u00ab Nous pensons que quelqu&rsquo;un a d\u00fb le nourrir, et \u00e0 un moment donn\u00e9 il a probablement \u00e9t\u00e9 recueilli par une autre famille, \u00bb a d\u00e9clar\u00e9 Mme Laveissi\u00e8re. \u00ab Il n&rsquo;y avait aucun signe de malveillance d\u00e9lib\u00e9r\u00e9e. Quelqu&rsquo;un pensait probablement qu&rsquo;il s&rsquo;agissait d&rsquo;un chat perdu ou abandonn\u00e9 et lui a donn\u00e9 un foyer. \u00bb<\/p>\n<p>Un ami de Mme Stevens a r\u00e9cup\u00e9r\u00e9 Mozart en Gironde et l&rsquo;a ramen\u00e9 dans la r\u00e9gion de Dijon.<\/p>\n<p>Pour Mme Laveissi\u00e8re, l&rsquo;histoire de Mozart illustre l&rsquo;importance de l&rsquo;identification. Sans identification, de nombreux propri\u00e9taires ne d\u00e9couvrent jamais ce qui est arriv\u00e9 \u00e0 leur animal disparu.<\/p>\n<figure data-element-guid=\"e14e5a65-b2b3-4583-ab30-973313bbe032\" class=\"column desktop-floatLeft mobile-floatLeft small-12 large-4 small-abs-12 large-abs-4\">\n<div class=\"content \" style=\"\">\n<div class=\"img fullwidthTarget\">\n            <picture><source  width=\"353\" height=\"498\" media=\"(min-width: 768px)\" type=\"image\/webp\"><source  width=\"353\" height=\"498\" media=\"(min-width: 768px)\" type=\"image\/jpeg\"><source  width=\"480\" height=\"677\" media=\"(max-width: 767px)\" type=\"image\/webp\"><source  width=\"480\" height=\"677\" media=\"(max-width: 767px)\" type=\"image\/jpeg\"><\/source><\/source><\/source><\/source><\/picture>\n                    <\/div>\n<\/p><\/div>\n<\/figure>\n<p>\u00ab C\u2019est pourquoi l\u2019identification \u00e9lectronique est si importante \u00bb, a-t-elle d\u00e9clar\u00e9. \u00ab C\u2019est l\u2019espoir qu\u2019un jour vous puissiez savoir ce qui est arriv\u00e9 \u00e0 votre animal. \u00bb<\/p>\n<h2>Op\u00e9ration de sauvetage lanc\u00e9e au milieu du chaos<\/h2>\n<p>Environ 100 animaux ont \u00e9t\u00e9 pris en charge lors de l\u2019op\u00e9ration de sauvetage, selon l\u2019association.<\/p>\n<p>\u00ab Quand nous avons vu le feu se d\u00e9placer d\u2019une zone \u00e0 l\u2019autre, c\u2019\u00e9tait comme une apocalypse \u00bb, a d\u00e9clar\u00e9 Mme Laveissi\u00e8re. \u00ab Il y avait des for\u00eats br\u00fbl\u00e9es, des maisons d\u00e9truites, des \u00e9paves de voitures. C\u2019\u00e9tait comme un paysage apr\u00e8s une guerre. \u00bb<\/p>\n<p>Les incendies ont d\u00e9truit des foyers et contraint des milliers de personnes \u00e0 fuir. Les services d\u2019urgence se sont d\u2019abord concentr\u00e9s sur la sauvegarde des vies humaines, mais les associations de protection animale se sont rapidement mobilis\u00e9es.<\/p>\n<p>\u00ab Les pompiers, la pr\u00e9fecture et les autorit\u00e9s locales ont d\u00fb se concentrer sur l\u2019\u00e9vacuation des personnes \u00bb, a-t-elle d\u00e9clar\u00e9. \u00ab Mais de nombreux animaux \u00e9taient encore sur place, et nous avons d\u00fb agir. \u00bb<\/p>\n<p>L\u2019association a fourni des cages de transport, des cages de capture, de la nourriture et des abris temporaires. <span class=\"font-weight-black m-font-weight-black \" data-lab-font_weight=\"font-weight-black\">Des b\u00e9n\u00e9voles ont recherch\u00e9 des animaux abandonn\u00e9s<\/span> et ont travaill\u00e9 avec les pompiers qui ont amen\u00e9 les animaux trouv\u00e9s pr\u00e8s des flammes.<\/p>\n<p>Mozart \u00e9tait l\u2019un des nombreux animaux sauv\u00e9s. \u00ab Il est l\u2019un des nombreux autres \u00bb, a d\u00e9clar\u00e9 Mme Laveissi\u00e8re. \u00ab Nous avons r\u00e9cup\u00e9r\u00e9 des chats, des chiens, des lapins, m\u00eame un perroquet. Tout ce que nous pouvions sauver, tout ce qui \u00e9tait en danger. \u00bb<\/p>\n<p>Aujourd\u2019hui, alors que l\u2019association est confront\u00e9e au nombre d\u2019animaux sauv\u00e9s lors de l\u2019incendie, elle lance \u00e9galement un appel \u00e0 dons. Toute personne souhaitant aider peut le faire en utilisant ce <span class=\"font-weight-black m-font-weight-black \" data-lab-font_weight=\"font-weight-black\">lien<\/span>.\u00a0<\/p>\n<\/div>\n<p><script >!function(f,b,e,v,n,t,s)\n{if(f.fbq)return;n=f.fbq=function(){n.callMethod?\nn.callMethod.apply(n,arguments):n.queue.push(arguments)};\nif(!f._fbq)f._fbq=n;n.push=n;n.loaded=!0;n.version='2.0';\nn.queue=[];t=b.createElement(e);t.async=!0;\nt.src=v;s=b.getElementsByTagName(e)[0];\ns.parentNode.insertBefore(t,s)}(window, document,'script',\n'https:\/\/connect.facebook.net\/en_US\/fbevents.js');\nfbq('init', '1199707312045186');\nfbq('track', 'PageView');<\/script><\/p>\n","protected":false},"excerpt":{"rendered":"<p>La r\u00e9union a eu lieu apr\u00e8s que les sauveteurs d&rsquo;animaux ont v\u00e9rifi\u00e9 sa puce Un chat absent depuis 2009 a \u00e9t\u00e9 r\u00e9uni \u00e0 son propri\u00e9taire apr\u00e8s avoir \u00e9t\u00e9 retrouv\u00e9 lors d&rsquo;op\u00e9rations de sauvetage animalier li\u00e9es aux incendies en Gironde. Parmi les devastations provoqu\u00e9es par les incendies d&rsquo;\u00e9t\u00e9 en Gironde, un chat nomm\u00e9 Mozart a \u00e9t\u00e9 [&hellip;]<\/p>\n","protected":false},"author":1,"featured_media":2187,"comment_status":"open","ping_status":"open","sticky":false,"template":"","format":"standard","meta":{"footnotes":""},"categories":[1],"tags":[],"class_list":["post-2186","post","type-post","status-publish","format-standard","has-post-thumbnail","hentry","category-non-classe"],"_links":{"self":[{"href":"https:\/\/www.rachida-dati.eu\/actualites\/wp-json\/wp\/v2\/posts\/2186","targetHints":{"allow":["GET"]}}],"collection":[{"href":"https:\/\/www.rachida-dati.eu\/actualites\/wp-json\/wp\/v2\/posts"}],"about":[{"href":"https:\/\/www.rachida-dati.eu\/actualites\/wp-json\/wp\/v2\/types\/post"}],"author":[{"embeddable":true,"href":"https:\/\/www.rachida-dati.eu\/actualites\/wp-json\/wp\/v2\/users\/1"}],"replies":[{"embeddable":true,"href":"https:\/\/www.rachida-dati.eu\/actualites\/wp-json\/wp\/v2\/comments?post=2186"}],"version-history":[{"count":1,"href":"https:\/\/www.rachida-dati.eu\/actualites\/wp-json\/wp\/v2\/posts\/2186\/revisions"}],"predecessor-version":[{"id":2188,"href":"https:\/\/www.rachida-dati.eu\/actualites\/wp-json\/wp\/v2\/posts\/2186\/revisions\/2188"}],"wp:featuredmedia":[{"embeddable":true,"href":"https:\/\/www.rachida-dati.eu\/actualites\/wp-json\/wp\/v2\/media\/2187"}],"wp:attachment":[{"href":"https:\/\/www.rachida-dati.eu\/actualites\/wp-json\/wp\/v2\/media?parent=2186"}],"wp:term":[{"taxonomy":"category","embeddable":true,"href":"https:\/\/www.rachida-dati.eu\/actualites\/wp-json\/wp\/v2\/categories?post=2186"},{"taxonomy":"post_tag","embeddable":true,"href":"https:\/\/www.rachida-dati.eu\/actualites\/wp-json\/wp\/v2\/tags?post=2186"}],"curies":[{"name":"wp","href":"https:\/\/api.w.org\/{rel}","templated":true}]}}