{"id":2189,"date":"2026-09-01T10:42:46","date_gmt":"2026-09-01T08:42:46","guid":{"rendered":"https:\/\/www.rachida-dati.eu\/actualites\/greves-en-france-en-septembre-2026-vols-services-publics-et-transports\/"},"modified":"2026-09-01T10:42:46","modified_gmt":"2026-09-01T08:42:46","slug":"greves-en-france-en-septembre-2026-vols-services-publics-et-transports","status":"publish","type":"post","link":"https:\/\/www.rachida-dati.eu\/actualites\/greves-en-france-en-septembre-2026-vols-services-publics-et-transports\/","title":{"rendered":"Gr\u00e8ves en France en septembre 2026 : vols, services publics et transports"},"content":{"rendered":"<div data-element-guid=\"ce6378e9-99fe-4aa3-91b1-0761b0446386\">\n<p><!-- placeholder(#1) --><\/p>\n<p>Plusieurs gr\u00e8ves devraient toucher la France ce mois de septembre, notamment dans le secteur de l\u2019aviation et des services publics. Si d\u2019autres pr\u00e9avis sont d\u00e9pos\u00e9s, nous les ajouterons \u00e0 cette liste.\u00a0<\/p>\n<p>Un pr\u00e9avis de gr\u00e8ve n\u2019implique pas n\u00e9cessairement une gr\u00e8ve, mais il constitue une \u00e9tape n\u00e9cessaire pour organiser une action de protestation en France et est un indicateur d\u2019intention d\u2019agir.<\/p>\n<p>Nous listons ci-dessous les principaux pr\u00e9avis d\u00e9pos\u00e9s \u00e0 ce jour ce mois-ci.\u00a0<\/p>\n<h2>Secteur a\u00e9ronautique \u2013 easyJet, French bee, Volotea<\/h2>\n<p>Les passagers a\u00e9riens en France pourraient \u00eatre confront\u00e9s \u00e0 des perturbations et \u00e0 des retards alors que des salari\u00e9s de plusieurs entreprises d\u00e9posent des pr\u00e9avis de gr\u00e8ve pour le mois de septembre.<\/p>\n<p>Le personnel navigant dans les six bases fran\u00e7aises d\u2019easyJet \u2013 Paris-Charles de Gaulle, Paris-Orly, Nantes, Bordeaux, Nice et Lyon \u2013 est couvert par une motion de gr\u00e8ve tournante jusqu\u2019au 2 septembre, <span class=\"font-weight-bold m-font-weight-bold \" data-lab-font_weight=\"font-weight-bold\">mais cela pourrait \u00eatre prolong\u00e9<\/span> alors que les salari\u00e9s votent pour prolonger la motion aujourd\u2019hui.<\/p>\n<p>L\u2019action pr\u00e9vue le week-end dernier a \u00e9t\u00e9 annul\u00e9e.<\/p>\n<p>Les syndicats citent des conditions de travail difficiles, incluant un manque de structure, de nombreux changements de derni\u00e8re minute et un mauvais \u00e9quilibre entre vie professionnelle et vie priv\u00e9e pour le personnel navigant.<\/p>\n<p>La gr\u00e8ve a notamment vu les trois principaux syndicats du personnel navigant d\u2019easyJet (<span class=\"italic m-italic \" data-lab-italic=\"italic\">Personnel Navigant Commercial<\/span>, PNC) soutenir l\u2019action.<\/p>\n<p>Une gr\u00e8ve similaire du personnel navigant de la compagnie low-cost long-courrier French bee a \u00e9t\u00e9 \u00e9tendue jusqu\u2019au 6 septembre.<\/p>\n<p>Soutenue par les syndicats SNPNC-FO et CGT, des probl\u00e9matiques similaires li\u00e9es \u00e0 de mauvaises conditions de travail sont cit\u00e9es, ainsi que des salaires insuffisants.<\/p>\n<p>Dans les deux cas, les vols op\u00e9r\u00e9s par les compagnies peuvent \u00eatre retard\u00e9s ou annul\u00e9s, mais le personnel doit avertir son employeur 48 heures \u00e0 l\u2019avance de ses intentions de gr\u00e8ve, les passagers devant \u00eatre inform\u00e9s \u00e0 l\u2019avance des changements ou difficult\u00e9s.<\/p>\n<p>La compagnie a\u00e9rienne espagnole low-cost Volotea est appel\u00e9e \u00e0 conna\u00eetre une gr\u00e8ve des pilotes ce week-end (4 &#8211; 6 septembre), ce qui pourrait affecter les voyageurs partant ou arrivant \u00e0 plusieurs a\u00e9roports fran\u00e7ais.<\/p>\n<p>Les syndicats Unac, SPL et SNPL soutiennent la gr\u00e8ve, arguant que les pilotes sont surmen\u00e9s et mal pay\u00e9s.<\/p>\n<p>Volotea a \u00e9t\u00e9 condamn\u00e9e \u00e0 une amende de 247 450 \u20ac par un tribunal de Nantes en 2022 pour des infractions aux r\u00e8gles fran\u00e7aises sur le temps de vol affectant les pilotes et le personnel navigant.<\/p>\n<p>L\u2019action de gr\u00e8ve pourrait causer des perturbations de voyage ce week-end sur les vols Volotea. Des informations seront disponibles \u00e0 l\u2019approche des dates.<\/p>\n<p>Dans tous les cas de retard ou de perturbation des vols, il ne s\u2019agit pas d\u2019une circonstance exceptionnelle \u2013 comme les \u00e9v\u00e9nements m\u00e9t\u00e9orologiques et les gr\u00e8ves du personnel des a\u00e9roports \u2013 car ce sont les propres personnels de la compagnie qui perturbent les services.<\/p>\n<p>Les passagers disposent donc <span class=\"font-weight-bold m-font-weight-bold \" data-lab-font_weight=\"font-weight-bold\"> d\u2019une indemnisation en plus de tout remboursement ou remboursement partiel pour les vols retard\u00e9s\/annul\u00e9s.<\/span> Renseignez-vous aupr\u00e8s de votre compagnie a\u00e9rienne sur les r\u00e8gles exactes, et consultez \u00e9galement la politique de votre assurance voyage, le cas \u00e9ch\u00e9ant. Si les probl\u00e8mes ne sont pas r\u00e9solus, vous pouvez contacter le <span class=\"italic m-italic \" data-lab-italic=\"italic\">M\u00e9diateur du tourisme et du voyage<\/span>.<\/p>\n<h2>Pompiers \u2013 8 septembre &#8211; 20 octobre<\/h2>\n<p>Les pompiers des casernes fran\u00e7aises sont couverts par un pr\u00e9avis de gr\u00e8ve pour une majeure partie du mois de septembre, soutenu par neuf syndicats et associations.<\/p>\n<p>Les syndicats r\u00e9clament plus de financement, la modernisation du service, l\u2019am\u00e9lioration de l\u2019\u00e9quipement et une campagne de recrutement.<\/p>\n<p>Les dates retenues sont symboliques \u2013 le 8 septembre correspond au d\u00e9p\u00f4t d\u2019un projet de loi sur la modernisation de plusieurs services publics et le 20 octobre est la date actuelle pour le premier vote sur le budget 2027.<\/p>\n<p>Des perturbations sont possibles pendant toute la p\u00e9riode.<\/p>\n<p>Les pompiers b\u00e9n\u00e9ficient des r\u00e8gles de service minimum en France et continueront de r\u00e9pondre aux urgences mais ils pourront \u00eatre plus lents \u00e0 r\u00e9pondre aux t\u00e2ches non urgentes et limiteront leurs activit\u00e9s suppl\u00e9mentaires telles que les c\u00e9r\u00e9monies, les formations, la paperasserie, etc.\u00a0<\/p>\n<p>Plusieurs manifestations sont pr\u00e9vues, notamment \u00e0 Paris et dans les pr\u00e9fectures locales.\u00a0<\/p>\n<p>Des manifestations majeures sont attendues le 29 septembre, jour o\u00f9 de nombreux autres services publics sont \u00e9galement appel\u00e9s \u00e0 faire gr\u00e8ve.\u00a0<\/p>\n<h2>Personnel des h\u00f4pitaux publics &#8211; 8 septembre, 29 septembre<\/h2>\n<p>Le personnel des h\u00f4pitaux publics de France est couvert par deux pr\u00e9avis de gr\u00e8ve \u2013 le 8 septembre et le 29 septembre.<\/p>\n<p>Les syndicats soutenant la gr\u00e8ve \u00e9voquent une infrastructure de la sant\u00e9 publique en d\u00e9clin, avec 60 000 postes d\u2019infirmiers vacants nonpourvus, des salaires bas et un manque de formation. Les collectifs exigent \u00e9galement que les salaires soient index\u00e9s sur l\u2019inflation pour assurer une progression stable.<\/p>\n<p>L\u2019action devrait \u00eatre principalement symbolique, le personnel menant des manifestations silencieuses, portant des autocollants, etc.<\/p>\n<p>Il n\u2019y a actuellement pas de plans pour de grandes gr\u00e8ves ou l\u2019annulation des soins non essentiels.<\/p>\n<p>Cependant, il existe un risque de retards pendant ces journ\u00e9es, donc si vous avez un rendez-vous pr\u00e9vu, il peut \u00eatre prudent de v\u00e9rifier \u00e0 l\u2019avance s\u2019il est concern\u00e9.<\/p>\n<h2>Fonctionnaires \u2013 29 septembre<\/h2>\n<p>Les fonctionnaires \u00e0 travers la France sont \u00e9galement couverts par une motion de gr\u00e8ve le 29 septembre, soutenue par la majorit\u00e9 des principaux syndicats du pays.<\/p>\n<p>La motion est vaste et pourrait potentiellement affecter les \u00e9coles, les cr\u00e8ches et l\u2019ensemble des services publics, ainsi que les fonctionnaires travaillant dans les bureaux et les perturbations \u00e9voqu\u00e9es dans les secteurs de la sant\u00e9 et des pompiers.<\/p>\n<p>Les objectifs varient selon les secteurs mais se concentrent g\u00e9n\u00e9ralement sur la s\u00e9curit\u00e9 salariale, un meilleur financement des services cl\u00e9s et l\u2019am\u00e9lioration des infrastructures.<\/p>\n<p>Des d\u00e9monstrations majeures sont \u00e9galement pr\u00e9vues \u00e0 cette date, notamment \u00e0 Paris.<\/p>\n<p>La perturbation exacte n\u2019est pas encore connue, mais attendez-vous \u00e0 des perturbations dans l\u2019enseignement, les services publics locaux et les services d\u2019\u00c9tat nationaux.<\/p>\n<p>Cela peut inclure la fermeture d\u2019\u00e9coles et de services locaux (Services des imp\u00f4ts, conseils, etc.) ainsi que des cantines, des parcs, des \u00e9quipements sportifs, etc.<\/p>\n<p>\u00c9vitez de prendre des rendez-vous avec une administration publique ce jour-l\u00e0 si possible, car il pourrait \u00eatre report\u00e9.<\/p>\n<h2>Travailleurs de l\u2019\u00e9lectricit\u00e9 &#8211; en cours jusqu\u2019au 31 d\u00e9cembre<\/h2>\n<p>Un pr\u00e9avis couvrant les salari\u00e9s d\u2019EDF, d\u2019Enedis et de RTE (ces deux derni\u00e8res soci\u00e9t\u00e9s supervisent le r\u00e9seau \u00e9lectrique fran\u00e7ais) est en cours jusqu\u2019au 31 d\u00e9cembre 2026.<\/p>\n<p>Soutenue par plusieurs syndicats, la gr\u00e8ve s\u2019oppose \u00e0 des projets visant \u00e0 supprimer le \u00ab tarif agent \u00bb, un syst\u00e8me de primes pour les agents des agences.<\/p>\n<p>Il n\u2019y a pas de plans pour des coupures de courant planifi\u00e9es, toutefois il peut y avoir des retards dans les services pour r\u00e9pondre aux appels d\u2019urgence, interventions sur site, travaux d\u2019entretien habituels ou r\u00e9clamations des clients.<\/p>\n<p>Une grande d\u00e9monstration est pr\u00e9vue le 15 septembre, mais les d\u00e9tails restent \u00e0 \u00eatre annonc\u00e9s.<\/p>\n<h2>Perturbations des transports publics<\/h2>\n<p>Plusieurs services de transport public conna\u00eetront des perturbations tout au long du mois.<\/p>\n<p>\u00c0 Clermont-Ferrand, l\u2019autorit\u00e9 de transport T2C a annonc\u00e9 une gr\u00e8ve en cours \u00e0 partir du 1er septembre, affectant les lignes de tramway et plusieurs lignes de bus.<\/p>\n<p>Une gr\u00e8ve perturbe le r\u00e9seau Grand Reims Mobilit\u00e9s le 1er septembre. Attendez\u2011vous \u00e0 des perturbations sur les lignes de bus et de tramway.<\/p>\n<p>\u00c0 Rouen, une gr\u00e8ve en cours des employ\u00e9s de Transdev affili\u00e9s au syndicat CGT pourrait perturber les services jusqu\u2019en janvier 2027.<\/p>\n<p>Dans tous les cas, v\u00e9rifiez les sites locaux des op\u00e9rateurs de transport public avant de planifier tout d\u00e9placement.<\/p>\n<\/div>\n<p><script >!function(f,b,e,v,n,t,s)\n{if(f.fbq)return;n=f.fbq=function(){n.callMethod?\nn.callMethod.apply(n,arguments):n.queue.push(arguments)};\nif(!f._fbq)f._fbq=n;n.push=n;n.loaded=!0;n.version='2.0';\nn.queue=[];t=b.createElement(e);t.async=!0;\nt.src=v;s=b.getElementsByTagName(e)[0];\ns.parentNode.insertBefore(t,s)}(window, document,'script',\n'https:\/\/connect.facebook.net\/en_US\/fbevents.js');\nfbq('init', '1199707312045186');\nfbq('track', 'PageView');<\/script><\/p>\n","protected":false},"excerpt":{"rendered":"<p>Plusieurs gr\u00e8ves devraient toucher la France ce mois de septembre, notamment dans le secteur de l\u2019aviation et des services publics. Si d\u2019autres pr\u00e9avis sont d\u00e9pos\u00e9s, nous les ajouterons \u00e0 cette liste.\u00a0 Un pr\u00e9avis de gr\u00e8ve n\u2019implique pas n\u00e9cessairement une gr\u00e8ve, mais il constitue une \u00e9tape n\u00e9cessaire pour organiser une action de protestation en France et [&hellip;]<\/p>\n","protected":false},"author":1,"featured_media":183,"comment_status":"open","ping_status":"open","sticky":false,"template":"","format":"standard","meta":{"footnotes":""},"categories":[1],"tags":[],"class_list":["post-2189","post","type-post","status-publish","format-standard","has-post-thumbnail","hentry","category-non-classe"],"_links":{"self":[{"href":"https:\/\/www.rachida-dati.eu\/actualites\/wp-json\/wp\/v2\/posts\/2189","targetHints":{"allow":["GET"]}}],"collection":[{"href":"https:\/\/www.rachida-dati.eu\/actualites\/wp-json\/wp\/v2\/posts"}],"about":[{"href":"https:\/\/www.rachida-dati.eu\/actualites\/wp-json\/wp\/v2\/types\/post"}],"author":[{"embeddable":true,"href":"https:\/\/www.rachida-dati.eu\/actualites\/wp-json\/wp\/v2\/users\/1"}],"replies":[{"embeddable":true,"href":"https:\/\/www.rachida-dati.eu\/actualites\/wp-json\/wp\/v2\/comments?post=2189"}],"version-history":[{"count":1,"href":"https:\/\/www.rachida-dati.eu\/actualites\/wp-json\/wp\/v2\/posts\/2189\/revisions"}],"predecessor-version":[{"id":2190,"href":"https:\/\/www.rachida-dati.eu\/actualites\/wp-json\/wp\/v2\/posts\/2189\/revisions\/2190"}],"wp:featuredmedia":[{"embeddable":true,"href":"https:\/\/www.rachida-dati.eu\/actualites\/wp-json\/wp\/v2\/media\/183"}],"wp:attachment":[{"href":"https:\/\/www.rachida-dati.eu\/actualites\/wp-json\/wp\/v2\/media?parent=2189"}],"wp:term":[{"taxonomy":"category","embeddable":true,"href":"https:\/\/www.rachida-dati.eu\/actualites\/wp-json\/wp\/v2\/categories?post=2189"},{"taxonomy":"post_tag","embeddable":true,"href":"https:\/\/www.rachida-dati.eu\/actualites\/wp-json\/wp\/v2\/tags?post=2189"}],"curies":[{"name":"wp","href":"https:\/\/api.w.org\/{rel}","templated":true}]}}