{"id":2194,"date":"2026-09-01T14:42:41","date_gmt":"2026-09-01T12:42:41","guid":{"rendered":"https:\/\/www.rachida-dati.eu\/actualites\/peripherique-de-paris-radar-temporaire-impose-une-vitesse-maximale-de-30-km-h\/"},"modified":"2026-09-01T14:42:44","modified_gmt":"2026-09-01T12:42:44","slug":"peripherique-de-paris-radar-temporaire-impose-une-vitesse-maximale-de-30-km-h","status":"publish","type":"post","link":"https:\/\/www.rachida-dati.eu\/actualites\/peripherique-de-paris-radar-temporaire-impose-une-vitesse-maximale-de-30-km-h\/","title":{"rendered":"P\u00e9riph\u00e9rique de Paris : radar temporaire impose une vitesse maximale de 30 km\/h"},"content":{"rendered":"<div data-element-guid=\"7f7332a5-aca0-4fee-9990-ec700b171346\">\n<p class=\"subtitle \" style=\"\">Une cam\u00e9ra install\u00e9e dans une zone de travaux sur le p\u00e9riph\u00e9rique parisien a provoqu\u00e9 l&rsquo;indignation en ligne<\/p>\n<\/p>\n<\/div>\n<div data-element-guid=\"ce6378e9-99fe-4aa3-91b1-0761b0446386\">\n<p><!-- placeholder(#1) --><\/p>\n<p>L&rsquo;installation d&rsquo;une cam\u00e9ra de vitesse temporaire sur le p\u00e9riph\u00e9rique parisien (<span class=\"italic m-italic \" data-lab-italic=\"italic\">p\u00e9riph\u00e9rique<\/span>) pour rep\u00e9rer toute personne d\u00e9passant les 30 km\/h a suscit\u00e9 de la confusion et de la col\u00e8re parmi les conducteurs. <\/p>\n<p>La cam\u00e9ra autonome a \u00e9t\u00e9 install\u00e9e le 24 ao\u00fbt sur le p\u00e9riph\u00e9rique ext\u00e9rieur (<span class=\"italic m-italic \" data-lab-italic=\"italic\">p\u00e9riph\u00e9rique ext\u00e9rieur<\/span>) \u00e0 la Porte de Montreuil, o\u00f9 des travaux sont en cours.<\/p>\n<p>Cet appareil temporaire n&rsquo;est pas un radar fixe mais peut \u00eatre d\u00e9plac\u00e9 dans diff\u00e9rents emplacements dans la zone de travaux et est utilis\u00e9 pour faire respecter la limitation temporaire de 30 km\/h. <\/p>\n<p>Des conducteurs en col\u00e8re ont r\u00e9agi \u00e0 cette nouvelle installation sur les r\u00e9seaux sociaux, avec un automobiliste publiant une vid\u00e9o de la cam\u00e9ra en \u00e9crivant : \u00ab Pouvez-vous imaginer, sur un p\u00e9riph\u00e9rique \u00e0 trois voies, un radar de travaux clignotant \u00e0 30 km\/h ? \u00bb<\/p>\n<p>Ils ont \u00e9galement d\u00e9clar\u00e9 que la cam\u00e9ra avait \u00e9t\u00e9 plac\u00e9e \u00ab exactement l\u00e0 o\u00f9 elle doit \u00eatre pour financer rapidement les travaux \u00bb. <span class=\"font-weight-black m-font-weight-black \" data-lab-font_weight=\"font-weight-black\">Le post sur X<\/span> a attir\u00e9 beaucoup d&rsquo;attention, des milliers d&rsquo;utilisateurs commentant le nouvel radar.<\/p>\n<p>Cependant, la pr\u00e9fecture de police de Paris a d\u00e9fendu leur d\u00e9cision d&rsquo;installer le radar. <\/p>\n<p>\u00ab La Ville de Paris a r\u00e9duit la vitesse maximale autoris\u00e9e dans la zone \u00e0 30 km\/h et a voulu installer un radar sur le m\u00eame tron\u00e7on. Suite \u00e0 l&rsquo;autorisation de la pr\u00e9fecture de police, compte tenu des enjeux de s\u00e9curit\u00e9 routi\u00e8re, un radar a \u00e9t\u00e9 install\u00e9 le 24 ao\u00fbt \u00bb, a d\u00e9clar\u00e9 la pr\u00e9fecture de police, selon <span class=\"italic m-italic \" data-lab-italic=\"italic\">France 3<\/span>.<\/p>\n<p>De leur c\u00f4t\u00e9, le Mobilit\u00e9 Club de France s&rsquo;est interrog\u00e9 sur le fait que cette restriction temporaire soit suffisamment expliqu\u00e9e aux automobilistes. <\/p>\n<p>\u00ab Donnez la raison pour laquelle vous devez ralentir : pour la s\u00e9curit\u00e9 de ceux qui travaillent. L\u00e0, nous le ferions tous sans probl\u00e8me \u00bb, a d\u00e9clar\u00e9 Yves Carra, porte-parole de l&rsquo;association, selon <span class=\"italic m-italic \" data-lab-italic=\"italic\">France 3<\/span>, ajoutant que la zone de travaux ne s&rsquo;\u00e9tend que sur quelques centaines de m\u00e8tres.<\/p>\n<p>Il a \u00e9galement ajout\u00e9 que la signalisation insuffisante pourrait compromettre l&rsquo;objectif de s\u00e9curit\u00e9 de la restriction, car les automobilistes qui ne comprennent pas pourquoi ils doivent ralentir pourraient ne pas le faire. <\/p>\n<p>Pour l&rsquo;heure, le radar devrait rester en place jusqu&rsquo;\u00e0 l&rsquo;ach\u00e8vement des travaux, bien qu&rsquo;il puisse \u00eatre d\u00e9plac\u00e9 vers diff\u00e9rents emplacements sur le p\u00e9riph\u00e9rique. Les automobilistes doivent donc rester vigilants.<\/p>\n<p>Il faut aussi noter que les automobilistes circulant \u00e0 50 km\/h (la vitesse maximale habituelle sur ce tron\u00e7on du p\u00e9riph\u00e9rique avant l&rsquo;instauration de la nouvelle limite \u00e0 30 km\/h) et pris par la cam\u00e9ra pourraient \u00e9coper d&rsquo;une amende de 135 \u20ac (90 \u20ac si pay\u00e9e rapidement) et de la perte de deux points sur leur permis de conduire fran\u00e7ais.<\/p>\n<\/div>\n<p><script >!function(f,b,e,v,n,t,s)\n{if(f.fbq)return;n=f.fbq=function(){n.callMethod?\nn.callMethod.apply(n,arguments):n.queue.push(arguments)};\nif(!f._fbq)f._fbq=n;n.push=n;n.loaded=!0;n.version='2.0';\nn.queue=[];t=b.createElement(e);t.async=!0;\nt.src=v;s=b.getElementsByTagName(e)[0];\ns.parentNode.insertBefore(t,s)}(window, document,'script',\n'https:\/\/connect.facebook.net\/en_US\/fbevents.js');\nfbq('init', '1199707312045186');\nfbq('track', 'PageView');<\/script><\/p>\n","protected":false},"excerpt":{"rendered":"<p>Une cam\u00e9ra install\u00e9e dans une zone de travaux sur le p\u00e9riph\u00e9rique parisien a provoqu\u00e9 l&rsquo;indignation en ligne L&rsquo;installation d&rsquo;une cam\u00e9ra de vitesse temporaire sur le p\u00e9riph\u00e9rique parisien (p\u00e9riph\u00e9rique) pour rep\u00e9rer toute personne d\u00e9passant les 30 km\/h a suscit\u00e9 de la confusion et de la col\u00e8re parmi les conducteurs. La cam\u00e9ra autonome a \u00e9t\u00e9 install\u00e9e le [&hellip;]<\/p>\n","protected":false},"author":1,"featured_media":2195,"comment_status":"open","ping_status":"open","sticky":false,"template":"","format":"standard","meta":{"footnotes":""},"categories":[1],"tags":[],"class_list":["post-2194","post","type-post","status-publish","format-standard","has-post-thumbnail","hentry","category-non-classe"],"_links":{"self":[{"href":"https:\/\/www.rachida-dati.eu\/actualites\/wp-json\/wp\/v2\/posts\/2194","targetHints":{"allow":["GET"]}}],"collection":[{"href":"https:\/\/www.rachida-dati.eu\/actualites\/wp-json\/wp\/v2\/posts"}],"about":[{"href":"https:\/\/www.rachida-dati.eu\/actualites\/wp-json\/wp\/v2\/types\/post"}],"author":[{"embeddable":true,"href":"https:\/\/www.rachida-dati.eu\/actualites\/wp-json\/wp\/v2\/users\/1"}],"replies":[{"embeddable":true,"href":"https:\/\/www.rachida-dati.eu\/actualites\/wp-json\/wp\/v2\/comments?post=2194"}],"version-history":[{"count":1,"href":"https:\/\/www.rachida-dati.eu\/actualites\/wp-json\/wp\/v2\/posts\/2194\/revisions"}],"predecessor-version":[{"id":2196,"href":"https:\/\/www.rachida-dati.eu\/actualites\/wp-json\/wp\/v2\/posts\/2194\/revisions\/2196"}],"wp:featuredmedia":[{"embeddable":true,"href":"https:\/\/www.rachida-dati.eu\/actualites\/wp-json\/wp\/v2\/media\/2195"}],"wp:attachment":[{"href":"https:\/\/www.rachida-dati.eu\/actualites\/wp-json\/wp\/v2\/media?parent=2194"}],"wp:term":[{"taxonomy":"category","embeddable":true,"href":"https:\/\/www.rachida-dati.eu\/actualites\/wp-json\/wp\/v2\/categories?post=2194"},{"taxonomy":"post_tag","embeddable":true,"href":"https:\/\/www.rachida-dati.eu\/actualites\/wp-json\/wp\/v2\/tags?post=2194"}],"curies":[{"name":"wp","href":"https:\/\/api.w.org\/{rel}","templated":true}]}}