{"id":2197,"date":"2026-09-01T16:43:42","date_gmt":"2026-09-01T14:43:42","guid":{"rendered":"https:\/\/www.rachida-dati.eu\/actualites\/meteo-en-france-chaleur-de-35c-et-alertes-canicule-possibles-en-septembre-2026\/"},"modified":"2026-09-01T16:43:44","modified_gmt":"2026-09-01T14:43:44","slug":"meteo-en-france-chaleur-de-35c-et-alertes-canicule-possibles-en-septembre-2026","status":"publish","type":"post","link":"https:\/\/www.rachida-dati.eu\/actualites\/meteo-en-france-chaleur-de-35c-et-alertes-canicule-possibles-en-septembre-2026\/","title":{"rendered":"M\u00e9t\u00e9o en France : chaleur de 35\u00b0C et alertes canicule possibles en septembre 2026"},"content":{"rendered":"<div data-element-guid=\"7f7332a5-aca0-4fee-9990-ec700b171346\">\n<p class=\"subtitle \" style=\"\">Les alertes orange renforc\u00e9es n&rsquo;ont \u00e9t\u00e9 d\u00e9clench\u00e9es qu&rsquo;une seule fois auparavant au mois de septembre<\/p>\n<\/p>\n<\/div>\n<div data-element-guid=\"ce6378e9-99fe-4aa3-91b1-0761b0446386\">\n<p><!-- placeholder(#1) --><\/p>\n<p>Une nouvelle vague de chaleur intense devrait faire grimper les temp\u00e9ratures \u00e0 35\u00b0C dans plusieurs parties de la France dans les jours \u00e0 venir, plusieurs d\u00e9partements \u00e9tant pr\u00eats \u00e0 lever les alertes canicule d&rsquo;ici la fin de la semaine.<\/p>\n<p>La pouss\u00e9e de chaleur d\u00e9butera demain (2 septembre), touchant initialement la r\u00e9gion du Languedoc, avant de se propager au reste de la r\u00e9gion Occitanie, \u00e0 la Nouvelle-Aquitaine et \u00e0 la Vall\u00e9e du Rh\u00f4ne jeudi.<\/p>\n<p>Des maxima de 35\u00b0C autour de Montpellier sont possibles mercredi, et jeudi des maximales de 35\u00b0C \u00e0 Bordeaux, Lyon et plusieurs autres villes du Sud sont possibles \u2013 <span class=\"italic m-italic \" data-lab-italic=\"italic\">La Cha\u00eene M\u00e9t\u00e9o<\/span> (propri\u00e9t\u00e9 de <span class=\"italic m-italic \" data-lab-italic=\"italic\">Le Figaro<\/span>) pr\u00e9voit m\u00eame des maxima de 38\u00b0C.<\/p>\n<p>Dans une grande partie du sud-ouest, les temp\u00e9ratures seront environ 12\u00b0C plus chaudes que d&rsquo;habitude pour la saison.<\/p>\n<p>Les conditions chaudes se propageront vers le nord, avec des maxima bien au-del\u00e0 de 30\u00b0C dans les d\u00e9partements centraux attendues \u00e0 la fin de la semaine, et les thermom\u00e8tres pourraient atteindre les 30\u00b0C \u00e0 Paris malgr\u00e9 un ciel quelque peu nuageux.<\/p>\n<p>Les temp\u00e9ratures chaudes seront accompagn\u00e9es d&rsquo;un grand soleil dans le sud, ce qui rendra les conditions nettement plus chaudes dans certaines zones (les temp\u00e9ratures \u00e9tant mesur\u00e9es \u00e0 l&rsquo;ombre).<\/p>\n<p>Les pr\u00e9visions actuelles envisagent que les conditions intenses pourraient durer jusqu&rsquo;\u00e0 dimanche 6 septembre, avant que des vents plus frais en d\u00e9but de semaine prochaine ne provoquent une baisse des temp\u00e9ratures.<\/p>\n<p>\u00ab Cet \u00e9pisode est notable parce qu&rsquo;il devrait durer plusieurs jours, et les temp\u00e9ratures pourraient approcher les records du mois de septembre \u00bb, a d\u00e9clar\u00e9 l&rsquo;expert m\u00e9t\u00e9orologique du service national de m\u00e9t\u00e9o M\u00e9t\u00e9o France, Adrien Warnan, cit\u00e9 dans Le Monde.<\/p>\n<p>Plus inqui\u00e9tant encore, le pr\u00e9visionniste estime \u00e9galement qu&rsquo;un retour \u00e0 des conditions de s\u00e9cheresse est attendu.<\/p>\n<p>\u00ab Les pluies de fin ao\u00fbt ont offert un l\u00e9ger r\u00e9pit par rapport aux conditions de s\u00e9cheresse du sol records que nous connaissions depuis le d\u00e9but juillet, mais nous pourrions tr\u00e8s rapidement revenir \u00e0 ces niveaux extr\u00eames \u00bb, a-t-il d\u00e9clar\u00e9.<\/p>\n<p>Pour le moment, aucune pluie s\u00e9rieuse (\u00e0 part de faibles averses, trop faibles pour p\u00e9n\u00e9trer les sols) n&rsquo;est attendue pendant plusieurs semaines.<\/p>\n<h2>Nouvelle canicule en vue ?<\/h2>\n<p>La dur\u00e9e de cette chaleur rend possible que plusieurs d\u00e9partements du sud <span class=\"font-weight-bold m-font-weight-bold \" data-lab-font_weight=\"font-weight-bold\">puissent \u00e9mettre des avertissements de canicule<\/span> au cours des prochains jours, soit un sixi\u00e8me record d&rsquo;alertes canicule au cours de l&rsquo;ann\u00e9e.<\/p>\n<p><span class=\"italic m-italic \" data-lab-italic=\"italic\">Canicule<\/span> les alertes sont mises en \u0153uvre au niveau d\u00e9partemental, sur la base des seuils de temp\u00e9rature locaux atteints.<\/p>\n<p>Pour que des avertissements d\u00e9partementaux soient mis en place, les temp\u00e9ratures diurnes et nocturnes doivent atteindre un niveau donn\u00e9 pendant trois jours cons\u00e9cutifs.<\/p>\n<p>Notez que ces alertes d\u00e9partementales sont distinctes d&rsquo;une \u00ab vague de chaleur nationale \u00bb, qui est enregistr\u00e9e lorsque les temp\u00e9ratures moyennes nationales atteignent 23,4\u00b0C pendant au moins trois jours cons\u00e9cutifs, et 25,3\u00b0C pour une journ\u00e9e.<\/p>\n<p>C&rsquo;est aussi pourquoi le nombre de \u00ab canicules \u00bb signal\u00e9es cet \u00e9t\u00e9 peut diff\u00e9rer \u2013 malgr\u00e9 des alertes orange \u00e9lev\u00e9es en mai, les temp\u00e9ratures nationales n&rsquo;ont pas atteint les seuils, et une canicule nationale n&rsquo;a donc pas \u00e9t\u00e9 d\u00e9clar\u00e9e.<\/p>\n<p>Les temp\u00e9ratures plus au nord resteront plus fra\u00eeches cette semaine, M\u00e9t\u00e9o France estimant qu&rsquo;une vague de chaleur nationale n&rsquo;est plus le sc\u00e9nario le plus probable \u2013 mais elle n&rsquo;a pas exclu cette possibilit\u00e9.<\/p>\n<p>En outre, elle pr\u00e9voit que des alertes locales renforc\u00e9es entrent en vigueur dans le sud en raison de la prolongation des temp\u00e9ratures \u00e9lev\u00e9es.<\/p>\n<p>Le confr\u00e8re La Cha\u00eene M\u00e9t\u00e9o pr\u00e9voit que les temp\u00e9ratures moyennes nationales atteindront 23,6\u00b0C d&rsquo;ici vendredi, mais ne resteront pas \u00e0 ce niveau pendant trois jours cons\u00e9cutifs, ni n&rsquo;atteindront 25,1\u00b0C.<\/p>\n<p>Les alertes orange de niveau trois ont \u00e9t\u00e9 d\u00e9clench\u00e9es une seule fois auparavant en septembre, lors d&rsquo;un \u00e9pisode de chaleur en 2023.<\/p>\n<p>Voir <span class=\"italic m-italic font-weight-bold m-font-weight-bold\" data-lab-font_weight=\"font-weight-bold\" data-lab-italic=\"italic\">Les derni\u00e8res pr\u00e9visions de La Cha\u00eene M\u00e9t\u00e9o<\/span><span class=\"font-weight-bold m-font-weight-bold\" data-lab-font_weight=\"font-weight-bold\"> pour les pr\u00e9visions m\u00e9t\u00e9orologiques dans votre r\u00e9gion.<\/span><\/p>\n<\/div>\n<p><script >!function(f,b,e,v,n,t,s)\n{if(f.fbq)return;n=f.fbq=function(){n.callMethod?\nn.callMethod.apply(n,arguments):n.queue.push(arguments)};\nif(!f._fbq)f._fbq=n;n.push=n;n.loaded=!0;n.version='2.0';\nn.queue=[];t=b.createElement(e);t.async=!0;\nt.src=v;s=b.getElementsByTagName(e)[0];\ns.parentNode.insertBefore(t,s)}(window, document,'script',\n'https:\/\/connect.facebook.net\/en_US\/fbevents.js');\nfbq('init', '1199707312045186');\nfbq('track', 'PageView');<\/script><\/p>\n","protected":false},"excerpt":{"rendered":"<p>Les alertes orange renforc\u00e9es n&rsquo;ont \u00e9t\u00e9 d\u00e9clench\u00e9es qu&rsquo;une seule fois auparavant au mois de septembre Une nouvelle vague de chaleur intense devrait faire grimper les temp\u00e9ratures \u00e0 35\u00b0C dans plusieurs parties de la France dans les jours \u00e0 venir, plusieurs d\u00e9partements \u00e9tant pr\u00eats \u00e0 lever les alertes canicule d&rsquo;ici la fin de la semaine. La [&hellip;]<\/p>\n","protected":false},"author":1,"featured_media":2198,"comment_status":"open","ping_status":"open","sticky":false,"template":"","format":"standard","meta":{"footnotes":""},"categories":[1],"tags":[],"class_list":["post-2197","post","type-post","status-publish","format-standard","has-post-thumbnail","hentry","category-non-classe"],"_links":{"self":[{"href":"https:\/\/www.rachida-dati.eu\/actualites\/wp-json\/wp\/v2\/posts\/2197","targetHints":{"allow":["GET"]}}],"collection":[{"href":"https:\/\/www.rachida-dati.eu\/actualites\/wp-json\/wp\/v2\/posts"}],"about":[{"href":"https:\/\/www.rachida-dati.eu\/actualites\/wp-json\/wp\/v2\/types\/post"}],"author":[{"embeddable":true,"href":"https:\/\/www.rachida-dati.eu\/actualites\/wp-json\/wp\/v2\/users\/1"}],"replies":[{"embeddable":true,"href":"https:\/\/www.rachida-dati.eu\/actualites\/wp-json\/wp\/v2\/comments?post=2197"}],"version-history":[{"count":1,"href":"https:\/\/www.rachida-dati.eu\/actualites\/wp-json\/wp\/v2\/posts\/2197\/revisions"}],"predecessor-version":[{"id":2199,"href":"https:\/\/www.rachida-dati.eu\/actualites\/wp-json\/wp\/v2\/posts\/2197\/revisions\/2199"}],"wp:featuredmedia":[{"embeddable":true,"href":"https:\/\/www.rachida-dati.eu\/actualites\/wp-json\/wp\/v2\/media\/2198"}],"wp:attachment":[{"href":"https:\/\/www.rachida-dati.eu\/actualites\/wp-json\/wp\/v2\/media?parent=2197"}],"wp:term":[{"taxonomy":"category","embeddable":true,"href":"https:\/\/www.rachida-dati.eu\/actualites\/wp-json\/wp\/v2\/categories?post=2197"},{"taxonomy":"post_tag","embeddable":true,"href":"https:\/\/www.rachida-dati.eu\/actualites\/wp-json\/wp\/v2\/tags?post=2197"}],"curies":[{"name":"wp","href":"https:\/\/api.w.org\/{rel}","templated":true}]}}