{"id":2200,"date":"2026-09-01T18:42:49","date_gmt":"2026-09-01T16:42:49","guid":{"rendered":"https:\/\/www.rachida-dati.eu\/actualites\/longueau-instaure-une-limitation-de-vitesse-a-30-km-h-a-partir-de-septembre-2026\/"},"modified":"2026-09-01T18:42:51","modified_gmt":"2026-09-01T16:42:51","slug":"longueau-instaure-une-limitation-de-vitesse-a-30-km-h-a-partir-de-septembre-2026","status":"publish","type":"post","link":"https:\/\/www.rachida-dati.eu\/actualites\/longueau-instaure-une-limitation-de-vitesse-a-30-km-h-a-partir-de-septembre-2026\/","title":{"rendered":"Longueau instaure une limitation de vitesse \u00e0 30 km\/h \u00e0 partir de septembre 2026"},"content":{"rendered":"<div data-element-guid=\"7f7332a5-aca0-4fee-9990-ec700b171346\">\n<p class=\"subtitle \" style=\"\">La mesure prise dans la commune de Longueau, dans la Somme, s&rsquo;inscrit dans des mesures similaires adopt\u00e9es dans d&rsquo;autres communes<\/p>\n<\/p>\n<\/div>\n<div data-element-guid=\"ce6378e9-99fe-4aa3-91b1-0761b0446386\">\n<p><!-- placeholder(#1) --><\/p>\n<p>Les automobilistes qui traversent la commune du nord de la France, Longueau, devront ralentir consid\u00e9rablement \u00e0 partir du 1er septembre, alors que la municipalit\u00e9 instaurera une limite de vitesse de 30 km\/h sur l&rsquo;ensemble de la zone.<\/p>\n<p>La nouvelle mesure a \u00e9t\u00e9 annonc\u00e9e par la mairie <span class=\"font-weight-black m-font-weight-black \" data-lab-font_weight=\"font-weight-black\">dans un post sur Facebook<\/span>, et fait de la Somme la derni\u00e8re commune \u00e0 adopter le seuil de 30 km\/h comme mesure de tranquillisation du trafic.<\/p>\n<p>Initi\u00e9e \u00e0 la suite des pr\u00e9occupations des habitants concernant la vitesse excessive, la nouvelle limite s&rsquo;appliquera sur l&rsquo;ensemble de Longueau et des panneaux indiquant la vitesse seront install\u00e9s aux entr\u00e9es de la commune.<\/p>\n<p>Dans leur post sur Facebook, la commune a \u00e9crit que \u00ab \u00e0 30 km\/h, la s\u00e9curit\u00e9 de tous est une priorit\u00e9 \u00bb. <\/p>\n<p>Elle a \u00e9galement ajout\u00e9 que cette nouvelle d\u00e9marche apporterait \u00ab davantage de s\u00e9curit\u00e9 pour les pi\u00e9tons, les cyclistes et les automobilistes \u00bb, ainsi que moins d&rsquo;accidents, moins de bruit et de pollution atmosph\u00e9rique, et encouragerait les personnes \u00e0 privil\u00e9gier la marche et le v\u00e9lo comme modes de d\u00e9placement.<\/p>\n<p>La municipalit\u00e9 pr\u00e9voit \u00e9galement d&rsquo;augmenter les contr\u00f4les de vitesse et les mesures pr\u00e9ventives pendant le mois de septembre pour aider les conducteurs \u00e0 s&rsquo;habituer \u00e0 la nouvelle limite. Selon France 3, les contr\u00f4les seront plus s\u00e9v\u00e8res \u00e0 partir d&rsquo;octobre, les conducteurs d\u00e9passant la limite s&rsquo;exposant \u00e0 une amende pouvant atteindre 135 euros.<\/p>\n<p>D&rsquo;autres villes de la Somme ont d\u00e9j\u00e0 pris des mesures similaires, notamment Boves et Amiens. \u00c0 Boves, un arr\u00eat\u00e9 municipal permanent a instaur\u00e9 une limite de 30 km\/h dans l&rsquo;ensemble de la zone b\u00e2tie de la commune \u00e0 partir du 3 octobre 2024.<\/p>\n<p>Par ailleurs, \u00e0 Amiens, la ville a commenc\u00e9 \u00e0 exp\u00e9rimenter une limite de 30 km\/h en octobre 2023. Un an plus tard, Amiens M\u00e9tropole a d\u00e9clar\u00e9 que l&rsquo;exp\u00e9rience avait \u00ab d\u00e9montr\u00e9 son utilit\u00e9 \u00bb et a d\u00e9cid\u00e9 de rendre la mesure permanente.<\/p>\n<p>Annie Verrier, adjointe au maire d&rsquo;Amiens en charge de l&rsquo;urbanisme, a d\u00e9clar\u00e9 que la mesure avait produit \u00ab une meilleure qualit\u00e9 de vie, une s\u00e9curit\u00e9 accrue et moins de pollution \u00bb. <\/p>\n<p>Elle a \u00e9galement d\u00e9crit \u00ab un bon \u00e9quilibre entre le flux de trafic et un trafic plus calme \u00bb et a dit qu&rsquo;il y avait eu des retours \u00ab tr\u00e8s positifs de la part des habitants \u00bb. <\/p>\n<p><span class=\"font-weight-black m-font-weight-black \" data-lab-font_weight=\"font-weight-black\">Un certain nombre de villes fran\u00e7aises ont introduit des mesures similaires<\/span>, bien que les dispositifs exacts varient et que les grandes routes soient souvent exclues.<\/p>\n<p>Montpellier applique une vitesse maximale de 30 km\/h dans son espace urbanis\u00e9 depuis ao\u00fbt 2021, \u00e0 l&rsquo;exception de certaines routes majeures. <\/p>\n<p><span class=\"font-weight-black m-font-weight-black \" data-lab-font_weight=\"font-weight-black\">Paris a \u00e9galement instaur\u00e9 une limite de 30 km\/h sur la majeure partie de la capitale en ao\u00fbt 2021<\/span>, le p\u00e9riph\u00e9rique, les Boulevards des Mar\u00e9chaux et certaines grandes routes \u00e9tant exclus.<\/p>\n<p>Dans la zone de Grenoble-Alpes M\u00e9tropole, 45 des 49 communes sont couvertes par le dispositif \u00ab M\u00e9tropole apais\u00e9e \u00bb, selon lequel 30 km\/h est la r\u00e8gle sur la plupart des routes. Un petit nombre d\u2019itin\u00e9raires \u00e0 fort trafic restent \u00e0 50 km\/h.<\/p>\n<p>D\u2019autres villes ayant adopt\u00e9 des politiques similaires incluent Lille, Bordeaux, Lyon, Nantes, Rennes, Strasbourg et Toulouse.<\/p>\n<p>Vous pouvez v\u00e9rifier <span class=\"font-weight-black m-font-weight-black \" data-lab-font_weight=\"font-weight-black\">si votre ville ou commune a adopt\u00e9 une limite de 30 km\/h<\/span> en <span class=\"font-weight-black m-font-weight-black \" data-lab-font_weight=\"font-weight-black\">utilisant la carte ici.<\/span><\/p>\n<\/div>\n<p><script >!function(f,b,e,v,n,t,s)\n{if(f.fbq)return;n=f.fbq=function(){n.callMethod?\nn.callMethod.apply(n,arguments):n.queue.push(arguments)};\nif(!f._fbq)f._fbq=n;n.push=n;n.loaded=!0;n.version='2.0';\nn.queue=[];t=b.createElement(e);t.async=!0;\nt.src=v;s=b.getElementsByTagName(e)[0];\ns.parentNode.insertBefore(t,s)}(window, document,'script',\n'https:\/\/connect.facebook.net\/en_US\/fbevents.js');\nfbq('init', '1199707312045186');\nfbq('track', 'PageView');<\/script><\/p>\n","protected":false},"excerpt":{"rendered":"<p>La mesure prise dans la commune de Longueau, dans la Somme, s&rsquo;inscrit dans des mesures similaires adopt\u00e9es dans d&rsquo;autres communes Les automobilistes qui traversent la commune du nord de la France, Longueau, devront ralentir consid\u00e9rablement \u00e0 partir du 1er septembre, alors que la municipalit\u00e9 instaurera une limite de vitesse de 30 km\/h sur l&rsquo;ensemble de [&hellip;]<\/p>\n","protected":false},"author":1,"featured_media":2201,"comment_status":"open","ping_status":"open","sticky":false,"template":"","format":"standard","meta":{"footnotes":""},"categories":[1],"tags":[],"class_list":["post-2200","post","type-post","status-publish","format-standard","has-post-thumbnail","hentry","category-non-classe"],"_links":{"self":[{"href":"https:\/\/www.rachida-dati.eu\/actualites\/wp-json\/wp\/v2\/posts\/2200","targetHints":{"allow":["GET"]}}],"collection":[{"href":"https:\/\/www.rachida-dati.eu\/actualites\/wp-json\/wp\/v2\/posts"}],"about":[{"href":"https:\/\/www.rachida-dati.eu\/actualites\/wp-json\/wp\/v2\/types\/post"}],"author":[{"embeddable":true,"href":"https:\/\/www.rachida-dati.eu\/actualites\/wp-json\/wp\/v2\/users\/1"}],"replies":[{"embeddable":true,"href":"https:\/\/www.rachida-dati.eu\/actualites\/wp-json\/wp\/v2\/comments?post=2200"}],"version-history":[{"count":1,"href":"https:\/\/www.rachida-dati.eu\/actualites\/wp-json\/wp\/v2\/posts\/2200\/revisions"}],"predecessor-version":[{"id":2202,"href":"https:\/\/www.rachida-dati.eu\/actualites\/wp-json\/wp\/v2\/posts\/2200\/revisions\/2202"}],"wp:featuredmedia":[{"embeddable":true,"href":"https:\/\/www.rachida-dati.eu\/actualites\/wp-json\/wp\/v2\/media\/2201"}],"wp:attachment":[{"href":"https:\/\/www.rachida-dati.eu\/actualites\/wp-json\/wp\/v2\/media?parent=2200"}],"wp:term":[{"taxonomy":"category","embeddable":true,"href":"https:\/\/www.rachida-dati.eu\/actualites\/wp-json\/wp\/v2\/categories?post=2200"},{"taxonomy":"post_tag","embeddable":true,"href":"https:\/\/www.rachida-dati.eu\/actualites\/wp-json\/wp\/v2\/tags?post=2200"}],"curies":[{"name":"wp","href":"https:\/\/api.w.org\/{rel}","templated":true}]}}