{"id":2203,"date":"2026-09-01T20:43:09","date_gmt":"2026-09-01T18:43:09","guid":{"rendered":"https:\/\/www.rachida-dati.eu\/actualites\/peripherique-de-paris-radar-temporaire-impose-une-limite-de-30-km-h\/"},"modified":"2026-09-01T20:43:09","modified_gmt":"2026-09-01T18:43:09","slug":"peripherique-de-paris-radar-temporaire-impose-une-limite-de-30-km-h","status":"publish","type":"post","link":"https:\/\/www.rachida-dati.eu\/actualites\/peripherique-de-paris-radar-temporaire-impose-une-limite-de-30-km-h\/","title":{"rendered":"P\u00e9riph\u00e9rique de Paris : radar temporaire impose une limite de 30 km\/h"},"content":{"rendered":"<div data-element-guid=\"7f7332a5-aca0-4fee-9990-ec700b171346\">\n<p class=\"subtitle \" style=\"\">Les conducteurs r\u00e9agissent \u00e0 la nouvelle installation sur les r\u00e9seaux sociaux<\/p>\n<\/p>\n<\/div>\n<div data-element-guid=\"ce6378e9-99fe-4aa3-91b1-0761b0446386\">\n<p><!-- placeholder(#1) --><\/p>\n<p>L&rsquo;installation d&rsquo;un radar de vitesse temporaire sur le <span class=\"italic m-italic \" data-lab-italic=\"italic\">p\u00e9riph\u00e9rique<\/span> parisien visant \u00e0 surprendre quiconque d\u00e9passe les 30km\/h a suscit\u00e9 de la confusion et de la col\u00e8re chez les conducteurs. <\/p>\n<p>La cam\u00e9ra autonome a \u00e9t\u00e9 install\u00e9e le 24 ao\u00fbt sur le <span class=\"italic m-italic \" data-lab-italic=\"italic\">p\u00e9riph\u00e9rique ext\u00e9rieur<\/span> \u00e0 la Porte de Montreuil, o\u00f9 des travaux routiers sont en cours.<\/p>\n<p>Cet appareil temporaire n&rsquo;est pas un radar fixe mais peut \u00eatre d\u00e9plac\u00e9 dans diff\u00e9rents emplacements dans la zone de travaux et est utilis\u00e9 pour faire respecter la limite temporaire de 30km\/h. <\/p>\n<p>Des conducteurs en col\u00e8re ont r\u00e9agi \u00e0 cette nouvelle installation sur les r\u00e9seaux sociaux, l&rsquo;un d&rsquo;eux ayant publi\u00e9 une vid\u00e9o de la cam\u00e9ra en \u00e9crivant : \u00ab Pouvez-vous imaginer, sur un <span class=\"italic m-italic \" data-lab-italic=\"italic\">p\u00e9riph\u00e9rique<\/span> \u00e0 trois voies, un radar de travaux clignotant \u00e0 30km\/h ? \u00bb<\/p>\n<p>Ils ont aussi ajout\u00e9 que la cam\u00e9ra avait \u00e9t\u00e9 plac\u00e9e \u00ab exactement \u00e0 l&rsquo;endroit o\u00f9 elle doit \u00eatre pour financer rapidement les travaux \u00bb. <span class=\"font-weight-black m-font-weight-black \" data-lab-font_weight=\"font-weight-black\">La publication sur X<\/span> a suscit\u00e9 beaucoup d&rsquo;attention, des milliers d&rsquo;utilisateurs commentant le nouveau radar. <\/p>\n<p>Cependant, la pr\u00e9fecture de police de Paris a d\u00e9fendu leur d\u00e9cision d&rsquo;installer le radar.\u00a0<\/p>\n<p>\u00ab La Ville de Paris a abaiss\u00e9 la vitesse maximale autoris\u00e9e dans la zone \u00e0 30km\/h et souhaitait installer un radar sur le m\u00eame tron\u00e7on. Suite \u00e0 l&rsquo;autorisation de la pr\u00e9fecture de police, compte tenu des enjeux de s\u00e9curit\u00e9 routi\u00e8re, un radar a \u00e9t\u00e9 install\u00e9 le 24 ao\u00fbt \u00bb, a d\u00e9clar\u00e9 la pr\u00e9fecture de police, selon <span class=\"italic m-italic \" data-lab-italic=\"italic\">France 3<\/span>. <\/p>\n<p>Pour leur part, le Mobilit\u00e9 Club de France s&rsquo;est interrog\u00e9 sur le fait que cette restriction temporaire soit suffisamment expliqu\u00e9e aux automobilistes.\u00a0<\/p>\n<p>\u00ab Donnez la raison pour laquelle vous devez ralentir : pour la s\u00e9curit\u00e9 de ceux qui travaillent. L\u00e0, nous le ferions tous sans probl\u00e8me \u00bb, a d\u00e9clar\u00e9 Yves Carra, porte-parole de l&rsquo;association, selon <span class=\"italic m-italic \" data-lab-italic=\"italic\">France 3<\/span>, ajoutant que la zone de travaux ne s&rsquo;\u00e9tend que sur quelques centaines de m\u00e8tres.<\/p>\n<p>Il a \u00e9galement ajout\u00e9 que la signalisation insuffisante pourrait compromettre l&rsquo;objectif de s\u00e9curit\u00e9 de la restriction, car les conducteurs qui ne comprennent pas pourquoi ils doivent ralentir pourraient ne pas le faire.\u00a0<\/p>\n<p>Pour l&rsquo;instant, le radar devrait rester en place jusqu&rsquo;\u00e0 l&rsquo;ach\u00e8vement des travaux, bien qu&rsquo;il puisse \u00eatre d\u00e9plac\u00e9 vers diff\u00e9rents emplacements sur le <span class=\"italic m-italic \" data-lab-italic=\"italic\">p\u00e9riph\u00e9rique<\/span>. Les automobilistes devraient donc rester vigilants.<\/p>\n<p>Il est \u00e9galement important de noter que les automobilistes circulant \u00e0 50km\/h (la vitesse maximale normale sur ce tron\u00e7on du <span class=\"italic m-italic \" data-lab-italic=\"italic\">p\u00e9riph\u00e9rique<\/span> avant l&rsquo;introduction de la nouvelle limite de 30km\/h) et pris par la cam\u00e9ra pourraient \u00eatre sanctionn\u00e9s d&rsquo;une amende de 135 \u20ac (90 \u20ac si pay\u00e9e rapidement) et la perte de deux points de leur permis de conduire fran\u00e7ais. <\/p>\n<\/div>\n<p><script >!function(f,b,e,v,n,t,s)\n{if(f.fbq)return;n=f.fbq=function(){n.callMethod?\nn.callMethod.apply(n,arguments):n.queue.push(arguments)};\nif(!f._fbq)f._fbq=n;n.push=n;n.loaded=!0;n.version='2.0';\nn.queue=[];t=b.createElement(e);t.async=!0;\nt.src=v;s=b.getElementsByTagName(e)[0];\ns.parentNode.insertBefore(t,s)}(window, document,'script',\n'https:\/\/connect.facebook.net\/en_US\/fbevents.js');\nfbq('init', '1199707312045186');\nfbq('track', 'PageView');<\/script><\/p>\n","protected":false},"excerpt":{"rendered":"<p>Les conducteurs r\u00e9agissent \u00e0 la nouvelle installation sur les r\u00e9seaux sociaux L&rsquo;installation d&rsquo;un radar de vitesse temporaire sur le p\u00e9riph\u00e9rique parisien visant \u00e0 surprendre quiconque d\u00e9passe les 30km\/h a suscit\u00e9 de la confusion et de la col\u00e8re chez les conducteurs. La cam\u00e9ra autonome a \u00e9t\u00e9 install\u00e9e le 24 ao\u00fbt sur le p\u00e9riph\u00e9rique ext\u00e9rieur \u00e0 la [&hellip;]<\/p>\n","protected":false},"author":1,"featured_media":2195,"comment_status":"open","ping_status":"open","sticky":false,"template":"","format":"standard","meta":{"footnotes":""},"categories":[1],"tags":[],"class_list":["post-2203","post","type-post","status-publish","format-standard","has-post-thumbnail","hentry","category-non-classe"],"_links":{"self":[{"href":"https:\/\/www.rachida-dati.eu\/actualites\/wp-json\/wp\/v2\/posts\/2203","targetHints":{"allow":["GET"]}}],"collection":[{"href":"https:\/\/www.rachida-dati.eu\/actualites\/wp-json\/wp\/v2\/posts"}],"about":[{"href":"https:\/\/www.rachida-dati.eu\/actualites\/wp-json\/wp\/v2\/types\/post"}],"author":[{"embeddable":true,"href":"https:\/\/www.rachida-dati.eu\/actualites\/wp-json\/wp\/v2\/users\/1"}],"replies":[{"embeddable":true,"href":"https:\/\/www.rachida-dati.eu\/actualites\/wp-json\/wp\/v2\/comments?post=2203"}],"version-history":[{"count":1,"href":"https:\/\/www.rachida-dati.eu\/actualites\/wp-json\/wp\/v2\/posts\/2203\/revisions"}],"predecessor-version":[{"id":2204,"href":"https:\/\/www.rachida-dati.eu\/actualites\/wp-json\/wp\/v2\/posts\/2203\/revisions\/2204"}],"wp:featuredmedia":[{"embeddable":true,"href":"https:\/\/www.rachida-dati.eu\/actualites\/wp-json\/wp\/v2\/media\/2195"}],"wp:attachment":[{"href":"https:\/\/www.rachida-dati.eu\/actualites\/wp-json\/wp\/v2\/media?parent=2203"}],"wp:term":[{"taxonomy":"category","embeddable":true,"href":"https:\/\/www.rachida-dati.eu\/actualites\/wp-json\/wp\/v2\/categories?post=2203"},{"taxonomy":"post_tag","embeddable":true,"href":"https:\/\/www.rachida-dati.eu\/actualites\/wp-json\/wp\/v2\/tags?post=2203"}],"curies":[{"name":"wp","href":"https:\/\/api.w.org\/{rel}","templated":true}]}}