{"id":2205,"date":"2026-09-01T22:42:51","date_gmt":"2026-09-01T20:42:51","guid":{"rendered":"https:\/\/www.rachida-dati.eu\/actualites\/secheresse-en-france-2026-les-restrictions-deau-pourraient-durer-jusqua-lautomne\/"},"modified":"2026-09-01T22:42:54","modified_gmt":"2026-09-01T20:42:54","slug":"secheresse-en-france-2026-les-restrictions-deau-pourraient-durer-jusqua-lautomne","status":"publish","type":"post","link":"https:\/\/www.rachida-dati.eu\/actualites\/secheresse-en-france-2026-les-restrictions-deau-pourraient-durer-jusqua-lautomne\/","title":{"rendered":"S\u00e9cheresse en France 2026 : les restrictions d&rsquo;eau pourraient durer jusqu&rsquo;\u00e0 l&rsquo;automne"},"content":{"rendered":"<div data-element-guid=\"ce6378e9-99fe-4aa3-91b1-0761b0446386\">\n<p><!-- placeholder(#1) --><\/p>\n<p>La France a \u00e9t\u00e9 l&rsquo;un des pays \u00e0 conna\u00eetre les \u00e9pisodes de canicule les plus extr\u00eames par rapport \u00e0 la normale, durant l&rsquo;\u00e9t\u00e9 2026 \u2013 des conditions de s\u00e9cheresse devant se poursuivre jusqu&rsquo;\u00e0 l&rsquo;automne et m\u00eame l&rsquo;hiver dans de nombreuses zones.<\/p>\n<p>L&rsquo;\u00e9t\u00e9 a connu cinq canicules officielles, contre trois \u00e0 l&rsquo;\u00e9t\u00e9 2022, qui avait \u00e9galement \u00e9t\u00e9 consid\u00e9r\u00e9e comme une ann\u00e9e critique pour les p\u00e9nuries d&rsquo;eau.<\/p>\n<p>En ao\u00fbt, 92 d\u00e9partements avaient des restrictions sur l&rsquo;usage de l&rsquo;eau du robinet et plus de 40 000 personnes avaient \u00e9t\u00e9 touch\u00e9es par des coupures d&rsquo;eau.\u00a0<\/p>\n<p>Dans certaines communes o\u00f9 les sources se sont taries ou o\u00f9 les approvisionnements en eau sont insuffisants pour r\u00e9pondre aux besoins locaux, l&rsquo;eau est fournie par des camions-citerne ou par la distribution d&rsquo;eau embouteill\u00e9e.<\/p>\n<p>Les rivi\u00e8res et les ruisseaux affichent des niveaux historiquement bas, avec de graves cons\u00e9quences pour l&rsquo;agriculture et la biodiversit\u00e9 et des dizaines d&rsquo;\u00e9cluses de canal sont ferm\u00e9es, ne permettant plus la navigation.<\/p>\n<h2>\u00ab Nous avons \u00e9t\u00e9 particuli\u00e8rement touch\u00e9s \u00bb<\/h2>\n<p>L&rsquo;hydrologiste \u00c9ric Sauquet, expert des rivi\u00e8res et travaillant sur le changement climatique et son impact sur les ressources en eau au sein de l&rsquo;organisme public de recherche INRAE \u00e0 Lyon, a donn\u00e9 un exemple frappant des effets que cela a engendr\u00e9s.<\/p>\n<p>\u00ab \u00c0 c\u00f4t\u00e9 des cours d&rsquo;eau \u00e0 sec, il existe des \u00e9cosyst\u00e8mes aquatiques souffrant d&rsquo;un manque d&rsquo;eau, d\u00fb aussi \u00e0 des temp\u00e9ratures de l&rsquo;eau extr\u00eamement \u00e9lev\u00e9es. \u00bb<\/p>\n<p>Le Dr Sauquet a pr\u00e9cis\u00e9 que les p\u00e9riodes de temps plus frais avaient \u00e9t\u00e9 rares cet \u00e9t\u00e9.<\/p>\n<p>\u00ab Nous avons \u00e9t\u00e9 particuli\u00e8rement touch\u00e9s cette ann\u00e9e par les s\u00e9cheresses et les vagues de chaleur, ce qui signifie que 2026 sera une ann\u00e9e particuli\u00e8rement remarquable. \u00bb<\/p>\n<p>\u00ab Nous nous retrouvons souvent \u00e0 comparer cet \u00e9v\u00e9nement \u00e0 celui de 1976 et aussi \u00e0 2022, puisque les plus jeunes parmi nous n&rsquo;ont pas connu 1976, et 2022 demeure plus frais dans la m\u00e9moire des gens. \u00bb<\/p>\n<p>Il a indiqu\u00e9 qu&rsquo;il existe un consensus scientifique selon lequel cela fait partie du r\u00e9chauffement climatique, les temp\u00e9ratures moyennes augmentant parall\u00e8lement \u00e0 des pics extr\u00eames, m\u00eame si les \u00e9t\u00e9s ne deviennent pas n\u00e9cessairement plus s\u00e9v\u00e8res chaque ann\u00e9e.<\/p>\n<p>\u00ab Aujourd&rsquo;hui en France, nous avons malheureusement encore certains m\u00e9dias qui avancent des messages quelque peu climatosceptiques, mais nous esp\u00e9rons que la science parvient \u00e0 faire entendre de plus en plus sa voix et que les derniers \u00e0 \u00eatre convaincus le soient d\u00e9sormais. \u00bb<\/p>\n<p>\u00ab Cela dit, il y a encore des personnes qui refusent d&rsquo;accepter cette r\u00e9alit\u00e9 et la question de la responsabilit\u00e9 humaine dans les changements climatiques que nous vivons depuis 20 ans. \u00bb<\/p>\n<p>Interrog\u00e9 sur les dix prochaines ann\u00e9es, il a d\u00e9clar\u00e9 qu&rsquo;il est compliqu\u00e9 de faire des pr\u00e9visions \u00e0 moyen terme.<\/p>\n<p>\u00ab Le climat a une structure quelque peu chaotique, ce qui signifie que la temp\u00e9rature moyenne augmente, mais il existe des variations d&rsquo;une ann\u00e9e \u00e0 l&rsquo;autre.<\/p>\n<p>\u00ab Dans l&rsquo;ensemble, nous nous dirigeons vers des ann\u00e9es plus chaudes, et plus nous approchons de la fin du XXIe si\u00e8cle, plus la probabilit\u00e9 d&rsquo;\u00e9t\u00e9s frais diminue. \u00bb<\/p>\n<p>Les niveaux des eaux souterraines ont toutefois \u00e9t\u00e9 apparemment meilleurs qu&rsquo;en 2022 ou 2023, ce que le Dr Sauquet attribue \u00e0 un hiver relativement humide.<\/p>\n<p>\u00ab Cependant, nous avons enregistr\u00e9 un d\u00e9ficit de pr\u00e9cipitations cette ann\u00e9e, associ\u00e9 \u00e0 des temp\u00e9ratures tr\u00e8s, tr\u00e8s \u00e9lev\u00e9es tr\u00e8s t\u00f4t dans l&rsquo;ann\u00e9e \u2013 ce qui a provoqu\u00e9 une chute rapide des ressources en eau de surface. \u00bb<\/p>\n<p>\u00ab Aujourd&rsquo;hui, la grande majorit\u00e9 des cours d&rsquo;eau surveill\u00e9s est bien en dessous de la moyenne historique. \u00bb<\/p>\n<h2>Mesures<\/h2>\n<p>Le Dr Sauquet a dirig\u00e9 le projet <span class=\"italic m-italic \" data-lab-italic=\"italic\">Explore2<\/span>, qui mod\u00e9lisait comment le changement climatique pourrait affecter les futures ressources en eau de la France et, selon lui, \u00ab l&rsquo;avenir n&rsquo;est pas optimiste \u00bb. <\/p>\n<p>\u00ab Le risque de s\u00e9cheresse est appel\u00e9 \u00e0 augmenter au fil du si\u00e8cle. Donc, nous devons nous pr\u00e9parer \u00e0 des \u00e9v\u00e9nements \u00e0 l&rsquo;\u00e9chelle que nous avons vus cette ann\u00e9e et essayer de trouver des solutions. \u00bb<\/p>\n<p>Certaines communes cherchent \u00e0 rendre les approvisionnements plus r\u00e9silients en reliant des r\u00e9seaux d&rsquo;eau auparavant s\u00e9par\u00e9s, r\u00e9duisant leur d\u00e9pendance \u00e0 une source unique, a-t-il ajout\u00e9.<\/p>\n<p>\u00ab Cela consiste essentiellement \u00e0 poser des tuyaux \u2013 je suis peut-\u00eatre en train de simplifier \u2013 mais l&rsquo;objectif est de cr\u00e9er des connexions entre des r\u00e9seaux qui sont isol\u00e9s les uns des autres, afin qu&rsquo;en les interconnectant, nous puissions b\u00e9n\u00e9ficier d&rsquo;un r\u00e9seau beaucoup plus vaste. \u00bb<\/p>\n<p>\u00ab Nous essayons \u00e9galement de convaincre tous les utilisateurs d&rsquo;eau \u2013 citoyens, agriculteurs, industriels et autres \u2013 d&rsquo;\u00eatre plus sobres dans leur consommation d&rsquo;eau. \u00bb<\/p>\n<p>Il encourage les gens \u00e0 v\u00e9rifier r\u00e9guli\u00e8rement si leur zone est plac\u00e9e sous une alerte de vigilance ou des restrictions d&rsquo;eau sur le site <span class=\"italic m-italic \" data-lab-italic=\"italic\">VigiEau<\/span>.<\/p>\n<p>De nombreuses zones appliquent des restrictions sur l&rsquo;arrosage ou le remplissage des piscines et, avec des contr\u00f4les qui devraient s&rsquo;accentuer cette ann\u00e9e, les amendes deviennent de plus en plus probables.\u00a0<\/p>\n<p>Dans un cas, \u00e0 Tourrettes-sur-Loup, dans les Alpes-Maritimes, une consommation excessive de deux habitations aurait mis en danger l&rsquo;approvisionnement du village.<\/p>\n<p>Apr\u00e8s que les deux aient re\u00e7u des avertissements, l&rsquo;un des propri\u00e9taires a \u00e9t\u00e9 aper\u00e7u en train d&rsquo;arroser et a re\u00e7u une amende.<\/p>\n<p>Chez soi, le Dr Sauquet a dit que les mesures peuvent \u00eatre aussi simples que de ne pas laisser les robinets ouverts inutilement, de v\u00e9rifier les fuites et d&rsquo;\u00eatre attentif \u00e0 l&rsquo;utilisation de l&rsquo;eau lors du bain ou de la douche.<\/p>\n<p>Au niveau gouvernemental, la France a lanc\u00e9 en 2023 un <span class=\"italic m-italic \" data-lab-italic=\"italic\">Plan Eau<\/span>, pr\u00e9sentant 53 mesures pour pr\u00e9server les ressources en eau.<\/p>\n<p>\u00ab Certaines mesures ont \u00e9t\u00e9 mises en \u0153uvre, d&rsquo;autres non. La t\u00e2che aujourd&rsquo;hui est de les \u00e9valuer, et aussi de voir s&rsquo;il reste des lacunes et si le plan doit \u00eatre compl\u00e9t\u00e9. \u00bb<\/p>\n<p>\u00ab Dans l&rsquo;ensemble, la s\u00e9cheresse de 2026 met en \u00e9vidence la question de la mani\u00e8re dont les r\u00e9gions s&rsquo;adaptent aux p\u00e9nuries d&rsquo;eau. Nous avons encore beaucoup de travail \u00e0 faire, car certains secteurs ont \u00e9t\u00e9 fortement touch\u00e9s. \u00bb<\/p>\n<p>L&rsquo;agriculture est confront\u00e9e \u00e0 un probl\u00e8me particulier, car la chaleur augmente l&rsquo;\u00e9vaporation et ass\u00e8che les sols, tandis que le manque de pluie accro\u00eet la demande d&rsquo;irrigation. Les for\u00eats ont \u00e9galement \u00e9t\u00e9 touch\u00e9es, la s\u00e9cheresse augmentant le risque d&rsquo;incendies et leur propagation.<\/p>\n<p>Le Dr Sauquet a mis en avant le r\u00e9seau ONDE de surveillance en France, qui contr\u00f4le 3 000 cours d&rsquo;eau pour rep\u00e9rer des signes de dessiccation.<\/p>\n<p>\u00ab \u00c0 la fin de chaque mois, un observateur sort pour v\u00e9rifier s&rsquo;il y a de l&rsquo;eau dans la rivi\u00e8re ou non. Cela remonte \u00e0 2012 et nous observons des chiffres records cette ann\u00e9e. \u00bb<\/p>\n<p>Il a averti que les restrictions d&rsquo;eau pourraient rester en place jusqu&rsquo;\u00e0 l&rsquo;automne dans certaines zones, en fonction des pr\u00e9cipitations.<\/p>\n<p>\u00ab Si l&rsquo;on regarde ce qui s&rsquo;est pass\u00e9 en 2022 \u2013 qui a \u00e9galement connu des conditions de tr\u00e8s basse eau \u2013 d\u00e8s le d\u00e9but de d\u00e9cembre, 28 d\u00e9partements \u00e9taient encore soumis \u00e0 des restrictions d&rsquo;utilisation de l&rsquo;eau. \u00bb<\/p>\n<p>Pour comparaison, les ann\u00e9es pr\u00e9c\u00e9dentes avaient au maximum environ 10 d\u00e9partements encore soumis \u00e0 des restrictions \u00e0 ce moment-l\u00e0, et g\u00e9n\u00e9ralement le chiffre \u00e9tait entre un et trois.<\/p>\n<p>\u00ab Nous attendons tous la pluie pour essayer de sortir de cette situation. Cela dit, quelques orages ne suffiront pas \u00e0 g\u00e9n\u00e9rer des d\u00e9bits suffisants pour lever ces restrictions. Nous avons besoin de pr\u00e9cipitations qui se maintiennent sur le long terme, et non de fortes averses d\u00e9vastatrices. \u00bb<\/p>\n<p>En regardant plus loin, il a d\u00e9clar\u00e9 que les projections climatiques indiquent une nette division nord-sud.<\/p>\n<p>\u00ab Le sud de la France sera certainement bien plus affect\u00e9 par des s\u00e9cheresses plus s\u00e9v\u00e8res que le nord. Je dirais au-del\u00e0 du bassin de la Loire, au sud de Lyon. \u00bb<\/p>\n<p>Les zones alpines devraient \u00e9galement voir les pr\u00e9cipitations hivernales tomber davantage sous forme de pluie plut\u00f4t que de neige \u00e0 mesure que les temp\u00e9ratures augmentent. <\/p>\n<p>La perte des glaciers, qui lib\u00e8rent normalement de l&rsquo;eau de fonte en \u00e9t\u00e9, signifiera aussi une r\u00e9duction des d\u00e9bits estivaux dans les rivi\u00e8res de montagne au cours du si\u00e8cle.<\/p>\n<p>Le Dr Sauquet a d\u00e9clar\u00e9 : \u00ab Le d\u00e9fi auquel les pays europ\u00e9ens doivent faire face est d&rsquo;apprendre de ces \u00e9v\u00e9nements afin d&rsquo;\u00e9viter une crise chaque \u00e9t\u00e9, mais plut\u00f4t de disposer d&rsquo;une solution \u00e0 long terme \u2013 envisager des mesures d&rsquo;adaptation qui impliquent tout le monde, tous les secteurs d&rsquo;utilisation, l&rsquo;agriculture et l&rsquo;industrie, soutenues par l&rsquo;ambition de pr\u00e9server les \u00e9cosyst\u00e8mes \u00e9galement. \u00bb<\/p>\n<p>\u00ab Car cela est important, tout comme la biodiversit\u00e9. Ce sera sans aucun doute l&rsquo;un des d\u00e9fis auxquels nous serons confront\u00e9s d&rsquo;ici la fin de l&rsquo;\u00e9t\u00e9 2026, et cela touchera beaucoup d&rsquo;entre nous. \u00bb<\/p>\n<\/div>\n<p><script >!function(f,b,e,v,n,t,s)\n{if(f.fbq)return;n=f.fbq=function(){n.callMethod?\nn.callMethod.apply(n,arguments):n.queue.push(arguments)};\nif(!f._fbq)f._fbq=n;n.push=n;n.loaded=!0;n.version='2.0';\nn.queue=[];t=b.createElement(e);t.async=!0;\nt.src=v;s=b.getElementsByTagName(e)[0];\ns.parentNode.insertBefore(t,s)}(window, document,'script',\n'https:\/\/connect.facebook.net\/en_US\/fbevents.js');\nfbq('init', '1199707312045186');\nfbq('track', 'PageView');<\/script><\/p>\n","protected":false},"excerpt":{"rendered":"<p>La France a \u00e9t\u00e9 l&rsquo;un des pays \u00e0 conna\u00eetre les \u00e9pisodes de canicule les plus extr\u00eames par rapport \u00e0 la normale, durant l&rsquo;\u00e9t\u00e9 2026 \u2013 des conditions de s\u00e9cheresse devant se poursuivre jusqu&rsquo;\u00e0 l&rsquo;automne et m\u00eame l&rsquo;hiver dans de nombreuses zones. L&rsquo;\u00e9t\u00e9 a connu cinq canicules officielles, contre trois \u00e0 l&rsquo;\u00e9t\u00e9 2022, qui avait \u00e9galement [&hellip;]<\/p>\n","protected":false},"author":1,"featured_media":2206,"comment_status":"open","ping_status":"open","sticky":false,"template":"","format":"standard","meta":{"footnotes":""},"categories":[1],"tags":[],"class_list":["post-2205","post","type-post","status-publish","format-standard","has-post-thumbnail","hentry","category-non-classe"],"_links":{"self":[{"href":"https:\/\/www.rachida-dati.eu\/actualites\/wp-json\/wp\/v2\/posts\/2205","targetHints":{"allow":["GET"]}}],"collection":[{"href":"https:\/\/www.rachida-dati.eu\/actualites\/wp-json\/wp\/v2\/posts"}],"about":[{"href":"https:\/\/www.rachida-dati.eu\/actualites\/wp-json\/wp\/v2\/types\/post"}],"author":[{"embeddable":true,"href":"https:\/\/www.rachida-dati.eu\/actualites\/wp-json\/wp\/v2\/users\/1"}],"replies":[{"embeddable":true,"href":"https:\/\/www.rachida-dati.eu\/actualites\/wp-json\/wp\/v2\/comments?post=2205"}],"version-history":[{"count":1,"href":"https:\/\/www.rachida-dati.eu\/actualites\/wp-json\/wp\/v2\/posts\/2205\/revisions"}],"predecessor-version":[{"id":2207,"href":"https:\/\/www.rachida-dati.eu\/actualites\/wp-json\/wp\/v2\/posts\/2205\/revisions\/2207"}],"wp:featuredmedia":[{"embeddable":true,"href":"https:\/\/www.rachida-dati.eu\/actualites\/wp-json\/wp\/v2\/media\/2206"}],"wp:attachment":[{"href":"https:\/\/www.rachida-dati.eu\/actualites\/wp-json\/wp\/v2\/media?parent=2205"}],"wp:term":[{"taxonomy":"category","embeddable":true,"href":"https:\/\/www.rachida-dati.eu\/actualites\/wp-json\/wp\/v2\/categories?post=2205"},{"taxonomy":"post_tag","embeddable":true,"href":"https:\/\/www.rachida-dati.eu\/actualites\/wp-json\/wp\/v2\/tags?post=2205"}],"curies":[{"name":"wp","href":"https:\/\/api.w.org\/{rel}","templated":true}]}}