{"id":2217,"date":"2026-09-02T05:42:43","date_gmt":"2026-09-02T03:42:43","guid":{"rendered":"https:\/\/www.rachida-dati.eu\/actualites\/attaque-au-vehicule-a-caen-deux-morts-et-dix-blesses-pres-dun-arret-de-tramway-en-france\/"},"modified":"2026-09-02T05:42:45","modified_gmt":"2026-09-02T03:42:45","slug":"attaque-au-vehicule-a-caen-deux-morts-et-dix-blesses-pres-dun-arret-de-tramway-en-france","status":"publish","type":"post","link":"https:\/\/www.rachida-dati.eu\/actualites\/attaque-au-vehicule-a-caen-deux-morts-et-dix-blesses-pres-dun-arret-de-tramway-en-france\/","title":{"rendered":"Attaque au v\u00e9hicule \u00e0 Caen : deux morts et dix bless\u00e9s pr\u00e8s d&rsquo;un arr\u00eat de tramway en France"},"content":{"rendered":"<div data-element-guid=\"7f7332a5-aca0-4fee-9990-ec700b171346\">\n<p class=\"subtitle \" style=\"\">Des t\u00e9moins d\u00e9crivent ce qui s&rsquo;est pass\u00e9 apr\u00e8s une altercation dans un bar. Le conducteur a \u00e9t\u00e9 arr\u00eat\u00e9<\/p>\n<\/p>\n<\/div>\n<div data-element-guid=\"ce6378e9-99fe-4aa3-91b1-0761b0446386\">\n<p><!-- placeholder(#1) --><\/p>\n<p>Deux personnes sont mortes et dix autres ont \u00e9t\u00e9 bless\u00e9es \u2013 plusieurs gri\u00e8vement \u2013 apr\u00e8s qu&rsquo;un automobiliste a conduit une voiture dans plusieurs personnes pr\u00e8s d&rsquo;un arr\u00eat de tramway \u00e0 Caen (Calvados) hier soir.<\/p>\n<p>L&rsquo;incident s&rsquo;est produit vers 22h15 et s&rsquo;est apparemment produit \u00e0 la suite d&rsquo;une altercation impliquant le suspect dans un bar pr\u00e8s de la gare principale de la ville.<\/p>\n<p>Des t\u00e9moins d\u00e9clarent que l&rsquo;homme avait \u00e9t\u00e9 approch\u00e9 par un groupe d&rsquo;individus pr\u00e8s de l&rsquo;arr\u00eat de tram pr\u00e8s de la gare plus t\u00f4t dans la soir\u00e9e, ce qui a donn\u00e9 lieu \u00e0 une altercation, avant qu&rsquo;il ne quitte les lieux et ne revienne dans sa voiture.<\/p>\n<p>Il a parcouru la zone une fois, puis, apr\u00e8s avoir rep\u00e9r\u00e9 des personnes impliqu\u00e9es dans l&rsquo;altercation, il a percut\u00e9 celles-ci \u00e0 grande vitesse avec sa voiture.<\/p>\n<p>Le conducteur a pris la fuite mais a \u00e9t\u00e9 arr\u00eat\u00e9 dans la commune voisine d&rsquo;Ouistreham, \u00e0 environ 20 km.<\/p>\n<p>Il a \u00e9t\u00e9 nomm\u00e9 Ibrahim, \u00e2g\u00e9 de 26 ans, n\u00e9 en Russie. Il \u00e9tait d\u00e9j\u00e0 connu des autorit\u00e9s, mais uniquement pour des infractions au code de la route, et \u00e0 ce stade aucune indication d&rsquo;un motif terroriste n&rsquo;a \u00e9t\u00e9 \u00e9voqu\u00e9e, a d\u00e9clar\u00e9 hier soir le pr\u00e9fet du Calvados, David Clavi\u00e8re, lors d&rsquo;une mise \u00e0 jour.<\/p>\n<p>Le maire de Caen, Aristide Olivier, a d\u00e9clar\u00e9 que la zone autour de la gare est connue comme un point chaud pour divers probl\u00e8mes, y compris le trafic de drogue, et que des interventions fr\u00e9quentes des autorit\u00e9s de l&rsquo;ordre sont n\u00e9cessaires dans le secteur.<\/p>\n<p>Beaucoup des victimes de l&rsquo;incident \u00e9taient des ressortissants \u00e9trangers, notamment des Afghans, des \u00c9gyptiens et des Bangladais. Il n&rsquo;y a aucun signalement de bless\u00e9s britanniques ou am\u00e9ricains dans l&rsquo;incident.<\/p>\n<p>\u00ab Une enqu\u00eate a \u00e9t\u00e9 ouverte pour des chefs d&rsquo;accusation d&rsquo;assassinat pr\u00e9m\u00e9dit\u00e9 et de violence volontaire avec une arme \u00bb, a d\u00e9clar\u00e9 le procureur adjoint de Caen.<\/p>\n<p>\u00ab \u00c0 ce stade, il n&rsquo;y a pas d&rsquo;indication apparente d&rsquo;un motif terroriste, bien que l&rsquo;enqu\u00eate ne fasse que commencer. \u00bb<\/p>\n<p>Les premiers rapports des m\u00e9dias, mercredi soir, indiquaient qu&rsquo;une personne \u00e9tait d\u00e9c\u00e9d\u00e9e, mais une seconde personne a \u00e9t\u00e9 annonc\u00e9e morte ce matin.<\/p>\n<p>On ignore si l&rsquo;une ou l&rsquo;autre des personnes bless\u00e9es ou d\u00e9c\u00e9d\u00e9es lors de l&rsquo;incident \u00e9tait impliqu\u00e9e dans l&rsquo;altercation d&rsquo;origine.<\/p>\n<h2>\u00ab Entour\u00e9 par des corps bless\u00e9s \u00bb<\/h2>\n<p>Des images des suites de l&rsquo;incident montrent plusieurs v\u00e9hicules de secours apportant leur aide \u00e0 des victimes \u00e9tendues pr\u00e8s de l&rsquo;arr\u00eat du tram, pendant que les t\u00e9moins regardaient.<\/p>\n<p>\u00ab Les hommes qui ont \u00e9t\u00e9 renvers\u00e9s par la voiture \u00e9taient tous assis pr\u00e8s de la gare \u00bb, a d\u00e9clar\u00e9 un t\u00e9moin au m\u00e9dia <span class=\"italic m-italic\" data-lab-italic=\"italic\">France Ici<\/span>.<\/p>\n<p>\u00ab La voiture, une BMW noire, venait de l&rsquo;autre sens \u00e0 toute vitesse et a renvers\u00e9 tout le monde. \u00bb<\/p>\n<p>\u00ab Il y avait tellement de bless\u00e9s et tout \u00e9tait \u00e9parpill\u00e9 sur le sol\u2026 J&rsquo;\u00e9tais entour\u00e9 des bless\u00e9s, de corps morts \u00e0 c\u00f4t\u00e9 de moi&#8230; de jeunes gens de moins de 26 ans. \u00bb<\/p>\n<\/div>\n<p><script >!function(f,b,e,v,n,t,s)\n{if(f.fbq)return;n=f.fbq=function(){n.callMethod?\nn.callMethod.apply(n,arguments):n.queue.push(arguments)};\nif(!f._fbq)f._fbq=n;n.push=n;n.loaded=!0;n.version='2.0';\nn.queue=[];t=b.createElement(e);t.async=!0;\nt.src=v;s=b.getElementsByTagName(e)[0];\ns.parentNode.insertBefore(t,s)}(window, document,'script',\n'https:\/\/connect.facebook.net\/en_US\/fbevents.js');\nfbq('init', '1199707312045186');\nfbq('track', 'PageView');<\/script><\/p>\n","protected":false},"excerpt":{"rendered":"<p>Des t\u00e9moins d\u00e9crivent ce qui s&rsquo;est pass\u00e9 apr\u00e8s une altercation dans un bar. Le conducteur a \u00e9t\u00e9 arr\u00eat\u00e9 Deux personnes sont mortes et dix autres ont \u00e9t\u00e9 bless\u00e9es \u2013 plusieurs gri\u00e8vement \u2013 apr\u00e8s qu&rsquo;un automobiliste a conduit une voiture dans plusieurs personnes pr\u00e8s d&rsquo;un arr\u00eat de tramway \u00e0 Caen (Calvados) hier soir. L&rsquo;incident s&rsquo;est produit [&hellip;]<\/p>\n","protected":false},"author":1,"featured_media":2218,"comment_status":"open","ping_status":"open","sticky":false,"template":"","format":"standard","meta":{"footnotes":""},"categories":[1],"tags":[],"class_list":["post-2217","post","type-post","status-publish","format-standard","has-post-thumbnail","hentry","category-non-classe"],"_links":{"self":[{"href":"https:\/\/www.rachida-dati.eu\/actualites\/wp-json\/wp\/v2\/posts\/2217","targetHints":{"allow":["GET"]}}],"collection":[{"href":"https:\/\/www.rachida-dati.eu\/actualites\/wp-json\/wp\/v2\/posts"}],"about":[{"href":"https:\/\/www.rachida-dati.eu\/actualites\/wp-json\/wp\/v2\/types\/post"}],"author":[{"embeddable":true,"href":"https:\/\/www.rachida-dati.eu\/actualites\/wp-json\/wp\/v2\/users\/1"}],"replies":[{"embeddable":true,"href":"https:\/\/www.rachida-dati.eu\/actualites\/wp-json\/wp\/v2\/comments?post=2217"}],"version-history":[{"count":1,"href":"https:\/\/www.rachida-dati.eu\/actualites\/wp-json\/wp\/v2\/posts\/2217\/revisions"}],"predecessor-version":[{"id":2219,"href":"https:\/\/www.rachida-dati.eu\/actualites\/wp-json\/wp\/v2\/posts\/2217\/revisions\/2219"}],"wp:featuredmedia":[{"embeddable":true,"href":"https:\/\/www.rachida-dati.eu\/actualites\/wp-json\/wp\/v2\/media\/2218"}],"wp:attachment":[{"href":"https:\/\/www.rachida-dati.eu\/actualites\/wp-json\/wp\/v2\/media?parent=2217"}],"wp:term":[{"taxonomy":"category","embeddable":true,"href":"https:\/\/www.rachida-dati.eu\/actualites\/wp-json\/wp\/v2\/categories?post=2217"},{"taxonomy":"post_tag","embeddable":true,"href":"https:\/\/www.rachida-dati.eu\/actualites\/wp-json\/wp\/v2\/tags?post=2217"}],"curies":[{"name":"wp","href":"https:\/\/api.w.org\/{rel}","templated":true}]}}