{"id":2223,"date":"2026-09-02T09:42:42","date_gmt":"2026-09-02T07:42:42","guid":{"rendered":"https:\/\/www.rachida-dati.eu\/actualites\/meteo-france-canicule-de-40-c-prevue-en-septembre-dans-le-sud\/"},"modified":"2026-09-02T09:42:45","modified_gmt":"2026-09-02T07:42:45","slug":"meteo-france-canicule-de-40-c-prevue-en-septembre-dans-le-sud","status":"publish","type":"post","link":"https:\/\/www.rachida-dati.eu\/actualites\/meteo-france-canicule-de-40-c-prevue-en-septembre-dans-le-sud\/","title":{"rendered":"M\u00e9t\u00e9o France : canicule de 40 \u00b0C pr\u00e9vue en septembre dans le sud"},"content":{"rendered":"<div data-element-guid=\"7f7332a5-aca0-4fee-9990-ec700b171346\">\n<p class=\"subtitle \" style=\"\">Des alertes de canicule d\u00e9j\u00e0 pr\u00e9vues pour \u00eatre mises en \u0153uvre dans le sud jeudi<\/p>\n<\/p>\n<\/div>\n<div data-element-guid=\"ce6378e9-99fe-4aa3-91b1-0761b0446386\">\n<p><!-- placeholder(#1) --><\/p>\n<p>Des pr\u00e9visions mises \u00e0 jour pr\u00e9voient des temp\u00e9ratures pouvant atteindre 40\u00b0C dans le sud de la France \u00e0 la fin de cette semaine, \u00e9galant les records de septembre pr\u00e9c\u00e9dents.<\/p>\n<p>Les m\u00e9t\u00e9orologues <span class=\"font-weight-bold m-font-weight-bold \" data-lab-font_weight=\"font-weight-bold\">avaient initialement \u00e9voqu\u00e9 une nouvelle vague de chaleur<\/span> dans le sud, avec des temp\u00e9ratures pr\u00e9vues pour atteindre 35\u00b0C.<\/p>\n<p>Cependant, de nouveaux mod\u00e8les sugg\u00e8rent d\u00e9sormais que les temp\u00e9ratures pourraient monter encore plus haut, notamment dans le sud-ouest et la M\u00e9diterran\u00e9e occidentale.<\/p>\n<p>Des temp\u00e9ratures de 40\u00b0C sont possibles sur une grande partie du sud-ouest entre vendredi et dimanche (4 &#8211; 6 septembre), les mod\u00e8les devenant plus pr\u00e9cis \u00e0 l\u2019approche des dates pour indiquer les lieux exacts o\u00f9 le temps sera le plus chaud.<\/p>\n<p>Les pr\u00e9visions mises \u00e0 jour ont \u00e9t\u00e9 relay\u00e9es par Fran\u00e7ois Gourand, m\u00e9t\u00e9orologue de <span class=\"italic m-italic \" data-lab-italic=\"italic\">M\u00e9t\u00e9o France<\/span>, le service national de pr\u00e9vision m\u00e9t\u00e9orologique, qui a \u00e9galement pr\u00e9vu des temp\u00e9ratures d\u2019environ 30\u00b0C \u00e0 Paris d\u2019ici la fin de la semaine.<\/p>\n<p>\u00ab Pour septembre, c\u2019est tout \u00e0 fait remarquable \u00bb, a-t-il d\u00e9clar\u00e9 \u00e0 l\u2019organe m\u00e9diatique <span class=\"italic m-italic \" data-lab-italic=\"italic\">20 Minutes<\/span>, mais cela ne sera pas \u00ab comparable aux vagues de chaleur que nous avons connues cet \u00e9t\u00e9 \u00bb. <\/p>\n<p>\u00ab Les temp\u00e9ratures devraient probablement battre les records pour le mois de septembre \u00bb, a-t-il ajout\u00e9 dans de nombreuses zones du sud, notamment en Nouvelle-Aquitaine, Occitanie, la Vall\u00e9e du Rh\u00f4ne et certaines villes alpines \u00e0 basse altitude.<\/p>\n<h2>Des records de chaleur pourraient \u00eatre battus<\/h2>\n<p>N\u00e9anmoins, plus au nord, les records \u00e9tablis lors de la canicule de septembre 2023 devraient rester en place.<\/p>\n<p>Cela incluait des maximales d\u2019environ 35\u00b0C \u00e0 Paris, Rennes et Orl\u00e9ans, et 39\u00b0C \u00e0 Montmorillon et La Trimouille (Vienne).<\/p>\n<p>Le record national absolu pour le mois de septembre est de 40\u00b0C, enregistr\u00e9 en Corse en 1975.<\/p>\n<p>La chaleur intenses cette semaine aura moins d\u2019impact sur la moiti\u00e9 nord de la France, Paris \u00e9tant la seule zone o\u00f9 l\u2019on s\u2019attend \u00e0 ce que les thermom\u00e8tres atteignent ou d\u00e9passent 30\u00b0C avant le week-end.<\/p>\n<p>Dimanche, des maximales de 30\u00b0C sont possibles en Bretagne et dans les zones au sud de Paris, mais cela reste incertain.<\/p>\n<p>Au nord de la Seine, les temp\u00e9ratures ne seront que de quelques degr\u00e9s au-dessus de la normale, bien que dimanche puisse voir des temp\u00e9ratures de 27\u00b0C dans des r\u00e9gions incluant la Normandie et les Hauts-de-France.<\/p>\n<p>Cette pouss\u00e9e de chaleur pourrait amener les records mensuels de septembre \u00e0 \u00eatre d\u00e9pass\u00e9s, si les temp\u00e9ratures restent au-dessus de la moyenne pendant une p\u00e9riode consid\u00e9rable (m\u00eame sans atteindre les seuils de canicule).<\/p>\n<p>La vague de chaleur de septembre 2023 a contribu\u00e9 \u00e0 une moyenne mensuelle record de 21\u00b0C, et comme les temp\u00e9ratures sur l\u2019ensemble de la France devraient \u00eatre bien sup\u00e9rieures \u00e0 cette valeur pendant au moins la prochaine semaine, il est possible que le record r\u00e9cent soit de nouveau battu.<\/p>\n<h2>Des avertissements de canicule d\u00e9j\u00e0 pr\u00e9vus pour jeudi<\/h2>\n<p>Les temp\u00e9ratures commencent \u00e0 grimper de mani\u00e8re significative aujourd\u2019hui dans la r\u00e9gion du Languedoc, suivies d\u2019une augmentation plus large des temp\u00e9ratures dans le sud demain.<\/p>\n<p>Cet \u00e9lan initial verra deux d\u00e9partements \u2013 l\u2019H\u00e9rault et le Gard \u2013 plac\u00e9s en alerte de niveau deux renforc\u00e9 pour les conditions de canicule (<span class=\"italic m-italic \" data-lab-italic=\"italic\">canicule<\/span>) d\u2019ici jeudi.<\/p>\n<p>\u00c0 mesure que les temp\u00e9ratures continueront d\u2019augmenter dans le sud \u2013 les temp\u00e9ratures pourraient atteindre leur pic vendredi mais les conditions chaudes et intenses devraient \u00eatre pr\u00e9sentes jusqu\u2019au moins la fin du week-end \u2013 les alertes renforc\u00e9es sont probables.<\/p>\n<p>La d\u00e9livrance d\u2019avertissements orange de niveau trois co\u00efncidera avec <span class=\"font-weight-bold m-font-weight-bold \" data-lab-font_weight=\"font-weight-bold\">le rel\u00e8vement des plans de canicule dans les d\u00e9partements concern\u00e9s<\/span>, avec des ressources suppl\u00e9mentaires destin\u00e9es \u00e0 aider les habitants vuln\u00e9rables.<\/p>\n<p>Cela comprend de veiller sur les personnes inscrites au <span class=\"font-weight-bold m-font-weight-bold \" data-lab-font_weight=\"font-weight-bold\">registre local canicule<\/span>.<\/p>\n<\/div>\n<p><script >!function(f,b,e,v,n,t,s)\n{if(f.fbq)return;n=f.fbq=function(){n.callMethod?\nn.callMethod.apply(n,arguments):n.queue.push(arguments)};\nif(!f._fbq)f._fbq=n;n.push=n;n.loaded=!0;n.version='2.0';\nn.queue=[];t=b.createElement(e);t.async=!0;\nt.src=v;s=b.getElementsByTagName(e)[0];\ns.parentNode.insertBefore(t,s)}(window, document,'script',\n'https:\/\/connect.facebook.net\/en_US\/fbevents.js');\nfbq('init', '1199707312045186');\nfbq('track', 'PageView');<\/script><\/p>\n","protected":false},"excerpt":{"rendered":"<p>Des alertes de canicule d\u00e9j\u00e0 pr\u00e9vues pour \u00eatre mises en \u0153uvre dans le sud jeudi Des pr\u00e9visions mises \u00e0 jour pr\u00e9voient des temp\u00e9ratures pouvant atteindre 40\u00b0C dans le sud de la France \u00e0 la fin de cette semaine, \u00e9galant les records de septembre pr\u00e9c\u00e9dents. Les m\u00e9t\u00e9orologues avaient initialement \u00e9voqu\u00e9 une nouvelle vague de chaleur dans [&hellip;]<\/p>\n","protected":false},"author":1,"featured_media":2224,"comment_status":"open","ping_status":"open","sticky":false,"template":"","format":"standard","meta":{"footnotes":""},"categories":[1],"tags":[],"class_list":["post-2223","post","type-post","status-publish","format-standard","has-post-thumbnail","hentry","category-non-classe"],"_links":{"self":[{"href":"https:\/\/www.rachida-dati.eu\/actualites\/wp-json\/wp\/v2\/posts\/2223","targetHints":{"allow":["GET"]}}],"collection":[{"href":"https:\/\/www.rachida-dati.eu\/actualites\/wp-json\/wp\/v2\/posts"}],"about":[{"href":"https:\/\/www.rachida-dati.eu\/actualites\/wp-json\/wp\/v2\/types\/post"}],"author":[{"embeddable":true,"href":"https:\/\/www.rachida-dati.eu\/actualites\/wp-json\/wp\/v2\/users\/1"}],"replies":[{"embeddable":true,"href":"https:\/\/www.rachida-dati.eu\/actualites\/wp-json\/wp\/v2\/comments?post=2223"}],"version-history":[{"count":1,"href":"https:\/\/www.rachida-dati.eu\/actualites\/wp-json\/wp\/v2\/posts\/2223\/revisions"}],"predecessor-version":[{"id":2225,"href":"https:\/\/www.rachida-dati.eu\/actualites\/wp-json\/wp\/v2\/posts\/2223\/revisions\/2225"}],"wp:featuredmedia":[{"embeddable":true,"href":"https:\/\/www.rachida-dati.eu\/actualites\/wp-json\/wp\/v2\/media\/2224"}],"wp:attachment":[{"href":"https:\/\/www.rachida-dati.eu\/actualites\/wp-json\/wp\/v2\/media?parent=2223"}],"wp:term":[{"taxonomy":"category","embeddable":true,"href":"https:\/\/www.rachida-dati.eu\/actualites\/wp-json\/wp\/v2\/categories?post=2223"},{"taxonomy":"post_tag","embeddable":true,"href":"https:\/\/www.rachida-dati.eu\/actualites\/wp-json\/wp\/v2\/tags?post=2223"}],"curies":[{"name":"wp","href":"https:\/\/api.w.org\/{rel}","templated":true}]}}