{"id":2229,"date":"2026-09-02T12:43:22","date_gmt":"2026-09-02T10:43:22","guid":{"rendered":"https:\/\/www.rachida-dati.eu\/actualites\/easyjet-france-lequipage-de-cabine-annule-la-menace-de-greve-en-septembre-2026\/"},"modified":"2026-09-02T12:43:24","modified_gmt":"2026-09-02T10:43:24","slug":"easyjet-france-lequipage-de-cabine-annule-la-menace-de-greve-en-septembre-2026","status":"publish","type":"post","link":"https:\/\/www.rachida-dati.eu\/actualites\/easyjet-france-lequipage-de-cabine-annule-la-menace-de-greve-en-septembre-2026\/","title":{"rendered":"EasyJet France : l&rsquo;\u00e9quipage de cabine annule la menace de gr\u00e8ve en septembre 2026"},"content":{"rendered":"<div data-element-guid=\"7f7332a5-aca0-4fee-9990-ec700b171346\">\n<p class=\"subtitle \" style=\"\">\u00c9quipage de cabine promis \u00e0 des horaires plus rigides alors que les gr\u00e8ves d&rsquo;automne ont \u00e9t\u00e9 \u00e9vit\u00e9es<\/p>\n<\/p>\n<\/div>\n<div data-element-guid=\"ce6378e9-99fe-4aa3-91b1-0761b0446386\">\n<p><!-- placeholder(#1) --><\/p>\n<p>Le personnel de cabine fran\u00e7ais de la compagnie \u00e0 bas co\u00fbt easyJet ne fera pas gr\u00e8ve en septembre, suite \u00e0 un nouvel accord entre les syndicats et la direction.<\/p>\n<p>Les membres du syndicat ont accept\u00e9 les nouvelles conditions lors d&rsquo;un vote hier (1er septembre), mettant fin \u00e0 l&rsquo;action de gr\u00e8ve.<\/p>\n<p>Une motion de gr\u00e8ve initiale pr\u00e9voyant jusqu&rsquo;au 2 septembre est rest\u00e9e en place le week-end dernier, mais aucune mise \u00e0 ex\u00e9cution n&rsquo;a eu lieu alors que les syndicats et la direction cherchaient \u00e0 engager de nouvelles n\u00e9gociations.<\/p>\n<p>La p\u00e9riode de gr\u00e8ve pr\u00e9c\u00e9dente a eu lieu lors du week-end des 15 et 16 ao\u00fbt, o\u00f9 98 vols au d\u00e9part de la France et pr\u00e8s d&rsquo;un nombre \u00e9quivalent de vols arrivant dans le pays ont \u00e9t\u00e9 retard\u00e9s ou annul\u00e9s.<\/p>\n<p>Pour rappel, une motion de gr\u00e8ve n&rsquo;implique pas n\u00e9cessairement que des actions auront lieu \u00e0 tout moment pendant la p\u00e9riode indiqu\u00e9e, mais seulement que le personnel a la possibilit\u00e9 de se mettre en gr\u00e8ve ces jours-l\u00e0.<\/p>\n<p>Il semble d\u00e9sormais que la compagnie a\u00e9rienne \u00e9vitera toute action industrielle en France pour l&rsquo;avenir pr\u00e9visible, y compris le risque d&rsquo;une action de gr\u00e8ve potentielle couvrant une partie de la p\u00e9riode d&rsquo;automne si les pourparlers avaient \u00e9chou\u00e9.<\/p>\n<h2>Horaires fixes et indemnisation des changements<\/h2>\n<p>Le nouvel accord vise \u00e0 r\u00e9pondre \u00e0 des points de frustration de longue date mis en \u00e9vidence par les syndicats, principalement l&rsquo;irr\u00e9gularit\u00e9 des plannings et la perte d&rsquo;\u00e9quilibre entre vie professionnelle et vie priv\u00e9e ressentie par le personnel de cabine.<\/p>\n<p>Sous les nouvelles r\u00e8gles, easyJet devra accorder au personnel de cabine au moins cinq jours \u00ab fixes \u00bb par mois, pendant lesquels les plannings ne pourront \u00eatre modifi\u00e9s en aucune circonstance.<\/p>\n<p>Cela devrait offrir au personnel de cabine une plus grande flexibilit\u00e9 pour organiser leurs plans en dehors du travail, principalement autour de ces jours (sous r\u00e9serve des retards ou des probl\u00e8mes hors du contr\u00f4le d&rsquo;easyJet).<\/p>\n<p>De plus, le personnel de cabine recevra une indemnisation en cas de modification d&#8217;emploi du temps qui d\u00e9passe deux heures, les m\u00e9dias indiquant que cela sera appliqu\u00e9 r\u00e9troactivement \u00e0 partir des incidents du 1er avril 2026.<\/p>\n<p>\u00ab Depuis plusieurs ann\u00e9es, nous avertissons que nos coll\u00e8gues sont envoy\u00e9s un peu partout, y compris vers d&rsquo;autres bases \u00e0 travers l&rsquo;Europe, pour des remplacements de derni\u00e8re minute \u00bb, a d\u00e9clar\u00e9 le repr\u00e9sentant du syndicat UNPN-CFDT Inouk Rondinella \u00e0 l&rsquo;hebdomadaire <span class=\"italic m-italic \" data-lab-italic=\"italic\">Challenges<\/span>.<\/p>\n<p>\u00ab Ce qui \u00e9tait initialement cens\u00e9 \u00eatre un changement de planning occasionnel s&rsquo;est transform\u00e9 en une instabilit\u00e9 quotidienne \u00bb, a-t-il ajout\u00e9.<\/p>\n<h2>Le secteur pr\u00e9voit des actions de gr\u00e8ve en septembre<\/h2>\n<p>Malgr\u00e9 l&rsquo;accord chez easyJet, l&rsquo;industrie a\u00e9ronautique en France sera confront\u00e9e \u00e0 des actions de gr\u00e8ve tout au long du mois.<\/p>\n<p>Les syndicats repr\u00e9sentant le personnel de cabine de la compagnie low-cost long-courrier French bee ont r\u00e9cemment prolong\u00e9 une motion de gr\u00e8ve jusqu&rsquo;au 6 septembre, et celle-ci pourrait se poursuivre tout au long du mois de septembre.<\/p>\n<p>Les syndicats soutenant la gr\u00e8ve soulignent des probl\u00e8mes similaires, ainsi que des salaires faibles.<\/p>\n<p>En outre, une gr\u00e8ve des pilotes chez la compagnie espagnole \u00e0 bas co\u00fbt Volotea pourrait perturber ou annuler des vols \u00e0 destination et en provenance de la France du 4 au 6 septembre.<\/p>\n<p>Plus d&rsquo;informations sont disponibles dans notre r\u00e9capitulatif des gr\u00e8ves <span class=\"font-weight-bold m-font-weight-bold \" data-lab-font_weight=\"font-weight-bold\">ici<\/span>.<\/p>\n<\/div>\n<p><script >!function(f,b,e,v,n,t,s)\n{if(f.fbq)return;n=f.fbq=function(){n.callMethod?\nn.callMethod.apply(n,arguments):n.queue.push(arguments)};\nif(!f._fbq)f._fbq=n;n.push=n;n.loaded=!0;n.version='2.0';\nn.queue=[];t=b.createElement(e);t.async=!0;\nt.src=v;s=b.getElementsByTagName(e)[0];\ns.parentNode.insertBefore(t,s)}(window, document,'script',\n'https:\/\/connect.facebook.net\/en_US\/fbevents.js');\nfbq('init', '1199707312045186');\nfbq('track', 'PageView');<\/script><\/p>\n","protected":false},"excerpt":{"rendered":"<p>\u00c9quipage de cabine promis \u00e0 des horaires plus rigides alors que les gr\u00e8ves d&rsquo;automne ont \u00e9t\u00e9 \u00e9vit\u00e9es Le personnel de cabine fran\u00e7ais de la compagnie \u00e0 bas co\u00fbt easyJet ne fera pas gr\u00e8ve en septembre, suite \u00e0 un nouvel accord entre les syndicats et la direction. Les membres du syndicat ont accept\u00e9 les nouvelles conditions [&hellip;]<\/p>\n","protected":false},"author":1,"featured_media":2230,"comment_status":"open","ping_status":"open","sticky":false,"template":"","format":"standard","meta":{"footnotes":""},"categories":[1],"tags":[],"class_list":["post-2229","post","type-post","status-publish","format-standard","has-post-thumbnail","hentry","category-non-classe"],"_links":{"self":[{"href":"https:\/\/www.rachida-dati.eu\/actualites\/wp-json\/wp\/v2\/posts\/2229","targetHints":{"allow":["GET"]}}],"collection":[{"href":"https:\/\/www.rachida-dati.eu\/actualites\/wp-json\/wp\/v2\/posts"}],"about":[{"href":"https:\/\/www.rachida-dati.eu\/actualites\/wp-json\/wp\/v2\/types\/post"}],"author":[{"embeddable":true,"href":"https:\/\/www.rachida-dati.eu\/actualites\/wp-json\/wp\/v2\/users\/1"}],"replies":[{"embeddable":true,"href":"https:\/\/www.rachida-dati.eu\/actualites\/wp-json\/wp\/v2\/comments?post=2229"}],"version-history":[{"count":1,"href":"https:\/\/www.rachida-dati.eu\/actualites\/wp-json\/wp\/v2\/posts\/2229\/revisions"}],"predecessor-version":[{"id":2231,"href":"https:\/\/www.rachida-dati.eu\/actualites\/wp-json\/wp\/v2\/posts\/2229\/revisions\/2231"}],"wp:featuredmedia":[{"embeddable":true,"href":"https:\/\/www.rachida-dati.eu\/actualites\/wp-json\/wp\/v2\/media\/2230"}],"wp:attachment":[{"href":"https:\/\/www.rachida-dati.eu\/actualites\/wp-json\/wp\/v2\/media?parent=2229"}],"wp:term":[{"taxonomy":"category","embeddable":true,"href":"https:\/\/www.rachida-dati.eu\/actualites\/wp-json\/wp\/v2\/categories?post=2229"},{"taxonomy":"post_tag","embeddable":true,"href":"https:\/\/www.rachida-dati.eu\/actualites\/wp-json\/wp\/v2\/tags?post=2229"}],"curies":[{"name":"wp","href":"https:\/\/api.w.org\/{rel}","templated":true}]}}