{"id":2232,"date":"2026-09-02T14:43:32","date_gmt":"2026-09-02T12:43:32","guid":{"rendered":"https:\/\/www.rachida-dati.eu\/actualites\/tapisserie-de-bayeux-au-british-museum-dates-tarifs-et-faits-surprenants\/"},"modified":"2026-09-02T14:43:37","modified_gmt":"2026-09-02T12:43:37","slug":"tapisserie-de-bayeux-au-british-museum-dates-tarifs-et-faits-surprenants","status":"publish","type":"post","link":"https:\/\/www.rachida-dati.eu\/actualites\/tapisserie-de-bayeux-au-british-museum-dates-tarifs-et-faits-surprenants\/","title":{"rendered":"Tapisserie de Bayeux au British Museum : dates, tarifs et faits surprenants"},"content":{"rendered":"<div data-element-guid=\"ce6378e9-99fe-4aa3-91b1-0761b0446386\">\n<p><!-- placeholder(#1) --><\/p>\n<p> L\u2019un des artefacts historiques les plus embl\u00e9matiques de la France, la Tapisserie de Bayeux, sera expos\u00e9e au British Museum \u00e0 Londres \u00e0 partir de la semaine prochaine.<\/p>\n<p> Le pr\u00e9sident Emmanuel Macron, la ministre de la Culture Catherine P\u00e9gard et le roi Charles devraient assister \u00e0 l\u2019ouverture priv\u00e9e de l\u2019exposition cet apr\u00e8s-midi (2 septembre).<\/p>\n<p> La tapisserie \u2014 qui est en r\u00e9alit\u00e9 un linge brod\u00e9 \u2014 a \u00e9t\u00e9 pr\u00eat\u00e9e au mus\u00e9e et sera visible du public pendant neuf mois (du 10 septembre 2026 au 11 juillet 2027), a annonc\u00e9 M. Macron lors d\u2019une visite d\u2019\u00c9tat au Royaume\u2011Uni le 8 juillet 2025.<\/p>\n<p> La proposition a \u00e9t\u00e9 largement salu\u00e9e, y compris par le maire de Bayeux qui a qualifi\u00e9 l\u2019id\u00e9e de \u00ab fantastique \u00bb, et elle est per\u00e7ue comme une \u00e9tape suppl\u00e9mentaire pour am\u00e9liorer les relations franco\u2011britanniques \u00e0 l\u2019issue du Brexit.<\/p>\n<p> On estime que jusqu\u2019\u00e0 80 000 personnes se sont inscrites en ligne sur la file d\u2019attente du British Museum pour des billets en juillet 2026, la premi\u00e8re s\u00e9rie ayant rapidement \u00e9t\u00e9 \u00e9puis\u00e9e. Ils \u00e9taient propos\u00e9s \u00e0 33 \u00a3 en p\u00e9riode de pointe et 27 \u00a3 en p\u00e9riode creuse pour les adultes. Il s\u2019agissait de la plus grande journ\u00e9e de ventes de billets de l\u2019histoire du mus\u00e9e.<\/p>\n<p> D\u2019autres billets seront mis en vente le 6 octobre pour les membres du mus\u00e9e, avec l\u2019ouverture de la vente g\u00e9n\u00e9rale le 21 octobre. Les visiteurs potentiels sont encourag\u00e9s \u00e0 s\u2019inscrire pour recevoir des notifications par courriel.<\/p>\n<p> L\u2019exposition offre \u00e9galement l\u2019occasion de voir l\u2019\u0153uvre \u00e9tal\u00e9e \u00e0 plat, plut\u00f4t que suspendue au mur.<\/p>\n<h2>Un d\u00e9placement d\u00e9licat<\/h2>\n<p> M. Macron avait d\u00e9j\u00e0 propos\u00e9 de pr\u00eater l\u2019\u0153uvre au Royaume\u2011Uni en 2018, en geste de bonne volont\u00e9 post\u2011Brexit, lors d\u2019un sommet franco-britannique. Cependant, la n\u00e9cessit\u00e9 de r\u00e9parations urgentes a retard\u00e9 la mesure pendant des ann\u00e9es.<\/p>\n<p> Les plans ont finalement \u00e9t\u00e9 finalis\u00e9s pour que la tapisserie, qui raconte les exploits de Guillaume le Conqu\u00e9rant, y compris la bataille d\u2019Hastings en 1066, soit expos\u00e9e au Royaume\u2011Uni pendant une fermeture planifi\u00e9e de deux ans du mus\u00e9e de la Tapisserie de Bayeux en Normandie en vue de travaux de r\u00e9novation.<\/p>\n<p> Toutefois, des inqui\u00e9tudes persistaient quant au fait qu\u2019un d\u00e9placement aussi important pourrait endommager davantage la tapisserie, qui pr\u00e9sente d\u00e9j\u00e0 des milliers de taches et <span class=\"font-weight-bold m-font-weight-bold \" data-lab-font_weight=\"font-weight-bold\">des pi\u00e8ces manquantes<\/span>, ainsi que 30 grandes d\u00e9chirures le long de ses pr\u00e8s de 70 m\u00e8tres.<\/p>\n<p> \u00ab La Tapisserie de Bayeux est d\u00e9plac\u00e9e pour de mauvaises raisons \u00bb, a d\u00e9clar\u00e9 un historien au <span class=\"italic m-italic \" data-lab-italic=\"italic\">Monde<\/span>.<\/p>\n<p> \u00ab C\u2019est un tr\u00e9sor national inestimable qui ne devrait pas \u00eatre utilis\u00e9 comme instrument de soft power \u00bb, a-t-il ajout\u00e9.<\/p>\n<p> Cependant, le British Museum a expliqu\u00e9 que plusieurs mesures avaient \u00e9t\u00e9 prises pour prot\u00e9ger l\u2019artefact lors de son d\u00e9placement \u2014 notamment deux voyages d\u2019essai avec une copie de la tapisserie.<\/p>\n<p> D\u00e9but juillet, la v\u00e9ritable tapisserie est partie de France vers le Royaume\u2011Uni \u00e0 l\u2019int\u00e9rieur d\u2019une caisse sp\u00e9cialement con\u00e7ue pour contr\u00f4ler la temp\u00e9rature et l\u2019humidit\u00e9, et \u00e9quip\u00e9e d\u2019amortisseurs. L\u2019\u0153uvre a travers\u00e9 la Manche par l\u2019Eurotunnel, arrivant au centre de Londres tard dans la nuit.<\/p>\n<h2>Un retour tant attendu<\/h2>\n<p> Ce d\u00e9placement marque la premi\u00e8re fois que l\u2019artefact voyage \u00e0 l\u2019\u00e9tranger dans son histoire moderne \u2014 elle a \u00e9t\u00e9 transf\u00e9r\u00e9e \u00e0 deux reprises \u00e0 Paris, d\u2019abord par Napol\u00e9on puis par les nazis \u2014 bien que beaucoup estiment que la tapisserie effectuera bient\u00f4t un voyage de retour.<\/p>\n<p> Le consensus g\u00e9n\u00e9ral parmi les historiens est d\u00e9sormais que la tapisserie, datant du XIe si\u00e8cle, a \u00e9t\u00e9 cr\u00e9\u00e9e en Angleterre.<\/p>\n<p> Plus pr\u00e9cis\u00e9ment, elle aurait probablement \u00e9t\u00e9 r\u00e9alis\u00e9e par des religieuses de Barking Abbey, \u00e0 Canterbury, et command\u00e9e peu apr\u00e8s la victoire de Guillaume contre les Anglo\u2011Saxons en tant que don au nouveau monarque.<\/p>\n<p> Probablement command\u00e9e par l\u2019\u00e9v\u00eaque Odo de Bayeux (par hasard le demi\u2011fr\u00e8re de Guillaume le Conqu\u00e9rant) pour la cons\u00e9cration de la cath\u00e9drale de la ville en 1077, cette immense tapisserie est en r\u00e9alit\u00e9 un nom trompeur.<\/p>\n<p> Les tapisseries sont fabriqu\u00e9es sur des m\u00e9tiers \u00e0 tisser, alors que l\u2019artefact de Bayeux est techniquement une broderie faite \u00e0 la main.<\/p>\n<h2>La reproduction sur dix ans est un effort en solitaire<\/h2>\n<p> Plusieurs r\u00e9pliques de la tapisserie ont \u00e9t\u00e9 r\u00e9alis\u00e9es (dont une version victorienne par la soci\u00e9t\u00e9 britannique \u00ab Leek Society \u00bb qui a censur\u00e9 les parties g\u00e9nitales explicites de l\u2019original).<\/p>\n<p> La r\u00e9plique la plus r\u00e9cente est un effort en solitaire. Mia Hansson, n\u00e9e en Su\u00e8de, a commenc\u00e9 ce gigantesque projet par lassitude en juillet 2016.<\/p>\n<p> \u00ab J\u2019ai fait quelques calculs simples\u2026 Si je travaillais cinq heures par jour, je l\u2019aurais termin\u00e9 en 10 ans. Je me suis dit : \u2018Parfait, 10 ans. Je n\u2019aurai jamais \u00e0 me demander ce que je ferai demain\u2019 \u00bb, a-t-elle d\u00e9clar\u00e9 \u00e0 The Connexion dans une interview l\u2019ann\u00e9e derni\u00e8re.<\/p>\n<p> Maintenant presque au bout, \u00ab c\u2019est devenu l\u2019un de ces projets que je vais simplement devoir terminer, car si j\u2019arr\u00eate maintenant, on me soup\u00e7onnera d\u2019\u00eatre la femme qui a \u00e9chou\u00e9 \u2013 et moi, je n\u2019\u00e9choue pas \u00bb, a-t-elle ajout\u00e9.<\/p>\n<p> Vous pouvez lire l\u2019int\u00e9gralit\u00e9 de l\u2019entretien avec Mme Hansson <span class=\"font-weight-bold m-font-weight-bold\" data-lab-font_weight=\"font-weight-bold\">ici<\/span>.<\/p>\n<h2>\u00ab Sc\u00e8ne manquante \u00bb \u00e0 produire<\/h2>\n<p> Une sc\u00e8ne \u00ab manquante \u00bb de la tapisserie, cens\u00e9e montrer le couronnement de Guillaume le Conqu\u00e9rant en tant que roi d\u2019Angleterre \u00e0 l\u2019abbaye de Westminster, doit \u00eatre produite dans le cadre des c\u00e9l\u00e9brations du mill\u00e9naire de sa naissance.<\/p>\n<p> La pi\u00e8ce suppos\u00e9ment manquante serait la sc\u00e8ne finale de la tapisserie, qui se termine aujourd\u2019hui de mani\u00e8re abrupte apr\u00e8s la bataille d\u2019Hastings en 1066. On ignore ce qui est arriv\u00e9 \u00e0 cette pi\u00e8ce manquante, mais si elle existait, elle aurait tr\u00e8s probablement \u00e9t\u00e9 d\u00e9truite.<\/p>\n<p> La section additionnelle ne sera pas physiquement ajout\u00e9e \u00e0 la tapisserie existante mais la compl\u00e9tera, tout en t\u00e9moignant de l\u2019h\u00e9ritage durable de l\u2019\u0153uvre et de la mani\u00e8re dont l\u2019interaction peut reconfigurer l\u2019histoire.<\/p>\n<p> L\u2019artiste fran\u00e7aise H\u00e9l\u00e8ne Delprat <span class=\"font-weight-bold m-font-weight-bold\" data-lab-font_weight=\"font-weight-bold\">a remport\u00e9 un concours<\/span> pour esquisser la sc\u00e8ne, qui est recr\u00e9\u00e9e par un atelier familial \u00e0 Aubusson (Creuse), et sera expos\u00e9e au Ch\u00e2teau Guillaume-le-Conqu\u00e9rant \u00e0 Falaise (Calvados).<\/p>\n<h2>D\u00e9placements par Napol\u00e9on et les nazis<\/h2>\n<p> L\u2019exposition de Londres n\u2019est pas la premi\u00e8re fois que la tapisserie a \u00e9t\u00e9 d\u00e9plac\u00e9e pour des raisons d\u2019influence politique.<\/p>\n<p> La tapisserie a \u00e9t\u00e9 d\u00e9plac\u00e9e \u00e0 plusieurs reprises au sein de Bayeux et de la Normandie elle\u2011m\u00eame, de son premier lieu de repos dans la cath\u00e9drale \u00e0 son mus\u00e9e actuel d\u00e9di\u00e9, mais elle a \u00e9t\u00e9 envoy\u00e9e \u00e0 Paris \u00e0 deux reprises.<\/p>\n<p> Napol\u00e9on a tent\u00e9 d\u2019utiliser la tapisserie pour stimuler les Parisiens en vue d\u2019une \u00e9ventuelle invasion du Royaume\u2011Uni au d\u00e9but des ann\u00e9es 1800.<\/p>\n<p> Elle a \u00e9t\u00e9 expos\u00e9e au Louvre en 1804 (apr\u00e8s avoir \u00e9t\u00e9 d\u00e9pos\u00e9e au mus\u00e9e des Beaux\u2011Arts de Caen en 1803) Napol\u00e9on souhaitant se pr\u00e9senter comme le prochain \u00ab Conqu\u00e9rant \u00bb des \u00eeles britanniques.<\/p>\n<p> Aucune tentative de reproduire les exploits de Guillaume le Conqu\u00e9rant n\u2019a \u00e9t\u00e9 faite. Toutefois, Napol\u00e9on a renvoy\u00e9 la tapisserie \u00e0 Bayeux comme signe de gratitude envers les habitants qui l\u2019avaient maintenue en bon \u00e9tat au fil des si\u00e8cles.<\/p>\n<p> Elle est rest\u00e9e en grande partie en place, se promenant entre les exposi\u00adtions des mus\u00e9es de la ville, jusqu\u2019\u00e0 la Seconde Guerre mondiale.<\/p>\n<p> Des responsables nazis de l\u2019Ahnenerbe, une branche pseudo-scientifique de la SS visant \u00e0 promouvoir les id\u00e9es raciales d\u2019Hitler, pensaient que la tapisserie rev\u00eatait une signification particuli\u00e8re.<\/p>\n<p> La tapisserie pr\u00e9sentait des \u00ab preuves \u00bb de culture germanique \u2014 pas loin de la v\u00e9rit\u00e9, puisque les anc\u00eatres vikings des Normands provenaient effectivement de Scandinavie \u2014 et elle a \u00e9t\u00e9 transport\u00e9e pour des \u00e9tudes suppl\u00e9mentaires par des responsables du groupe, d\u2019abord vers une abbaye voisine, puis vers un ch\u00e2teau distant de 175 km.<\/p>\n<p> Les Allemands ont \u00e9galement probablement vu le potentiel de propagande dans la tapisserie et ont peut\u2011\u00eatre utilis\u00e9 cet objet dans le cadre d\u2019efforts pour mobiliser la France en vue d\u2019une invasion potentielle du Royaume\u2011Uni pendant la guerre.<\/p>\n<p> En juin 1944, elle a \u00e9t\u00e9 transf\u00e9r\u00e9e au sous-sol du Louvre, et apr\u00e8s la lib\u00e9ration de la capitale, est revenue en toute s\u00e9curit\u00e9 entre les mains des autorit\u00e9s fran\u00e7aises libres.<\/p>\n<p> Elle a \u00e9t\u00e9 le point central d\u2019une exposition d\u2019apr\u00e8s\u2011guerre au Louvre, o\u00f9 elle disposait d\u2019un choix d\u2019emplacements pour l\u2019exposition, alors que la plupart des \u0153uvres d\u2019art avaient \u00e9t\u00e9 retir\u00e9es pour protection pendant le conflit.<\/p>\n<p> \u00c0 son retour \u00e0 Bayeux, la ville a re\u00e7u des fonds pour cr\u00e9er un mus\u00e9e d\u00e9di\u00e9 \u00e0 l\u2019artefact, qui attire aujourd\u2019hui environ 400 000 touristes chaque ann\u00e9e.<\/p>\n<\/div>\n<p><script >!function(f,b,e,v,n,t,s)\n{if(f.fbq)return;n=f.fbq=function(){n.callMethod?\nn.callMethod.apply(n,arguments):n.queue.push(arguments)};\nif(!f._fbq)f._fbq=n;n.push=n;n.loaded=!0;n.version='2.0';\nn.queue=[];t=b.createElement(e);t.async=!0;\nt.src=v;s=b.getElementsByTagName(e)[0];\ns.parentNode.insertBefore(t,s)}(window, document,'script',\n'https:\/\/connect.facebook.net\/en_US\/fbevents.js');\nfbq('init', '1199707312045186');\nfbq('track', 'PageView');<\/script><\/p>\n","protected":false},"excerpt":{"rendered":"<p>L\u2019un des artefacts historiques les plus embl\u00e9matiques de la France, la Tapisserie de Bayeux, sera expos\u00e9e au British Museum \u00e0 Londres \u00e0 partir de la semaine prochaine. Le pr\u00e9sident Emmanuel Macron, la ministre de la Culture Catherine P\u00e9gard et le roi Charles devraient assister \u00e0 l\u2019ouverture priv\u00e9e de l\u2019exposition cet apr\u00e8s-midi (2 septembre). La tapisserie [&hellip;]<\/p>\n","protected":false},"author":1,"featured_media":2233,"comment_status":"open","ping_status":"open","sticky":false,"template":"","format":"standard","meta":{"footnotes":""},"categories":[1],"tags":[],"class_list":["post-2232","post","type-post","status-publish","format-standard","has-post-thumbnail","hentry","category-non-classe"],"_links":{"self":[{"href":"https:\/\/www.rachida-dati.eu\/actualites\/wp-json\/wp\/v2\/posts\/2232","targetHints":{"allow":["GET"]}}],"collection":[{"href":"https:\/\/www.rachida-dati.eu\/actualites\/wp-json\/wp\/v2\/posts"}],"about":[{"href":"https:\/\/www.rachida-dati.eu\/actualites\/wp-json\/wp\/v2\/types\/post"}],"author":[{"embeddable":true,"href":"https:\/\/www.rachida-dati.eu\/actualites\/wp-json\/wp\/v2\/users\/1"}],"replies":[{"embeddable":true,"href":"https:\/\/www.rachida-dati.eu\/actualites\/wp-json\/wp\/v2\/comments?post=2232"}],"version-history":[{"count":1,"href":"https:\/\/www.rachida-dati.eu\/actualites\/wp-json\/wp\/v2\/posts\/2232\/revisions"}],"predecessor-version":[{"id":2234,"href":"https:\/\/www.rachida-dati.eu\/actualites\/wp-json\/wp\/v2\/posts\/2232\/revisions\/2234"}],"wp:featuredmedia":[{"embeddable":true,"href":"https:\/\/www.rachida-dati.eu\/actualites\/wp-json\/wp\/v2\/media\/2233"}],"wp:attachment":[{"href":"https:\/\/www.rachida-dati.eu\/actualites\/wp-json\/wp\/v2\/media?parent=2232"}],"wp:term":[{"taxonomy":"category","embeddable":true,"href":"https:\/\/www.rachida-dati.eu\/actualites\/wp-json\/wp\/v2\/categories?post=2232"},{"taxonomy":"post_tag","embeddable":true,"href":"https:\/\/www.rachida-dati.eu\/actualites\/wp-json\/wp\/v2\/tags?post=2232"}],"curies":[{"name":"wp","href":"https:\/\/api.w.org\/{rel}","templated":true}]}}