{"id":2244,"date":"2026-09-02T21:42:53","date_gmt":"2026-09-02T19:42:53","guid":{"rendered":"https:\/\/www.rachida-dati.eu\/actualites\/meteo-france-canicule-de-40-c-en-septembre-dans-le-sud-de-la-france\/"},"modified":"2026-09-02T21:42:55","modified_gmt":"2026-09-02T19:42:55","slug":"meteo-france-canicule-de-40-c-en-septembre-dans-le-sud-de-la-france","status":"publish","type":"post","link":"https:\/\/www.rachida-dati.eu\/actualites\/meteo-france-canicule-de-40-c-en-septembre-dans-le-sud-de-la-france\/","title":{"rendered":"M\u00e9t\u00e9o France : canicule de 40 \u00b0C en septembre dans le sud de la France"},"content":{"rendered":"<div data-element-guid=\"7f7332a5-aca0-4fee-9990-ec700b171346\">\n<p class=\"subtitle \" style=\"\">Alertes de canicule d\u00e9j\u00e0 pr\u00e9vues pour \u00eatre mises en \u0153uvre dans le sud jeudi<\/p>\n<\/p>\n<\/div>\n<div data-element-guid=\"ce6378e9-99fe-4aa3-91b1-0761b0446386\">\n<p><!-- placeholder(#1) --><\/p>\n<p>Les pr\u00e9visions r\u00e9vis\u00e9es pr\u00e9voient des temp\u00e9ratures allant jusqu\u2019\u00e0 40 \u00b0C dans le sud de la France \u00e0 la fin de cette semaine, \u00e9galant les records de septembre pr\u00e9c\u00e9dents.<\/p>\n<p>Les m\u00e9t\u00e9orologues <span class=\"font-weight-bold m-font-weight-bold \" data-lab-font_weight=\"font-weight-bold\">avaient initialement \u00e9voqu\u00e9 une nouvelle p\u00e9riode de chaleur<\/span> dans le sud, avec des temp\u00e9ratures pr\u00e9vues atteindre 35 \u00b0C.<\/p>\n<p>Cependant, de nouveaux mod\u00e8les sugg\u00e8rent d\u00e9sormais que les temp\u00e9ratures pourraient monter encore davantage, en particulier dans le sud-ouest et la M\u00e9diterran\u00e9e occidentale.<\/p>\n<p>Des temp\u00e9ratures de 40 \u00b0C sont possibles sur une grande partie du sud-ouest entre vendredi et dimanche (4 &#8211; 6 septembre), les mod\u00e8les \u00e9tant plus proches de la date donnant des pr\u00e9dictions plus pr\u00e9cises des lieux exacts qui conna\u00eetront les temp\u00e9ratures les plus chaudes.<\/p>\n<p>Les pr\u00e9visions actualis\u00e9es ont \u00e9t\u00e9 relay\u00e9es par Fran\u00e7ois Gourand, m\u00e9t\u00e9orologue du service national de pr\u00e9vision <span class=\"italic m-italic \" data-lab-italic=\"italic\">M\u00e9t\u00e9o France<\/span>, qui avait \u00e9galement pr\u00e9dit des temp\u00e9ratures d\u2019environ 30 \u00b0C \u00e0 Paris avant la fin de la semaine.<\/p>\n<p>\u00ab Pour le mois de septembre, c\u2019est assez remarquable \u00bb, a-t-il d\u00e9clar\u00e9 au m\u00e9dia <span class=\"italic m-italic \" data-lab-italic=\"italic\">20 Minutes<\/span>, mais cela ne sera pas \u00ab comparable aux vagues de chaleur que nous avons connues cet \u00e9t\u00e9 \u00bb. <\/p>\n<p>\u00ab Les temp\u00e9ratures vont probablement battre les records pour le mois de septembre \u00bb, a-t-il ajout\u00e9, dans de nombreuses zones du sud, notamment la Nouvelle-Aquitaine, l\u2019Occitanie, la vall\u00e9e du Rh\u00f4ne et certaines villes alpines situ\u00e9es \u00e0 des altitudes plus basses.<\/p>\n<h2>Des records de chaleur pourraient \u00eatre battus<\/h2>\n<p>Cependant plus au nord, les records \u00e9tablis lors de la canicule de septembre 2023 devraient rester en place.<\/p>\n<p>Cela incluait des maximales d\u2019environ 35 \u00b0C \u00e0 Paris, Rennes et Orl\u00e9ans, et 39 \u00b0C \u00e0 Montmorillon et La Trimouille (Vienne).<\/p>\n<p>Le record national absolu pour le mois de septembre est de 40 \u00b0C, enregistr\u00e9 en Corse en 1975.<\/p>\n<p>Une chaleur intense cette semaine aura un impact moins fort sur la moiti\u00e9 nord de la France, Paris \u00e9tant la seule zone o\u00f9 l\u2019on pr\u00e9voit que les thermom\u00e8tres atteignent 30 \u00b0C ou plus avant le week-end.<\/p>\n<p>Dimanche, des maximales de 30 \u00b0C sont possibles en Bretagne et dans les zones au sud de Paris, mais cela reste incertain.<\/p>\n<p>Au nord de la Seine, les temp\u00e9ratures ne d\u00e9passeront que de quelques degr\u00e9s les moyennes, bien que dimanche puisse voir des temp\u00e9ratures de 27 \u00b0C dans des r\u00e9gions telles que la Normandie et les Hauts-de-France.<\/p>\n<p>La flamb\u00e9e de chaleur pourrait faire d\u00e9passer les records mensuels pour septembre, si les temp\u00e9ratures restent au-dessus de la moyenne pendant une p\u00e9riode consid\u00e9rable (m\u00eame sans atteindre les seuils de canicule).<\/p>\n<p>La canicule de septembre 2023 a contribu\u00e9 \u00e0 un niveau moyen mensuel record de 21 \u00b0C, et avec des temp\u00e9ratures \u00e0 travers toute la France bien au-del\u00e0 de cela pour au moins la semaine prochaine, il est possible que le record r\u00e9cent soit une nouvelle fois battu.<\/p>\n<h2>Alertes de canicule d\u00e9j\u00e0 pr\u00e9vues pour jeudi<\/h2>\n<p>Les temp\u00e9ratures commencent \u00e0 grimper de fa\u00e7on significative aujourd\u2019hui dans la r\u00e9gion du Languedoc, suivies d\u2019une augmentation plus large des temp\u00e9ratures dans le sud demain.<\/p>\n<p>Cet \u00e9lan pr\u00e9coce verra deux d\u00e9partements \u2013 l\u2019H\u00e9rault et le Gard \u2013 plac\u00e9s sous une alerte de niveau deux renforc\u00e9e pour les conditions de canicule (<span class=\"italic m-italic \" data-lab-italic=\"italic\">canicule<\/span>) d\u2019ici jeudi.<\/p>\n<p>\u00c0 mesure que les temp\u00e9ratures continueront de grimper dans le sud \u2013 les temp\u00e9ratures pourraient atteindre leur pic vendredi mais des conditions chaudes intenses devraient \u00eatre en place jusqu\u2019au moins la fin du week-end \u2013 des alertes renforc\u00e9es sont probables.<\/p>\n<p>La d\u00e9livrance d\u2019avertissements orange de niveau trois sera accompagn\u00e9e de plans de canicule renforc\u00e9s dans les d\u00e9partements concern\u00e9s, avec des ressources suppl\u00e9mentaires destin\u00e9es \u00e0 aider les r\u00e9sidents vuln\u00e9rables.<\/p>\n<p>Cela comprend la v\u00e9rification des personnes inscrites dans le <span class=\"font-weight-bold m-font-weight-bold \" data-lab-font_weight=\"font-weight-bold\">registre local des canicules<\/span>.<\/p>\n<\/div>\n<p><script >!function(f,b,e,v,n,t,s)\n{if(f.fbq)return;n=f.fbq=function(){n.callMethod?\nn.callMethod.apply(n,arguments):n.queue.push(arguments)};\nif(!f._fbq)f._fbq=n;n.push=n;n.loaded=!0;n.version='2.0';\nn.queue=[];t=b.createElement(e);t.async=!0;\nt.src=v;s=b.getElementsByTagName(e)[0];\ns.parentNode.insertBefore(t,s)}(window, document,'script',\n'https:\/\/connect.facebook.net\/en_US\/fbevents.js');\nfbq('init', '1199707312045186');\nfbq('track', 'PageView');<\/script><\/p>\n","protected":false},"excerpt":{"rendered":"<p>Alertes de canicule d\u00e9j\u00e0 pr\u00e9vues pour \u00eatre mises en \u0153uvre dans le sud jeudi Les pr\u00e9visions r\u00e9vis\u00e9es pr\u00e9voient des temp\u00e9ratures allant jusqu\u2019\u00e0 40 \u00b0C dans le sud de la France \u00e0 la fin de cette semaine, \u00e9galant les records de septembre pr\u00e9c\u00e9dents. Les m\u00e9t\u00e9orologues avaient initialement \u00e9voqu\u00e9 une nouvelle p\u00e9riode de chaleur dans le sud, [&hellip;]<\/p>\n","protected":false},"author":1,"featured_media":2245,"comment_status":"open","ping_status":"open","sticky":false,"template":"","format":"standard","meta":{"footnotes":""},"categories":[1],"tags":[],"class_list":["post-2244","post","type-post","status-publish","format-standard","has-post-thumbnail","hentry","category-non-classe"],"_links":{"self":[{"href":"https:\/\/www.rachida-dati.eu\/actualites\/wp-json\/wp\/v2\/posts\/2244","targetHints":{"allow":["GET"]}}],"collection":[{"href":"https:\/\/www.rachida-dati.eu\/actualites\/wp-json\/wp\/v2\/posts"}],"about":[{"href":"https:\/\/www.rachida-dati.eu\/actualites\/wp-json\/wp\/v2\/types\/post"}],"author":[{"embeddable":true,"href":"https:\/\/www.rachida-dati.eu\/actualites\/wp-json\/wp\/v2\/users\/1"}],"replies":[{"embeddable":true,"href":"https:\/\/www.rachida-dati.eu\/actualites\/wp-json\/wp\/v2\/comments?post=2244"}],"version-history":[{"count":1,"href":"https:\/\/www.rachida-dati.eu\/actualites\/wp-json\/wp\/v2\/posts\/2244\/revisions"}],"predecessor-version":[{"id":2246,"href":"https:\/\/www.rachida-dati.eu\/actualites\/wp-json\/wp\/v2\/posts\/2244\/revisions\/2246"}],"wp:featuredmedia":[{"embeddable":true,"href":"https:\/\/www.rachida-dati.eu\/actualites\/wp-json\/wp\/v2\/media\/2245"}],"wp:attachment":[{"href":"https:\/\/www.rachida-dati.eu\/actualites\/wp-json\/wp\/v2\/media?parent=2244"}],"wp:term":[{"taxonomy":"category","embeddable":true,"href":"https:\/\/www.rachida-dati.eu\/actualites\/wp-json\/wp\/v2\/categories?post=2244"},{"taxonomy":"post_tag","embeddable":true,"href":"https:\/\/www.rachida-dati.eu\/actualites\/wp-json\/wp\/v2\/tags?post=2244"}],"curies":[{"name":"wp","href":"https:\/\/api.w.org\/{rel}","templated":true}]}}