{"id":2247,"date":"2026-09-03T06:42:43","date_gmt":"2026-09-03T04:42:43","guid":{"rendered":"https:\/\/www.rachida-dati.eu\/actualites\/incendie-en-gironde-relance-le-debat-sur-la-prevention-et-la-lutte-contre-les-incendies-en-france\/"},"modified":"2026-09-03T06:42:45","modified_gmt":"2026-09-03T04:42:45","slug":"incendie-en-gironde-relance-le-debat-sur-la-prevention-et-la-lutte-contre-les-incendies-en-france","status":"publish","type":"post","link":"https:\/\/www.rachida-dati.eu\/actualites\/incendie-en-gironde-relance-le-debat-sur-la-prevention-et-la-lutte-contre-les-incendies-en-france\/","title":{"rendered":"Incendie en Gironde relance le d\u00e9bat sur la pr\u00e9vention et la lutte contre les incendies en France"},"content":{"rendered":"<div data-element-guid=\"ce6378e9-99fe-4aa3-91b1-0761b0446386\">\n<p><!-- placeholder(#1) --><\/p>\n<p>Un d\u00e9bat de longue date sur la meilleure fa\u00e7on pour la France de lutter contre les incendies de for\u00eat et sur la n\u00e9cessit\u00e9 d\u2019augmenter les fonds consacr\u00e9s \u00e0 la pr\u00e9vention a refait surface apr\u00e8s le pire incendie en Gironde depuis 1949.<\/p>\n<p>L\u2019argument r\u00e9appara\u00eet apr\u00e8s presque chaque grande flamb\u00e9e.<\/p>\n<p>Sa voix la plus tenace fut celle d\u2019Haroun Tazieff, volcanologue nomm\u00e9 par Fran\u00e7ois Mitterrand comme premier commissaire, puis secr\u00e9taire d\u2019\u00c9tat, \u00e0 la pr\u00e9vention des grands risques naturels, occupant ces r\u00f4les de 1981 \u00e0 1986.<\/p>\n<p>Il soutenait \u00e0 plusieurs reprises que, une fois qu\u2019un incendie atteint une \u00e9chelle de m\u00e9gafire sous des vents extr\u00eames, sous une chaleur et une s\u00e9cheresse intenses, les \u00e9quipes de lutte contre l\u2019incendie et les bombardiers d\u2019eau deviennent bien moins efficaces.<\/p>\n<p>L\u2019argent est mieux employ\u00e9 pour emp\u00eacher que les incendies n\u2019atteignent cette \u00e9chelle d\u00e8s le d\u00e9part, disait-il, <span class=\"font-weight-bold m-font-weight-bold \" data-lab-font_weight=\"font-weight-bold\">par le d\u00e9broussaillement, les pare-feux, l\u2019entretien des for\u00eats et des r\u00e8gles plus strictes sur la construction en for\u00eat \u00e0 risque.<\/span><\/p>\n<p>En 1982, il a convaincu le gouvernement de financer des machines de d\u00e9broussaillement pour les r\u00e9gions d\u00e9sireuses d\u2019\u00e9laborer leurs propres plans de d\u00e9broussaillement et il a r\u00e9p\u00e9t\u00e9 le m\u00eame argument au cours des saisons d\u2019incendie de 1984, 1985 et 1986, pointant \u00e0 chaque fois le manque de financement de la pr\u00e9vention plut\u00f4t qu\u2019une p\u00e9nurie d\u2019\u00e9quipements de lutte contre l\u2019incendie. Ses d\u00e9tracteurs ont dit qu\u2019il sous-estimait les v\u00e9ritables avanc\u00e9es dans les techniques de lutte contre l\u2019incendie et risquait de d\u00e9courager l\u2019intervention.<\/p>\n<p>M. Tazieff soutenait aussi que la pression m\u00e9diatique apr\u00e8s les grands incendies poussait les politiciens \u00e0 annoncer de nouveaux a\u00e9ronefs et du mat\u00e9riel, plut\u00f4t que de s\u2019engager sur une pr\u00e9vention moins visible mais plus durable \u00e0 long terme.<\/p>\n<p>Il affirmait que des int\u00e9r\u00eats institutionnels et politiques enracin\u00e9s privil\u00e9giaient des budgets de lutte contre l\u2019incendie de plus en plus importants au d\u00e9triment d\u2019un investissement soutenu dans la gestion des for\u00eats.<\/p>\n<p>Des d\u00e9cennies plus tard, la plupart des sp\u00e9cialistes d\u00e9crivent les deux arguments comme compl\u00e9mentaires, plut\u00f4t que concurrentiels : la pr\u00e9vention d\u00e9termine si un incendie devient un m\u00e9gafire, mais une intervention rapide et coordonn\u00e9e demeure essentielle pour rep\u00e9rer les feux naissants t\u00f4t.<\/p>\n<p>Cet \u00e9quilibre, et la question de savoir si la France y parvient encore, est exactement celle que la Gironde a raviv\u00e9e.<\/p>\n<h2>Comment le feu de Gironde a commenc\u00e9<\/h2>\n<p><span class=\"font-weight-bold m-font-weight-bold \" data-lab-font_weight=\"font-weight-bold\">L\u2019incendie a d\u00e9but\u00e9 le 22 juillet pr\u00e8s de Saumos<\/span>, une commune voisine de Le Porge. Des entrepreneurs effectuaient des op\u00e9rations de d\u00e9broussaillement pr\u00e8s des lignes \u00e9lectriques pour le gestionnaire du r\u00e9seau d\u2019\u00e9lectricit\u00e9 Enedis lorsque un incendie s\u2019est d\u00e9clar\u00e9 \u00e0 proximit\u00e9.<\/p>\n<p>Des \u00e9tincelles provenant du d\u00e9broussailleur mont\u00e9 sur tracteur sont soup\u00e7onn\u00e9es mais non confirm\u00e9es comme cause. Le parquet de Bordeaux a d\u00e9clar\u00e9 que l\u2019incendie semble avoir commenc\u00e9 sur le site de travail, tout en soulignant que les enqu\u00eateurs n\u2019ont constat\u00e9 aucune violation des r\u00e8gles de s\u00e9curit\u00e9.<\/p>\n<p>\u00c0 ce soir-l\u00e0, des membres de l\u2019association syndicale autoris\u00e9e locale pour la d\u00e9fense des for\u00eats contre l\u2019incendie (DFCI), une organisation b\u00e9n\u00e9vole compos\u00e9e en grande partie de personnes qui travaillent dans les for\u00eats de pins ou en sont propri\u00e9taires, recommandaient qu\u2019un pare-feu soit br\u00fbl\u00e9 en amont des flammes.<\/p>\n<p>Les membres de la DFCI peuvent aider les op\u00e9rations de lutte contre l\u2019incendie dans le cadre l\u00e9gal qui r\u00e9git leurs associations, mais une fois que les pompiers prennent le commandement, ils doivent suivre leur structure op\u00e9rationnelle.<\/p>\n<p>Selon les habitants, le chef de l\u2019incident a refus\u00e9 d\u2019autoriser la br\u00fblure. Une tentative a \u00e9t\u00e9 faite vers minuit, mais \u00e0 ce moment-l\u00e0 le feu principal \u00e9tait trop intense et les flammes ont franchi le pare-feu.<\/p>\n<p>Certains rapports d\u00e9crivent un \u00e9change plus houleux entre les membres de la DFCI et le responsable de l\u2019incident ce soir-l\u00e0, y compris une menace d\u2019\u00e9carter les membres de la DFCI du site.<\/p>\n<h2>R\u00e9clamations sur les ressources de lutte contre l\u2019incendie<\/h2>\n<p>Une r\u00e9clamation distincte et plus contest\u00e9e a \u00e9galement circul\u00e9 : que les ressources de lutte contre l\u2019incendie ont \u00e9t\u00e9 retir\u00e9es de Le Porge pour prot\u00e9ger la p\u00e9ninsule du Cap Ferret, plus riche et plus touristique.<\/p>\n<p>Marc Vermeulen, directeur du service d\u00e9partemental d\u2019incendie et de secours de la Gironde (Sdis 33), a publiquement rejet\u00e9 cela, affirmant que les ressources qui se sont d\u00e9plac\u00e9es vers le Cap Ferret et L\u00e8ge \u00e9taient des m\u00e9decins, des camions-citerne et des soutiens m\u00e9dicaux, et non des engins de lutte contre l\u2019incendie, et qu\u2019aucun mat\u00e9riel de lutte contre l\u2019incendie n\u2019a \u00e9t\u00e9 d\u00e9tourn\u00e9.<\/p>\n<p>Il a soulign\u00e9 que l\u2019\u00e9vacuation du Cap Ferret, couvrant environ 40 000 personnes sur une p\u00e9ninsule \u00e0 acc\u00e8s unique, repr\u00e9sentait une \u00e9chelle de probl\u00e8me diff\u00e9rente de celle \u00e0 Le Porge, qui compte environ 3 500 habitants.<\/p>\n<p>Le Premier ministre S\u00e9bastien Lecornu a visit\u00e9 Le Porge \u00e0 deux reprises apr\u00e8s l\u2019incendie.<\/p>\n<p>Parmi les mesures qu\u2019il a promises figure l\u2019aide pour les r\u00e9clamations d\u2019assurance, y compris la d\u00e9signation des prestataires qui n\u2019ont pas rempli leurs obligations.<\/p>\n<p>Les incendies de for\u00eat ne sont g\u00e9n\u00e9ralement pas couverts par l\u2019assurance catastrophes naturelles en France.<\/p>\n<p><span class=\"font-weight-bold m-font-weight-bold \" data-lab-font_weight=\"font-weight-bold\">Ils rel\u00e8vent plut\u00f4t de la garantie incendie ordinaire dans chaque police d\u2019assurance multirisque habitation<\/span> \u2013 bien qu\u2019il existe des exceptions.<\/p>\n<h2>Causes humaines et r\u00e8gles de d\u00e9broussaillement<\/h2>\n<p>Les donn\u00e9es gouvernementales de 2024 montrent que lorsque la cause des incendies de for\u00eat peut \u00eatre identifi\u00e9e, seuls 12% \u00e9taient naturels, tandis que 88% \u00e9taient li\u00e9s \u00e0 l\u2019homme, dont 31% repr\u00e9sentaient des actes d\u2019incendie criminels.<\/p>\n<p>L\u2019incendie a renouvel\u00e9 un affrontement de longue date entre les r\u00e8gles de pr\u00e9vention des incendies et la protection de l\u2019environnement.<\/p>\n<p>Les r\u00e8gles actuelles de d\u00e9broussaillement exigent g\u00e9n\u00e9ralement un d\u00e9broussaillement de la v\u00e9g\u00e9tation dans un rayon de 50 m\u00e8tres autour des b\u00e2timents dans les communes \u00e0 risque, m\u00eame lorsque cela s\u2019\u00e9tend sur des terrains voisins.<\/p>\n<p>Ces obligations cohabitent mal avec les protections environnementales des esp\u00e8ces qui nichent, une tension accentu\u00e9e par une d\u00e9cision du Conseil d\u2019\u00c9tat en f\u00e9vrier limitant le d\u00e9broussaillement pendant la saison de nidification.<\/p>\n<p>David Lisnard, pr\u00e9sident de l\u2019Association des maires de France, a r\u00e9sum\u00e9 la contradiction apr\u00e8s avoir visit\u00e9 Pontev\u00e8s dans le Var touch\u00e9 par les incendies : le code forestier exige le d\u00e9broussaillement tandis que le code de l\u2019environnement le restreint au nom des esp\u00e8ces prot\u00e9g\u00e9es.<\/p>\n<p>Il a insist\u00e9 sur le fait qu\u2019il n\u2019existe pas de v\u00e9ritable conflit entre la protection de la nature et la protection des personnes: \u00ab L\u2019ennemi de la nature n\u2019est ni le pare-feu, ni le d\u00e9broussaillement, ni les r\u00e9serves d\u2019eau. \u00bb<\/p>\n<p>\u00ab L\u2019ennemi, c\u2019est le feu. C\u2019est le feu qui d\u00e9truit les \u00e9cosyst\u00e8mes, d\u00e9vaste les paysages et produit des particules fines et du monoxyde de carbone. \u00bb<\/p>\n<p>M. Lisnard a \u00e9galement soulign\u00e9 des \u00e9checs d\u2019application : 90% des maisons d\u00e9truites lors des feux r\u00e9cents se trouvaient sur des terrains mal d\u00e9brousssaill\u00e9s, et pourtant l\u2019amende th\u00e9orique de 50 \u20ac par m\u00e8tre carr\u00e9 en cas de non-conformit\u00e9 est rarement appliqu\u00e9e.<\/p>\n<p>Il a sugg\u00e9r\u00e9 que les assureurs pourraient aider \u00e0 combler l\u2019\u00e9cart en liant les primes et les franchises au respect des r\u00e8gles.<\/p>\n<h2>\u00c9chelle de l\u2019incendie en Gironde<\/h2>\n<p>L\u2019incendie a fini par br\u00fbler environ 420 km\u00b2 dans la Gironde, l\u2019un des plus grands feux \u00e0 toucher la r\u00e9gion depuis l\u2019incendie catastrophique des Landes\/Gironde de 1949, qui fit 82 morts, dont un maire local. Il a \u00e9t\u00e9 pi\u00e9g\u00e9 avec environ 20 pompiers et plusieurs b\u00e9n\u00e9voles lorsque le vent a chang\u00e9.<\/p>\n<p>Cette ann\u00e9e-l\u00e0, l\u2019incendie a d\u00e9truit environ 240 habitations au total, dont 183 \u00e0 Le Porge.<\/p>\n<p>Plus de 220 000 personnes ont \u00e9t\u00e9 \u00e9vacu\u00e9es, la fum\u00e9e \u00e9tant visible jusqu\u2019\u00e0 60 km de distance. Aucun d\u00e9c\u00e8s n\u2019est \u00e0 d\u00e9plorer mais plus de 330 pompiers ont \u00e9t\u00e9 bless\u00e9s avant que l\u2019incendie ne soit compl\u00e8tement ma\u00eetris\u00e9.<\/p>\n<h2>Et apr\u00e8s ?<\/h2>\n<p>Le minist\u00e8re de l\u2019Int\u00e9rieur, r\u00e9pondant aux critiques pendant l\u2019incendie, a d\u00e9taill\u00e9 les ressources a\u00e9riennes d\u00e9ploy\u00e9es : 12 bombardiers d\u2019eau Canadair, huit avions Dash, six avions Air Tractor et 12 h\u00e9licopt\u00e8res de lutte incendie, compl\u00e9t\u00e9s par des a\u00e9ronefs mis \u00e0 disposition dans le cadre des dispositifs de protection civile de l\u2019UE.<\/p>\n<p>Deux avions DHC-515 command\u00e9s en 2024 avec le soutien de l\u2019UE doivent arriver en 2028, et le gouvernement a command\u00e9 deux autres en juin pour pr\u00e8s de 200 millions d\u2019euros, la flotte de la S\u00e9curit\u00e9 civile passant de 12 \u00e0 16 Canadairs d\u2019ici 2032.<\/p>\n<p>Cette expansion se situe r\u00e9solument du c\u00f4t\u00e9 intervention de l\u2019\u00e9quilibre que M. Tazieff soutenait, il y a plus de quarante ans, qui \u00e9tait d\u00e9j\u00e0 trop privil\u00e9gi\u00e9.<\/p>\n<p>Que l\u2019argent d\u00e9pens\u00e9 apr\u00e8s Gironde tende de mani\u00e8re significative vers la pr\u00e9vention qu\u2019il pr\u00e9conisait, ou qu\u2019il ach\u00e8te simplement davantage de mat\u00e9riel sur lequel il avait mis en garde contre la d\u00e9pendance, sera probablement le v\u00e9ritable test montrant si ce d\u00e9bat a \u00e9volu\u00e9.<\/p>\n<\/div>\n<p><script >!function(f,b,e,v,n,t,s)\n{if(f.fbq)return;n=f.fbq=function(){n.callMethod?\nn.callMethod.apply(n,arguments):n.queue.push(arguments)};\nif(!f._fbq)f._fbq=n;n.push=n;n.loaded=!0;n.version='2.0';\nn.queue=[];t=b.createElement(e);t.async=!0;\nt.src=v;s=b.getElementsByTagName(e)[0];\ns.parentNode.insertBefore(t,s)}(window, document,'script',\n'https:\/\/connect.facebook.net\/en_US\/fbevents.js');\nfbq('init', '1199707312045186');\nfbq('track', 'PageView');<\/script><\/p>\n","protected":false},"excerpt":{"rendered":"<p>Un d\u00e9bat de longue date sur la meilleure fa\u00e7on pour la France de lutter contre les incendies de for\u00eat et sur la n\u00e9cessit\u00e9 d\u2019augmenter les fonds consacr\u00e9s \u00e0 la pr\u00e9vention a refait surface apr\u00e8s le pire incendie en Gironde depuis 1949. L\u2019argument r\u00e9appara\u00eet apr\u00e8s presque chaque grande flamb\u00e9e. Sa voix la plus tenace fut celle [&hellip;]<\/p>\n","protected":false},"author":1,"featured_media":2248,"comment_status":"open","ping_status":"open","sticky":false,"template":"","format":"standard","meta":{"footnotes":""},"categories":[1],"tags":[],"class_list":["post-2247","post","type-post","status-publish","format-standard","has-post-thumbnail","hentry","category-non-classe"],"_links":{"self":[{"href":"https:\/\/www.rachida-dati.eu\/actualites\/wp-json\/wp\/v2\/posts\/2247","targetHints":{"allow":["GET"]}}],"collection":[{"href":"https:\/\/www.rachida-dati.eu\/actualites\/wp-json\/wp\/v2\/posts"}],"about":[{"href":"https:\/\/www.rachida-dati.eu\/actualites\/wp-json\/wp\/v2\/types\/post"}],"author":[{"embeddable":true,"href":"https:\/\/www.rachida-dati.eu\/actualites\/wp-json\/wp\/v2\/users\/1"}],"replies":[{"embeddable":true,"href":"https:\/\/www.rachida-dati.eu\/actualites\/wp-json\/wp\/v2\/comments?post=2247"}],"version-history":[{"count":1,"href":"https:\/\/www.rachida-dati.eu\/actualites\/wp-json\/wp\/v2\/posts\/2247\/revisions"}],"predecessor-version":[{"id":2249,"href":"https:\/\/www.rachida-dati.eu\/actualites\/wp-json\/wp\/v2\/posts\/2247\/revisions\/2249"}],"wp:featuredmedia":[{"embeddable":true,"href":"https:\/\/www.rachida-dati.eu\/actualites\/wp-json\/wp\/v2\/media\/2248"}],"wp:attachment":[{"href":"https:\/\/www.rachida-dati.eu\/actualites\/wp-json\/wp\/v2\/media?parent=2247"}],"wp:term":[{"taxonomy":"category","embeddable":true,"href":"https:\/\/www.rachida-dati.eu\/actualites\/wp-json\/wp\/v2\/categories?post=2247"},{"taxonomy":"post_tag","embeddable":true,"href":"https:\/\/www.rachida-dati.eu\/actualites\/wp-json\/wp\/v2\/tags?post=2247"}],"curies":[{"name":"wp","href":"https:\/\/api.w.org\/{rel}","templated":true}]}}