{"id":2262,"date":"2026-09-03T18:43:43","date_gmt":"2026-09-03T16:43:43","guid":{"rendered":"https:\/\/www.rachida-dati.eu\/actualites\/alerte-canicule-en-france-cinq-departements-du-sud-en-vigilance-orange\/"},"modified":"2026-09-03T18:43:45","modified_gmt":"2026-09-03T16:43:45","slug":"alerte-canicule-en-france-cinq-departements-du-sud-en-vigilance-orange","status":"publish","type":"post","link":"https:\/\/www.rachida-dati.eu\/actualites\/alerte-canicule-en-france-cinq-departements-du-sud-en-vigilance-orange\/","title":{"rendered":"Alerte canicule en France : cinq d\u00e9partements du sud en vigilance orange"},"content":{"rendered":"<div id=\"main\">\n<div data-element-guid=\"7f7332a5-aca0-4fee-9990-ec700b171346\" class=\"articleHeader column hasCaption\">\n<p class=\"subtitle \" style=\"\">Aude, l&rsquo;H\u00e9rault, le Gard, l&rsquo;Ard\u00e8che et la Dr\u00f4me seront plac\u00e9s en alerte renforc\u00e9e \u00e0 partir de midi.<\/p>\n<\/p>\n<\/div>\n<div data-element-guid=\"ce6378e9-99fe-4aa3-91b1-0761b0446386\" class=\"bodytext large-12 small-12 medium-12\">\n<p><!-- placeholder(#1) --><\/p>\n<p>Des alertes renforc\u00e9es de canicule seront d\u00e9clench\u00e9es dans cinq d\u00e9partements du sud de la France \u00e0 partir de midi demain (4 septembre) alors que les temp\u00e9ratures continuent d\u2019augmenter dans le cadre d\u2019une vague de chaleur de septembre.<\/p>\n<p>Les alertes orange de canicule de niveau trois seront d\u00e9clench\u00e9es dans l&rsquo;Aude, l&rsquo;H\u00e9rault, le Gard, l&rsquo;Ard\u00e8che et la Dr\u00f4me.<\/p>\n<p>Les avertissements dureront au moins jusqu&rsquo;\u00e0 samedi matin et tr\u00e8s probablement tout le week-end.<\/p>\n<p>Les temp\u00e9ratures dans ces d\u00e9partements pourraient atteindre bien au-del\u00e0 de 35\u00b0C et potentiellement 38\u00b0C vendredi.<\/p>\n<p>Par ailleurs, des alertes jaunes de niveau deux seront \u00e9mises dans plusieurs d\u00e9partements du sud-ouest, car de nombreuses pr\u00e9visions annoncent des maximales d\u2019environ 35\u00b0C.<\/p>\n<p>Il est possible que des alertes renforc\u00e9es soient mises en place dans ces d\u00e9partements vendredi matin \u2014 soit imm\u00e9diatement, soit au cours de la journ\u00e9e \u2014 en fonction des conditions et des pr\u00e9visions matinales.<\/p>\n<p>C\u2019est seulement la deuxi\u00e8me fois que des alertes canicule de niveau trois sont mises en \u0153uvre en France au mois de septembre, apr\u00e8s une vague de chaleur intense en septembre 2023.<\/p>\n<p>La mise en \u0153uvre des alertes canicule de niveau trois pourrait amener les d\u00e9partements \u00e0 activer des plans canicule, touchant les habitants de l\u2019ensemble des d\u00e9partements.<\/p>\n<p>Les autorit\u00e9s contacteront \u00e9galement les personnes vuln\u00e9rables inscrites sur les registres canicule.<\/p>\n<\/div>\n<\/div>\n<p><script >!function(f,b,e,v,n,t,s)\n{if(f.fbq)return;n=f.fbq=function(){n.callMethod?\nn.callMethod.apply(n,arguments):n.queue.push(arguments)};\nif(!f._fbq)f._fbq=n;n.push=n;n.loaded=!0;n.version='2.0';\nn.queue=[];t=b.createElement(e);t.async=!0;\nt.src=v;s=b.getElementsByTagName(e)[0];\ns.parentNode.insertBefore(t,s)}(window, document,'script',\n'https:\/\/connect.facebook.net\/en_US\/fbevents.js');\nfbq('init', '1199707312045186');\nfbq('track', 'PageView');<\/script><\/p>\n","protected":false},"excerpt":{"rendered":"<p>Aude, l&rsquo;H\u00e9rault, le Gard, l&rsquo;Ard\u00e8che et la Dr\u00f4me seront plac\u00e9s en alerte renforc\u00e9e \u00e0 partir de midi. Des alertes renforc\u00e9es de canicule seront d\u00e9clench\u00e9es dans cinq d\u00e9partements du sud de la France \u00e0 partir de midi demain (4 septembre) alors que les temp\u00e9ratures continuent d\u2019augmenter dans le cadre d\u2019une vague de chaleur de septembre. Les [&hellip;]<\/p>\n","protected":false},"author":1,"featured_media":2263,"comment_status":"open","ping_status":"open","sticky":false,"template":"","format":"standard","meta":{"footnotes":""},"categories":[1],"tags":[],"class_list":["post-2262","post","type-post","status-publish","format-standard","has-post-thumbnail","hentry","category-non-classe"],"_links":{"self":[{"href":"https:\/\/www.rachida-dati.eu\/actualites\/wp-json\/wp\/v2\/posts\/2262","targetHints":{"allow":["GET"]}}],"collection":[{"href":"https:\/\/www.rachida-dati.eu\/actualites\/wp-json\/wp\/v2\/posts"}],"about":[{"href":"https:\/\/www.rachida-dati.eu\/actualites\/wp-json\/wp\/v2\/types\/post"}],"author":[{"embeddable":true,"href":"https:\/\/www.rachida-dati.eu\/actualites\/wp-json\/wp\/v2\/users\/1"}],"replies":[{"embeddable":true,"href":"https:\/\/www.rachida-dati.eu\/actualites\/wp-json\/wp\/v2\/comments?post=2262"}],"version-history":[{"count":1,"href":"https:\/\/www.rachida-dati.eu\/actualites\/wp-json\/wp\/v2\/posts\/2262\/revisions"}],"predecessor-version":[{"id":2264,"href":"https:\/\/www.rachida-dati.eu\/actualites\/wp-json\/wp\/v2\/posts\/2262\/revisions\/2264"}],"wp:featuredmedia":[{"embeddable":true,"href":"https:\/\/www.rachida-dati.eu\/actualites\/wp-json\/wp\/v2\/media\/2263"}],"wp:attachment":[{"href":"https:\/\/www.rachida-dati.eu\/actualites\/wp-json\/wp\/v2\/media?parent=2262"}],"wp:term":[{"taxonomy":"category","embeddable":true,"href":"https:\/\/www.rachida-dati.eu\/actualites\/wp-json\/wp\/v2\/categories?post=2262"},{"taxonomy":"post_tag","embeddable":true,"href":"https:\/\/www.rachida-dati.eu\/actualites\/wp-json\/wp\/v2\/tags?post=2262"}],"curies":[{"name":"wp","href":"https:\/\/api.w.org\/{rel}","templated":true}]}}