{"id":2265,"date":"2026-09-03T20:44:15","date_gmt":"2026-09-03T18:44:15","guid":{"rendered":"https:\/\/www.rachida-dati.eu\/actualites\/mutuelles-de-sante-en-france-retraites-face-a-des-factures-plus-elevees-en-2027\/"},"modified":"2026-09-03T20:44:16","modified_gmt":"2026-09-03T18:44:16","slug":"mutuelles-de-sante-en-france-retraites-face-a-des-factures-plus-elevees-en-2027","status":"publish","type":"post","link":"https:\/\/www.rachida-dati.eu\/actualites\/mutuelles-de-sante-en-france-retraites-face-a-des-factures-plus-elevees-en-2027\/","title":{"rendered":"Mutuelles de sant\u00e9 en France : retrait\u00e9s face \u00e0 des factures plus \u00e9lev\u00e9es en 2027"},"content":{"rendered":"<div data-element-guid=\"7f7332a5-aca0-4fee-9990-ec700b171346\">\n<p class=\"subtitle \" style=\"\">Les changements dans les remboursements de soins de sant\u00e9 entra\u00eenent une hausse des co\u00fbts<\/p>\n<\/p>\n<\/div>\n<div data-element-guid=\"ce6378e9-99fe-4aa3-91b1-0761b0446386\">\n<p><!-- placeholder(#1) --><\/p>\n<p>Les retrait\u00e9s, les travailleurs ind\u00e9pendants et d&rsquo;autres personnes qui paient eux-m\u00eames leur mutuelle sant\u00e9 compl\u00e9mentaire devraient \u00eatre parmi ceux qui seront les plus expos\u00e9s \u00e0 la hausse des co\u00fbts de soins de sant\u00e9 l&rsquo;ann\u00e9e prochaine.<\/p>\n<p>Quatre d\u00e9crets publi\u00e9s le 22 ao\u00fbt r\u00e9duiront la part des co\u00fbts pris en charge par l&rsquo;\u00c9tat pour les soins dentaires, certains m\u00e9dicaments, dispositifs m\u00e9dicaux et transports m\u00e9dicaux.<\/p>\n<p>La plupart des modifications de remboursement prendront effet le 1er janvier 2027, bien que les nouvelles r\u00e8gles d&rsquo;\u00e9ligibilit\u00e9 pour certains transports m\u00e9dicaux s&rsquo;appliqueront \u00e0 partir du 1er octobre 2026.<\/p>\n<p>Une mesure envisag\u00e9e visant \u00e0 doubler le plafond annuel sur certaines charges d\u00e9duites des remboursements des patients \u2014 connue sous le nom de <span class=\"italic m-italic \" data-lab-italic=\"italic\">franchises m\u00e9dicales<\/span> \u2014 a \u00e9t\u00e9 abandonn\u00e9e.<\/p>\n<p>\u00ab Les gens paieront davantage de leur poche et certains pourraient commencer \u00e0 g\u00e9rer leur sant\u00e9 eux-m\u00eames plut\u00f4t que de consulter un m\u00e9decin g\u00e9n\u00e9raliste \u00bb, a d\u00e9clar\u00e9 F\u00e9reuze Aziza, porte-parole de la sant\u00e9 pour France Assos Sant\u00e9, au journal <span class=\"italic m-italic \" data-lab-italic=\"italic\">The Connexion<\/span>.<\/p>\n<p>\u00ab Le gouvernement a choisi des \u00e9conomies \u00e0 court terme au d\u00e9triment de la sant\u00e9 \u00e0 long terme des populations. C\u2019est idiot. \u00bb<\/p>\n<h2>Quels changements pour les remboursements de soins\u00a0?<\/h2>\n<p>Les nouvelles mesures r\u00e9duiront la part de certains co\u00fbts de soins couverts par l\u2019assurance maladie de l\u2019\u00c9tat, laissant les assurances compl\u00e9mentaires et les patients assumer une part plus importante.<\/p>\n<p>Pour les soins dentaires, le d\u00e9cret fixe la part du patient entre 50% et 60%, ce qui signifie que le remboursement par l&rsquo;\u00c9tat pourrait passer de 60% actuellement \u00e0 40% au plus bas. Le taux pr\u00e9cis sera fix\u00e9 par l\u2019<span class=\"font-weight-bold m-font-weight-bold \">Uncam<\/span>, l\u2019union nationale de l\u2019assurance maladie en France.<\/p>\n<p>Le remboursement de certains dispositifs m\u00e9dicaux diminuera, avec des taux passant de 60% \u00e0 50%.<\/p>\n<p>Pour les transports m\u00e9dicaux, de nouvelles r\u00e8gles d&rsquo;\u00e9ligibilit\u00e9 pour certaines formes de transport s&rsquo;appliqueront \u00e0 partir du 1er octobre 2026. Le taux de remboursement passera alors de 55% \u00e0 50% \u00e0 partir du 1er janvier 2027.<\/p>\n<p>Certains m\u00e9dicaments auront \u00e9galement des <span class=\"font-weight-bold m-font-weight-bold \" data-lab-font_weight=\"font-weight-bold\">taux de remboursement plus faibles<\/span>.<\/p>\n<p>Le gouvernement affirme que le <span class=\"font-weight-bold m-font-weight-bold \" data-lab-font_weight=\"font-weight-bold\">paquet 100% Sant\u00e9 dentaire<\/span> restera enti\u00e8rement pris en charge, mais d&rsquo;autres traitements deviendront davantage d\u00e9pendants de l&rsquo;assurance compl\u00e9mentaire.<\/p>\n<p>La Mutualit\u00e9 Fran\u00e7aise estime que ces changements transf\u00e9reront entre 1,5 et 1,7 milliard d&rsquo;euros de co\u00fbts vers les assureurs compl\u00e9mentaires.<\/p>\n<p>La ministre de la Sant\u00e9, St\u00e9phanie Rist, a d\u00e9clar\u00e9 que des primes de mutuelle plus \u00e9lev\u00e9es ne sont pas automatiques et que le gouvernement n\u00e9gocie avec les assureurs pour limiter les hausses. Cependant, elle a reconnu qu&rsquo;elle ne pouvait pas imposer un gel des prix.<\/p>\n<p>\u00ab Un gel l\u00e9gal des primes a \u00e9t\u00e9 adopt\u00e9 pour 2026 mais les compagnies d&rsquo;assurance ont soutenu que c&rsquo;\u00e9tait inconstitutionnel et presque toutes ont augment\u00e9 leurs tarifs cette ann\u00e9e, g\u00e9n\u00e9ralement entre 3 et 10 %. Mme Aziza a dit que les assur\u00e9s ressentiraient l&rsquo;impact. \u00bb<\/p>\n<p>\u00ab Les suppl\u00e9ments sant\u00e9 deviendront plus chers en 2027 \u00bb, a-t-elle d\u00e9clar\u00e9, citant une estimation de l\u2019organisme UFC-Que Choisir d\u2019une augmentation suppl\u00e9mentaire de 4 \u00e0 8 % apr\u00e8s une hausse de 4,7 % en 2026.<\/p>\n<p>\u00ab Et les taux de remboursement r\u00e9duits ne sont que la partie \u00e9merg\u00e9e de l\u2019iceberg puisqu\u2019il existe de nombreux frais cach\u00e9s sur les traitements qui ne sont pas rembours\u00e9s par l\u2019\u00c9tat \u2014 et ceux-ci ne cessent de devenir plus co\u00fbteux. \u00bb<\/p>\n<h2>Les retrait\u00e9s et les d\u00e9tenteurs du S1 parmi les personnes concern\u00e9es<\/h2>\n<p>Les changements sont particuli\u00e8rement pertinents pour les retrait\u00e9s, les travailleurs ind\u00e9pendants et les r\u00e9sidents \u00e9trangers qui peuvent \u00eatre amen\u00e9s \u00e0 payer eux-m\u00eames leur mutuelle, plut\u00f4t que de b\u00e9n\u00e9ficier d&rsquo;une contribution de l&#8217;employeur.<\/p>\n<p>Les retrait\u00e9s \u00e9trangers titulaires d\u2019un formulaire S1 sont \u00e9galement expos\u00e9s.<\/p>\n<p>Le S1 leur donne acc\u00e8s au syst\u00e8me de sant\u00e9 \u00e9tatique fran\u00e7ais dans le cadre d\u2019accords r\u00e9ciproques, mais ne pr\u00e9voit pas d\u2019assurance compl\u00e9mentaire.<\/p>\n<p>Ceux qui souscrivent eux-m\u00eames une mutuelle peuvent donc faire face \u00e0 des primes plus \u00e9lev\u00e9es en 2027 si davantage de co\u00fbts sont transf\u00e9r\u00e9s vers les assureurs, tandis que les personnes sans mutuelle devront payer les co\u00fbts additionnels elles-m\u00eames.<\/p>\n<p>Cependant, ces changements ne s\u2019appliquent pas aux personnes couvertes par <span class=\"font-weight-bold m-font-weight-bold \" data-lab-font_weight=\"font-weight-bold\">Compl\u00e9mentaire sant\u00e9 solidaire<\/span> (CSS), l\u2019aide compl\u00e9mentaire sant\u00e9 subventionn\u00e9e par l\u2019\u00c9tat pour les personnes \u00e0 faibles revenus. Environ huit millions de personnes b\u00e9n\u00e9ficient de la CSS.<\/p>\n<p>Les personnes en \u00e9tablissement de soins et atteintes d\u2019une <span class=\"italic m-italic font-weight-bold m-font-weight-bold\" data-lab-font_weight=\"font-weight-bold\" data-lab-italic=\"italic\">affection de longue dur\u00e9e<\/span> (ALD) sont \u00e9galement prot\u00e9g\u00e9es contre le changement de remboursement dentaire pour les soins li\u00e9s \u00e0 leur \u00e9tat, qui continueront d\u2019\u00eatre pris en charge \u00e0 100% par l\u2019assurance maladie.<\/p>\n<p>\u00ab Les personnes \u00e2g\u00e9es paient d\u00e9j\u00e0 plus et seront donc davantage expos\u00e9es \u00e0 la hausse des co\u00fbts \u00bb, a d\u00e9clar\u00e9 Mme Aziza.<\/p>\n<p>\u00ab Et ces chiffres ne couvrent que les co\u00fbts de soins remboursables \u2013 il existe de nombreux autres co\u00fbts qui ne sont pas du tout rembours\u00e9s. \u00bb<\/p>\n<p>Elle a assur\u00e9 que le gouvernement aurait pu chercher d\u2019autres pistes d\u2019\u00e9conomies, notamment en r\u00e9duisant la surprescription et les tests inutiles.<\/p>\n<h2><span>Quel est le syst\u00e8me de mutuelle ? \u00a0<\/span><\/h2>\n<p>Pour rappel, une mutuelle est une assurance sant\u00e9 compl\u00e9mentaire qui rembourse une partie ou la totalit\u00e9 des frais de soins non couverts par le syst\u00e8me \u00e9tatique de la France, l\u2019Assurance Maladie.<\/p>\n<p>L\u2019\u00c9tat prend g\u00e9n\u00e9ralement en charge un pourcentage fix\u00e9 d\u2019un tarif m\u00e9dical approuv\u00e9, tandis que la mutuelle peut couvrir le reste du ticket mod\u00e9rateur, les frais hospitaliers, ainsi que certains frais dentaires, optiques ou auditifs.<\/p>\n<p>Le niveau de couverture d\u00e9pend de la police d\u2019assurance particuli\u00e8re, et de nombreux salari\u00e9s b\u00e9n\u00e9ficient d\u2019une mutuelle d\u2019entreprise en partie financ\u00e9e par leur employeur.<\/p>\n<h2>V\u00e9rifiez votre couverture de mutuelle<\/h2>\n<p>Le gouvernement affirme que les nouvelles mesures visent \u00e0 ma\u00eetriser les d\u00e9penses de sant\u00e9 et \u00e0 aider au financement des h\u00f4pitaux, de l\u2019acc\u00e8s aux soins et des nouveaux m\u00e9dicaments.<\/p>\n<p>Mme Aziza a exhort\u00e9 les gens \u00e0 revoir leur couverture de mutuelle.<\/p>\n<p>\u00ab Il est vital que les gens v\u00e9rifient qu&rsquo;ils ne paient pas trop \u00bb, a-t-elle d\u00e9clar\u00e9.<\/p>\n<p>Il peut \u00e9galement \u00eatre utile de v\u00e9rifier si votre police absorbera les co\u00fbts additionnels lorsque les changements de 2027 entreront en vigueur. Les contrats peuvent \u00eatre r\u00e9sili\u00e9s sans p\u00e9nalit\u00e9 apr\u00e8s la premi\u00e8re ann\u00e9e.<\/p>\n<\/div>\n<p><script >!function(f,b,e,v,n,t,s)\n{if(f.fbq)return;n=f.fbq=function(){n.callMethod?\nn.callMethod.apply(n,arguments):n.queue.push(arguments)};\nif(!f._fbq)f._fbq=n;n.push=n;n.loaded=!0;n.version='2.0';\nn.queue=[];t=b.createElement(e);t.async=!0;\nt.src=v;s=b.getElementsByTagName(e)[0];\ns.parentNode.insertBefore(t,s)}(window, document,'script',\n'https:\/\/connect.facebook.net\/en_US\/fbevents.js');\nfbq('init', '1199707312045186');\nfbq('track', 'PageView');<\/script><\/p>\n","protected":false},"excerpt":{"rendered":"<p>Les changements dans les remboursements de soins de sant\u00e9 entra\u00eenent une hausse des co\u00fbts Les retrait\u00e9s, les travailleurs ind\u00e9pendants et d&rsquo;autres personnes qui paient eux-m\u00eames leur mutuelle sant\u00e9 compl\u00e9mentaire devraient \u00eatre parmi ceux qui seront les plus expos\u00e9s \u00e0 la hausse des co\u00fbts de soins de sant\u00e9 l&rsquo;ann\u00e9e prochaine. Quatre d\u00e9crets publi\u00e9s le 22 ao\u00fbt [&hellip;]<\/p>\n","protected":false},"author":1,"featured_media":2126,"comment_status":"open","ping_status":"open","sticky":false,"template":"","format":"standard","meta":{"footnotes":""},"categories":[1],"tags":[],"class_list":["post-2265","post","type-post","status-publish","format-standard","has-post-thumbnail","hentry","category-non-classe"],"_links":{"self":[{"href":"https:\/\/www.rachida-dati.eu\/actualites\/wp-json\/wp\/v2\/posts\/2265","targetHints":{"allow":["GET"]}}],"collection":[{"href":"https:\/\/www.rachida-dati.eu\/actualites\/wp-json\/wp\/v2\/posts"}],"about":[{"href":"https:\/\/www.rachida-dati.eu\/actualites\/wp-json\/wp\/v2\/types\/post"}],"author":[{"embeddable":true,"href":"https:\/\/www.rachida-dati.eu\/actualites\/wp-json\/wp\/v2\/users\/1"}],"replies":[{"embeddable":true,"href":"https:\/\/www.rachida-dati.eu\/actualites\/wp-json\/wp\/v2\/comments?post=2265"}],"version-history":[{"count":1,"href":"https:\/\/www.rachida-dati.eu\/actualites\/wp-json\/wp\/v2\/posts\/2265\/revisions"}],"predecessor-version":[{"id":2266,"href":"https:\/\/www.rachida-dati.eu\/actualites\/wp-json\/wp\/v2\/posts\/2265\/revisions\/2266"}],"wp:featuredmedia":[{"embeddable":true,"href":"https:\/\/www.rachida-dati.eu\/actualites\/wp-json\/wp\/v2\/media\/2126"}],"wp:attachment":[{"href":"https:\/\/www.rachida-dati.eu\/actualites\/wp-json\/wp\/v2\/media?parent=2265"}],"wp:term":[{"taxonomy":"category","embeddable":true,"href":"https:\/\/www.rachida-dati.eu\/actualites\/wp-json\/wp\/v2\/categories?post=2265"},{"taxonomy":"post_tag","embeddable":true,"href":"https:\/\/www.rachida-dati.eu\/actualites\/wp-json\/wp\/v2\/tags?post=2265"}],"curies":[{"name":"wp","href":"https:\/\/api.w.org\/{rel}","templated":true}]}}