{"id":2267,"date":"2026-09-03T22:42:35","date_gmt":"2026-09-03T20:42:35","guid":{"rendered":"https:\/\/www.rachida-dati.eu\/actualites\/pyromane-du-sud-de-la-france-condamne-a-cinq-ans-de-prison-pour-les-incendies-a-perpignan\/"},"modified":"2026-09-03T22:42:36","modified_gmt":"2026-09-03T20:42:36","slug":"pyromane-du-sud-de-la-france-condamne-a-cinq-ans-de-prison-pour-les-incendies-a-perpignan","status":"publish","type":"post","link":"https:\/\/www.rachida-dati.eu\/actualites\/pyromane-du-sud-de-la-france-condamne-a-cinq-ans-de-prison-pour-les-incendies-a-perpignan\/","title":{"rendered":"Pyromane du Sud de la France condamn\u00e9 \u00e0 cinq ans de prison pour les incendies \u00e0 Perpignan"},"content":{"rendered":"<div data-element-guid=\"7f7332a5-aca0-4fee-9990-ec700b171346\">\n<p class=\"subtitle t21\" style=\"\">474 arrestations ont jusqu&rsquo;\u00e0 pr\u00e9sent \u00e9t\u00e9 effectu\u00e9es cet \u00e9t\u00e9 en lien avec les incendies de for\u00eat<\/p>\n<\/p>\n<\/div>\n<div data-element-guid=\"ce6378e9-99fe-4aa3-91b1-0761b0446386\">\n<p><!-- placeholder(#1) --><\/p>\n<p>Un homme du sud de la France a \u00e9t\u00e9 condamn\u00e9 \u00e0 cinq ans de prison pour avoir d\u00e9clench\u00e9 quatre incendies cet \u00e9t\u00e9.\u00a0<\/p>\n<p>\u00c2g\u00e9 de 51 ans, il a d\u00e9clench\u00e9 des incendies \u00e0 Am\u00e9lie-les-Bains (Pyr\u00e9n\u00e9es-Orientales) entre le 1er juillet et le 29 ao\u00fbt, ainsi que deux incendies pr\u00e8s de Perpignan le 28 ao\u00fbt.\u00a0<\/p>\n<p>Deux incendies se sont d\u00e9clar\u00e9s pr\u00e8s de la ville ce jour-l\u00e0. Le premier a br\u00fbl\u00e9 un hectare (10 000 m\u00b2) de terrain et a entra\u00een\u00e9 une r\u00e9duction de la circulation sur l&rsquo;A9 en direction de l&rsquo;Espagne et l&rsquo;utilisation d&rsquo;un h\u00e9licopt\u00e8re arrosant d&rsquo;eau. Le second incendie a br\u00fbl\u00e9 environ 2 000 m\u00b2 de v\u00e9g\u00e9tation sur les berges du fleuve T\u00eat avant d&rsquo;\u00eatre \u00e9teint.<\/p>\n<p>Au total, 70 sapeurs-pompiers ont \u00e9t\u00e9 mobilis\u00e9s pour lutter contre les deux incendies.\u00a0<\/p>\n<p>La peine de cinq ans est enti\u00e8rement compos\u00e9e de d\u00e9tention, sans aucune sursis.<\/p>\n<p>En plus de ce cas, les tribunaux des Pyr\u00e9n\u00e9es-Orientales ont \u00e9galement d\u00e9j\u00e0 condamn\u00e9 un homme de 41 ans \u00e0 deux ans de prison pour un incendie \u00e0 Calce le 7 juillet, et un homme de 36 ans \u00e0 une peine de 18 mois pour un incendie entre Saint-Est\u00e8ve et Baho le 17 juillet.\u00a0<\/p>\n<p>Dans tous les cas ci-dessus, les peines comportent une certaine part d&#8217;emprisonnement ferme, les peines n&rsquo;\u00e9tant suspendues que partiellement.<\/p>\n<p>Un autre proc\u00e8s d&rsquo;un suspect de 49 ans ayant d\u00e9clench\u00e9 un incendie pr\u00e8s de Rivesaltes le 9 juillet est \u00e9galement pr\u00e9vu dans les prochains jours. Cet incendie a d\u00e9truit environ 90 hectares et a entra\u00een\u00e9 la fermeture temporaire de l&rsquo;a\u00e9roport de Perpignan \u00e0 proximit\u00e9.<\/p>\n<h2>La France durcit la lutte contre les pyromanes\u00a0<\/h2>\n<p>Les autorit\u00e9s fran\u00e7aises ont cibl\u00e9 les pyromanes cette ann\u00e9e, arr\u00eatant des centaines de personnes en relation avec les incendies de for\u00eat et traitant rapidement les arrestations et les peines.<\/p>\n<p>Les chiffres les plus r\u00e9cents du minist\u00e8re de l&rsquo;Int\u00e9rieur, publi\u00e9s le 14 ao\u00fbt, indiquent que 474 arrestations ont \u00e9t\u00e9 effectu\u00e9es jusqu&rsquo;\u00e0 pr\u00e9sent cet \u00e9t\u00e9 en relation avec les incendies de for\u00eat, dont 183 mineurs.\u00a0<\/p>\n<p>Environ 90 % des incendies de for\u00eat en France sont caus\u00e9s par l&rsquo;activit\u00e9 humaine, et environ 31 % de tous les incendies auraient \u00e9t\u00e9 d\u00e9clench\u00e9s d\u00e9lib\u00e9r\u00e9ment.<\/p>\n<p>Dans certaines circonstances, la loi fran\u00e7aise permet \u00e9galement des poursuites p\u00e9nales contre ceux qui d\u00e9clenchent des incendies par accident, par exemple en laissant tomber des cigarettes encore allum\u00e9es sur le sol.<\/p>\n<p>La saison estivale des incendies de for\u00eat en France se poursuit, et le service m\u00e9t\u00e9orologique national M\u00e9t\u00e9o-France met \u00e0 jour sa <span class=\"font-weight-bold m-font-weight-bold \" data-lab-font_weight=\"font-weight-bold\">carte du risque d&rsquo;incendie<\/span> jusqu&rsquo;au 30 septembre.\u00a0<\/p>\n<p>Une nouvelle vague de chaleur cette semaine pourrait augmenter le risque de retour des incendies, en particulier dans le sud-ouest o\u00f9 des temp\u00e9ratures pouvant atteindre 40 \u00b0C sont possibles.\u00a0<\/p>\n<p>Quoi qu&rsquo;il en soit, cet \u00e9t\u00e9 a d\u00e9j\u00e0 \u00e9t\u00e9 le plus d\u00e9vastateur pour la France en termes d&rsquo;incendies, avec plus de 90 000 hectares br\u00fbl\u00e9s et quatre pompiers tu\u00e9s.<\/p>\n<p>Ce d\u00e9compte comprend pr\u00e8s de 40 000 hectares rien que dans la Gironde, le site d&rsquo;un m\u00e9gafeu en juillet.\u00a0<\/p>\n<p>Une <span class=\"font-weight-bold m-font-weight-bold \" data-lab-font_weight=\"font-weight-bold\">carte interactive<\/span> montrant tous les incendies majeurs de cette ann\u00e9e est disponible via le diffuseur public France Info.\u00a0<\/p>\n<\/div>\n<p><script >!function(f,b,e,v,n,t,s)\n{if(f.fbq)return;n=f.fbq=function(){n.callMethod?\nn.callMethod.apply(n,arguments):n.queue.push(arguments)};\nif(!f._fbq)f._fbq=n;n.push=n;n.loaded=!0;n.version='2.0';\nn.queue=[];t=b.createElement(e);t.async=!0;\nt.src=v;s=b.getElementsByTagName(e)[0];\ns.parentNode.insertBefore(t,s)}(window, document,'script',\n'https:\/\/connect.facebook.net\/en_US\/fbevents.js');\nfbq('init', '1199707312045186');\nfbq('track', 'PageView');<\/script><\/p>\n","protected":false},"excerpt":{"rendered":"<p>474 arrestations ont jusqu&rsquo;\u00e0 pr\u00e9sent \u00e9t\u00e9 effectu\u00e9es cet \u00e9t\u00e9 en lien avec les incendies de for\u00eat Un homme du sud de la France a \u00e9t\u00e9 condamn\u00e9 \u00e0 cinq ans de prison pour avoir d\u00e9clench\u00e9 quatre incendies cet \u00e9t\u00e9.\u00a0 \u00c2g\u00e9 de 51 ans, il a d\u00e9clench\u00e9 des incendies \u00e0 Am\u00e9lie-les-Bains (Pyr\u00e9n\u00e9es-Orientales) entre le 1er juillet et [&hellip;]<\/p>\n","protected":false},"author":1,"featured_media":1889,"comment_status":"open","ping_status":"open","sticky":false,"template":"","format":"standard","meta":{"footnotes":""},"categories":[1],"tags":[],"class_list":["post-2267","post","type-post","status-publish","format-standard","has-post-thumbnail","hentry","category-non-classe"],"_links":{"self":[{"href":"https:\/\/www.rachida-dati.eu\/actualites\/wp-json\/wp\/v2\/posts\/2267","targetHints":{"allow":["GET"]}}],"collection":[{"href":"https:\/\/www.rachida-dati.eu\/actualites\/wp-json\/wp\/v2\/posts"}],"about":[{"href":"https:\/\/www.rachida-dati.eu\/actualites\/wp-json\/wp\/v2\/types\/post"}],"author":[{"embeddable":true,"href":"https:\/\/www.rachida-dati.eu\/actualites\/wp-json\/wp\/v2\/users\/1"}],"replies":[{"embeddable":true,"href":"https:\/\/www.rachida-dati.eu\/actualites\/wp-json\/wp\/v2\/comments?post=2267"}],"version-history":[{"count":1,"href":"https:\/\/www.rachida-dati.eu\/actualites\/wp-json\/wp\/v2\/posts\/2267\/revisions"}],"predecessor-version":[{"id":2268,"href":"https:\/\/www.rachida-dati.eu\/actualites\/wp-json\/wp\/v2\/posts\/2267\/revisions\/2268"}],"wp:featuredmedia":[{"embeddable":true,"href":"https:\/\/www.rachida-dati.eu\/actualites\/wp-json\/wp\/v2\/media\/1889"}],"wp:attachment":[{"href":"https:\/\/www.rachida-dati.eu\/actualites\/wp-json\/wp\/v2\/media?parent=2267"}],"wp:term":[{"taxonomy":"category","embeddable":true,"href":"https:\/\/www.rachida-dati.eu\/actualites\/wp-json\/wp\/v2\/categories?post=2267"},{"taxonomy":"post_tag","embeddable":true,"href":"https:\/\/www.rachida-dati.eu\/actualites\/wp-json\/wp\/v2\/tags?post=2267"}],"curies":[{"name":"wp","href":"https:\/\/api.w.org\/{rel}","templated":true}]}}