{"id":2278,"date":"2026-09-04T09:43:00","date_gmt":"2026-09-04T07:43:00","guid":{"rendered":"https:\/\/www.rachida-dati.eu\/actualites\/alerte-canicule-en-france-cinq-departements-du-sud-en-vigilance-orange-2\/"},"modified":"2026-09-04T09:43:01","modified_gmt":"2026-09-04T07:43:01","slug":"alerte-canicule-en-france-cinq-departements-du-sud-en-vigilance-orange-2","status":"publish","type":"post","link":"https:\/\/www.rachida-dati.eu\/actualites\/alerte-canicule-en-france-cinq-departements-du-sud-en-vigilance-orange-2\/","title":{"rendered":"Alerte canicule en France : cinq d\u00e9partements du sud en vigilance orange"},"content":{"rendered":"<div id=\"main\">\n<div data-element-guid=\"7f7332a5-aca0-4fee-9990-ec700b171346\" class=\"articleHeader column hasCaption\">\n<p class=\"subtitle \" style=\"\">Aude, H\u00e9rault, Gard, Ard\u00e8che, and Dr\u00f4me will be placed on heightened alert from midday<\/p>\n<\/p>\n<\/div>\n<div data-element-guid=\"ce6378e9-99fe-4aa3-91b1-0761b0446386\" class=\"bodytext large-12 small-12 medium-12\">\n<p><!-- placeholder(#1) --><\/p>\n<p>Des alertes canicule de niveau accru seront d\u00e9clench\u00e9es dans cinq d\u00e9partements du sud de la France \u00e0 partir de midi, le 4 septembre, alors que les temp\u00e9ratures continuent d\u2019augmenter dans le cadre d\u2019une vague de chaleur en septembre.<\/p>\n<p>Les alertes canicule de niveau trois, orange, entreront en vigueur dans l\u2019Aude, l\u2019H\u00e9rault, le Gard, l\u2019Ard\u00e8che et la Dr\u00f4me.<\/p>\n<p>Les avertissements dureront au moins jusqu\u2019au samedi matin et possiblement tout le week-end.<\/p>\n<p>Les temp\u00e9ratures dans les d\u00e9partements pourraient d\u00e9passer largement les 35 \u00b0C et atteindre potentiellement 38 \u00b0C vendredi.<\/p>\n<p>Par ailleurs, des alertes jaunes de niveau deux seront \u00e9galement d\u00e9clench\u00e9es dans plusieurs d\u00e9partements du sud-ouest, car de nombreuses pr\u00e9visions annoncent des maxima autour de 35 \u00b0C.<\/p>\n<p>Il est possible que des alertes accrues soient mises en place dans ces d\u00e9partements vendredi matin &#8211; soit imm\u00e9diatement, soit au cours de la journ\u00e9e &#8211; en fonction des conditions et des pr\u00e9visions matinales.<\/p>\n<p>C\u2019est seulement la deuxi\u00e8me fois que des alertes canicule de niveau trois sont mises en \u0153uvre en France au mois de septembre, apr\u00e8s une p\u00e9riode de chaleur intense en septembre 2023.<\/p>\n<p>La mise en \u0153uvre des alertes canicule de niveau trois pourrait voir <span class=\"font-weight-black m-font-weight-black \" data-lab-font_weight=\"font-weight-black\">les d\u00e9partements adopter des plans canicule<\/span>.<\/p>\n<p>Les autorit\u00e9s contacteront \u00e9galement les <span class=\"font-weight-black m-font-weight-black \" data-lab-font_weight=\"font-weight-black\">personnes vuln\u00e9rables inscrites sur les registres canicule<\/span>.<\/p>\n<\/div><\/div>\n<p><script >!function(f,b,e,v,n,t,s)\n{if(f.fbq)return;n=f.fbq=function(){n.callMethod?\nn.callMethod.apply(n,arguments):n.queue.push(arguments)};\nif(!f._fbq)f._fbq=n;n.push=n;n.loaded=!0;n.version='2.0';\nn.queue=[];t=b.createElement(e);t.async=!0;\nt.src=v;s=b.getElementsByTagName(e)[0];\ns.parentNode.insertBefore(t,s)}(window, document,'script',\n'https:\/\/connect.facebook.net\/en_US\/fbevents.js');\nfbq('init', '1199707312045186');\nfbq('track', 'PageView');<\/script><\/p>\n","protected":false},"excerpt":{"rendered":"<p>Aude, H\u00e9rault, Gard, Ard\u00e8che, and Dr\u00f4me will be placed on heightened alert from midday Des alertes canicule de niveau accru seront d\u00e9clench\u00e9es dans cinq d\u00e9partements du sud de la France \u00e0 partir de midi, le 4 septembre, alors que les temp\u00e9ratures continuent d\u2019augmenter dans le cadre d\u2019une vague de chaleur en septembre. Les alertes canicule [&hellip;]<\/p>\n","protected":false},"author":1,"featured_media":2263,"comment_status":"open","ping_status":"open","sticky":false,"template":"","format":"standard","meta":{"footnotes":""},"categories":[1],"tags":[],"class_list":["post-2278","post","type-post","status-publish","format-standard","has-post-thumbnail","hentry","category-non-classe"],"_links":{"self":[{"href":"https:\/\/www.rachida-dati.eu\/actualites\/wp-json\/wp\/v2\/posts\/2278","targetHints":{"allow":["GET"]}}],"collection":[{"href":"https:\/\/www.rachida-dati.eu\/actualites\/wp-json\/wp\/v2\/posts"}],"about":[{"href":"https:\/\/www.rachida-dati.eu\/actualites\/wp-json\/wp\/v2\/types\/post"}],"author":[{"embeddable":true,"href":"https:\/\/www.rachida-dati.eu\/actualites\/wp-json\/wp\/v2\/users\/1"}],"replies":[{"embeddable":true,"href":"https:\/\/www.rachida-dati.eu\/actualites\/wp-json\/wp\/v2\/comments?post=2278"}],"version-history":[{"count":1,"href":"https:\/\/www.rachida-dati.eu\/actualites\/wp-json\/wp\/v2\/posts\/2278\/revisions"}],"predecessor-version":[{"id":2279,"href":"https:\/\/www.rachida-dati.eu\/actualites\/wp-json\/wp\/v2\/posts\/2278\/revisions\/2279"}],"wp:featuredmedia":[{"embeddable":true,"href":"https:\/\/www.rachida-dati.eu\/actualites\/wp-json\/wp\/v2\/media\/2263"}],"wp:attachment":[{"href":"https:\/\/www.rachida-dati.eu\/actualites\/wp-json\/wp\/v2\/media?parent=2278"}],"wp:term":[{"taxonomy":"category","embeddable":true,"href":"https:\/\/www.rachida-dati.eu\/actualites\/wp-json\/wp\/v2\/categories?post=2278"},{"taxonomy":"post_tag","embeddable":true,"href":"https:\/\/www.rachida-dati.eu\/actualites\/wp-json\/wp\/v2\/tags?post=2278"}],"curies":[{"name":"wp","href":"https:\/\/api.w.org\/{rel}","templated":true}]}}