{"id":2280,"date":"2026-09-04T11:43:00","date_gmt":"2026-09-04T09:43:00","guid":{"rendered":"https:\/\/www.rachida-dati.eu\/actualites\/alerte-canicule-en-france-39c-attendu-dans-cinq-departements-du-sud\/"},"modified":"2026-09-04T11:43:02","modified_gmt":"2026-09-04T09:43:02","slug":"alerte-canicule-en-france-39c-attendu-dans-cinq-departements-du-sud","status":"publish","type":"post","link":"https:\/\/www.rachida-dati.eu\/actualites\/alerte-canicule-en-france-39c-attendu-dans-cinq-departements-du-sud\/","title":{"rendered":"Alerte canicule en France : 39\u00b0C attendu dans cinq d\u00e9partements du Sud"},"content":{"rendered":"<div data-element-guid=\"7f7332a5-aca0-4fee-9990-ec700b171346\">\n<p class=\"subtitle \" style=\"\">Cinq d\u00e9partements en alerte orange; c&rsquo;est seulement la deuxi\u00e8me fois que la France \u00e9met ce niveau d&rsquo;alerte canicule en septembre<\/p>\n<\/div>\n<div data-element-guid=\"ce6378e9-99fe-4aa3-91b1-0761b0446386\">\n<p><!-- placeholder(#1) --><\/p>\n<p>Des alertes canicule ont une fois de plus \u00e9t\u00e9 d\u00e9clench\u00e9es dans certaines parties du sud de la France, avec cinq d\u00e9partements passant \u00e0 l&rsquo;alerte orange \u00e0 partir de midi, vendredi 4 septembre, et les temp\u00e9ratures devraient grimper jusqu&rsquo;\u00e0 39 \u00b0C.<\/p>\n<p>Les d\u00e9partements de l&rsquo;Ard\u00e8che, de l&rsquo;Aude, de la Dr\u00f4me, du Gard et de l&rsquo;H\u00e9rault seront plac\u00e9s en alerte orange canicule \u00e0 partir de 12 h, selon <span class=\"italic m-italic \" data-lab-italic=\"italic\">M\u00e9t\u00e9o France<\/span>.<\/p>\n<p>Dix d\u00e9partements suppl\u00e9mentaires sont en alerte jaune canicule: le Rh\u00f4ne, l\u2019Is\u00e8re, le Vaucluse, l\u2019Ari\u00e8ge, la Haute-Garonne, le Gers, les Hautes-Pyr\u00e9n\u00e9es, les Landes, les Pyr\u00e9n\u00e9es-Atlantiques et les Pyr\u00e9n\u00e9es-Orientales.<\/p>\n<p>Le reste de la France m\u00e9tropolitaine est au niveau vert, ce qui signifie qu\u2019aucune vigilance m\u00e9t\u00e9orologique particuli\u00e8re n\u2019est en vigueur.<\/p>\n<p>Le syst\u00e8me d\u2019alerte m\u00e9t\u00e9orologique \u00e0 quatre niveaux va du vert, signifiant qu\u2019aucune vigilance particuli\u00e8re n\u2019est requise, au jaune (restez en alerte), \u00e0 l\u2019orange (restez tr\u00e8s vigilant) et au rouge (vigilance absolue).<\/p>\n<h3>Les temp\u00e9ratures devraient atteindre 39 \u00b0C<\/h3>\n<p>Les temp\u00e9ratures devraient augmenter dans le sud vendredi, avec des maxima de 32 \u00b0C \u00e0 37 \u00b0C dans la majeure partie de la moiti\u00e9 sud de la France et localement 38 \u00b0C \u00e0 39 \u00b0C dans le Languedoc-Roussillon, autour de Toulouse et entre le Gard et l\u2019Ard\u00e8che.<\/p>\n<p>Bien que Bordeaux et Toulouse pourraient atteindre 37 \u00b0C, des maxima de 35 \u00b0C \u00e0 Lyon et \u00e0 Perpignan et 34 \u00b0C \u00e0 Clermont-Ferrand, Limoges et Dijon. Marseille devrait atteindre 30 \u00b0C et Nice 29 \u00b0C.<\/p>\n<p>En revanche, les temp\u00e9ratures resteront nettement plus basses dans le nord-ouest, avec des maxima d\u2019environ 22 \u00b0C pr\u00e8s du littoral de la Manche, passant \u00e0 24 \u00b0C \u00e0 Lille et 29 \u00b0C \u00e0 Paris.<\/p>\n<p><span class=\"italic m-italic \" data-lab-italic=\"italic\">M\u00e9t\u00e9o-France<\/span> a d\u00e9clar\u00e9 que les records mensuels de chaleur devraient probablement \u00eatre battus dans certaines zones, la chaleur devant persister jusqu\u2019au moins dimanche, et les nuits restant chaudes.<\/p>\n<p>Ce n\u2019est que la deuxi\u00e8me fois que la France applique ce niveau d\u2019alerte canicule en septembre, apr\u00e8s une p\u00e9riode de chaleur intense en septembre 2023.<\/p>\n<h3>Et\u00e9 le plus chaud jamais enregistr\u00e9<\/h3>\n<p>C cela survient aussi apr\u00e8s que <span class=\"italic m-italic \" data-lab-italic=\"italic\">M\u00e9t\u00e9o-France<\/span> a confirm\u00e9 ce que la plupart des habitants du pays soup\u00e7onnaient d\u00e9j\u00e0: que l\u2019\u00e9t\u00e9 2026 a \u00e9t\u00e9 le plus chaud depuis le d\u00e9but des relev\u00e9s en 1900.<\/p>\n<p>Le pr\u00e9visionniste d&rsquo;\u00c9tat a d\u00e9clar\u00e9 que la temp\u00e9rature moyenne de juin, juillet et ao\u00fbt avait atteint 24 \u00b0C, soit presque 1 \u00b0C au-dessus du record pr\u00e9c\u00e9dent \u00e9tabli en 2003.<\/p>\n<p>\u00ab\u00a0Battre le record de presque 1 \u00b0C en une seule saison est \u00e9norme,\u00a0\u00bb a d\u00e9clar\u00e9 la climatologue Fran\u00e7oise Vimeux au <span class=\"italic m-italic \" data-lab-italic=\"italic\">Le Monde<\/span>. \u00ab\u00a0Normalement, les records sont battus par des dixi\u00e8mes de degr\u00e9.\u00a0\u00bb<\/p>\n<h3>Les plans canicule peuvent \u00eatre activ\u00e9s<\/h3>\n<p>Lorsque la chaleur s\u00e9v\u00e8re touche un d\u00e9partement, les autorit\u00e9s locales peuvent activer leurs plans canicule.<\/p>\n<p>Ces mesures visent \u00e0 offrir une protection suppl\u00e9mentaire aux personnes consid\u00e9r\u00e9es comme vuln\u00e9rables aux temp\u00e9ratures extr\u00eames.<\/p>\n<p>Elles peuvent inclure une implication accrue des services de sant\u00e9 et d\u2019aide sociale, l\u2019ouverture de refuges et le suivi des r\u00e9sidents vuln\u00e9rables.<\/p>\n<p>Elles peuvent \u00e9galement contacter les personnes inscrites sur les registres canicule.<\/p>\n<\/div>\n<p><script >!function(f,b,e,v,n,t,s)\n{if(f.fbq)return;n=f.fbq=function(){n.callMethod?\nn.callMethod.apply(n,arguments):n.queue.push(arguments)};\nif(!f._fbq)f._fbq=n;n.push=n;n.loaded=!0;n.version='2.0';\nn.queue=[];t=b.createElement(e);t.async=!0;\nt.src=v;s=b.getElementsByTagName(e)[0];\ns.parentNode.insertBefore(t,s)}(window, document,'script',\n'https:\/\/connect.facebook.net\/en_US\/fbevents.js');\nfbq('init', '1199707312045186');\nfbq('track', 'PageView');<\/script><\/p>\n","protected":false},"excerpt":{"rendered":"<p>Cinq d\u00e9partements en alerte orange; c&rsquo;est seulement la deuxi\u00e8me fois que la France \u00e9met ce niveau d&rsquo;alerte canicule en septembre Des alertes canicule ont une fois de plus \u00e9t\u00e9 d\u00e9clench\u00e9es dans certaines parties du sud de la France, avec cinq d\u00e9partements passant \u00e0 l&rsquo;alerte orange \u00e0 partir de midi, vendredi 4 septembre, et les temp\u00e9ratures [&hellip;]<\/p>\n","protected":false},"author":1,"featured_media":2281,"comment_status":"open","ping_status":"open","sticky":false,"template":"","format":"standard","meta":{"footnotes":""},"categories":[1],"tags":[],"class_list":["post-2280","post","type-post","status-publish","format-standard","has-post-thumbnail","hentry","category-non-classe"],"_links":{"self":[{"href":"https:\/\/www.rachida-dati.eu\/actualites\/wp-json\/wp\/v2\/posts\/2280","targetHints":{"allow":["GET"]}}],"collection":[{"href":"https:\/\/www.rachida-dati.eu\/actualites\/wp-json\/wp\/v2\/posts"}],"about":[{"href":"https:\/\/www.rachida-dati.eu\/actualites\/wp-json\/wp\/v2\/types\/post"}],"author":[{"embeddable":true,"href":"https:\/\/www.rachida-dati.eu\/actualites\/wp-json\/wp\/v2\/users\/1"}],"replies":[{"embeddable":true,"href":"https:\/\/www.rachida-dati.eu\/actualites\/wp-json\/wp\/v2\/comments?post=2280"}],"version-history":[{"count":1,"href":"https:\/\/www.rachida-dati.eu\/actualites\/wp-json\/wp\/v2\/posts\/2280\/revisions"}],"predecessor-version":[{"id":2282,"href":"https:\/\/www.rachida-dati.eu\/actualites\/wp-json\/wp\/v2\/posts\/2280\/revisions\/2282"}],"wp:featuredmedia":[{"embeddable":true,"href":"https:\/\/www.rachida-dati.eu\/actualites\/wp-json\/wp\/v2\/media\/2281"}],"wp:attachment":[{"href":"https:\/\/www.rachida-dati.eu\/actualites\/wp-json\/wp\/v2\/media?parent=2280"}],"wp:term":[{"taxonomy":"category","embeddable":true,"href":"https:\/\/www.rachida-dati.eu\/actualites\/wp-json\/wp\/v2\/categories?post=2280"},{"taxonomy":"post_tag","embeddable":true,"href":"https:\/\/www.rachida-dati.eu\/actualites\/wp-json\/wp\/v2\/tags?post=2280"}],"curies":[{"name":"wp","href":"https:\/\/api.w.org\/{rel}","templated":true}]}}