{"id":2283,"date":"2026-09-04T13:42:45","date_gmt":"2026-09-04T11:42:45","guid":{"rendered":"https:\/\/www.rachida-dati.eu\/actualites\/vols-directs-nice-vers-new-york-jfk-american-airlines-des-2027\/"},"modified":"2026-09-04T13:42:47","modified_gmt":"2026-09-04T11:42:47","slug":"vols-directs-nice-vers-new-york-jfk-american-airlines-des-2027","status":"publish","type":"post","link":"https:\/\/www.rachida-dati.eu\/actualites\/vols-directs-nice-vers-new-york-jfk-american-airlines-des-2027\/","title":{"rendered":"Vols directs Nice vers New York JFK : American Airlines d\u00e8s 2027"},"content":{"rendered":"<div data-element-guid=\"7f7332a5-aca0-4fee-9990-ec700b171346\">\n<p class=\"subtitle \" style=\"\">American Airlines assurera le service quotidien \u00e0 partir de mai 2027<\/p>\n<\/div>\n<div data-element-guid=\"ce6378e9-99fe-4aa3-91b1-0761b0446386\">\n<p><!-- placeholder(#1) --><\/p>\n<p>Les voyageurs allant vers les \u00c9tats\u2011Unis et en revenant b\u00e9n\u00e9ficieront d\u2019un nouveau lien avec la France, l\u2019a\u00e9roport Nice-C\u00f4te d\u2019Azur s\u2019appr\u00eatant \u00e0 ajouter un nouveau service direct quotidien vers New York JFK.<\/p>\n<p>La nouvelle liaison est pr\u00e9vue pour d\u00e9buter le 6 mai 2027 et sera assur\u00e9e par American Airlines.<\/p>\n<p>Cette liaison compl\u00e8te une autre liaison directe d\u00e9j\u00e0 en service entre Nice et Philadelphie.<\/p>\n<p>Le nouveau service est pr\u00e9vu comme une liaison saisonni\u00e8re estivale, bien qu\u2019American Airlines n\u2019ait pas encore annonc\u00e9 de date de fin pour l\u2019exploitation saisonni\u00e8re.<\/p>\n<p>Le nouveau vol portera le nombre de vols long-courriers au d\u00e9part de Nice vers l\u2019Am\u00e9rique du Nord \u00e0 10, dont quatre liaisons directes vers New York.<\/p>\n<p>\u00ab Le lancement de cette nouvelle liaison entre Nice et New York (JFK) par American Airlines est non seulement un signe de l\u2019attrait croissant du march\u00e9 nord-am\u00e9ricain pour la C\u00f4te d\u2019Azur, mais aussi de la confiance renouvel\u00e9e de la compagnie, qui exploite d\u00e9j\u00e0 une liaison entre Nice et Philadelphie depuis 2024 \u00bb, a d\u00e9clar\u00e9 Franck Goldnadel, pr\u00e9sident du conseil d\u2019administration des A\u00e9roports de la C\u00f4te d\u2019Azur, dans un communiqu\u00e9 de presse.<\/p>\n<p>\u00ab Plus que jamais, notre mission est de relier directement et durablement notre r\u00e9gion aux grandes capitales du monde \u00bb, a-t-il ajout\u00e9.<\/p>\n<p>Le nouveau service vers New York disposera de 155 si\u00e8ges et sera assur\u00e9 par un Airbus A321XLR. American Airlines a introduit cet appareil dans sa flotte \u00e0 l\u2019\u00e9t\u00e9 2026 et est la premi\u00e8re compagnie a\u00e9rienne am\u00e9ricaine \u00e0 exploiter ce mod\u00e8le.<\/p>\n<p>\u00ab Depuis le lancement de notre premier service vers Nice en 2024, les retours des clients ont \u00e9t\u00e9 extr\u00eamement positifs. En ajoutant un second vol vers la C\u00f4te d\u2019Azur, nous offrons encore plus d\u2019opportunit\u00e9s pour ces escapades estivales tant attendues \u00bb, a d\u00e9clar\u00e9 Jos\u00e9 A. Freig, vice\u2011pr\u00e9sident des op\u00e9rations internationales et des partenariats commerciaux d\u2019American Airlines.<\/p>\n<p>L\u2019A321XLR utilis\u00e9 sur cette liaison comprendra 20 si\u00e8ges en suites phares, 12 si\u00e8ges en \u00e9conomie premium et 123 si\u00e8ges en cabine principale.<\/p>\n<p>Les passagers auront \u00e9galement acc\u00e8s au Wi\u2011Fi \u00e0 haut d\u00e9bit et \u00e0 un divertissement \u00e0 bord gratuit, y compris une connectivit\u00e9 Bluetooth.<\/p>\n<p>Ce nouveau service s\u2019inscrit dans une dynamique de croissance continue du nombre de vols directs entre la France et les \u00c9tats\u2011Unis. <span class=\"font-weight-black m-font-weight-black\" data-lab-font_weight=\"font-weight-black\">United Airlines a \u00e9galement annonc\u00e9 de nouvelles liaisons<\/span> de Washington \u00e0 Toulouse, de New York\/Newark \u00e0 Marseille et de Denver \u00e0 Paris pour 2027, tandis que <span class=\"font-weight-black m-font-weight-black\" data-lab-font_weight=\"font-weight-black\">Delta Air Lines lance un service direct entre Austin et Paris<\/span>.<\/p>\n<\/div>\n<p><script >!function(f,b,e,v,n,t,s)\n{if(f.fbq)return;n=f.fbq=function(){n.callMethod?\nn.callMethod.apply(n,arguments):n.queue.push(arguments)};\nif(!f._fbq)f._fbq=n;n.push=n;n.loaded=!0;n.version='2.0';\nn.queue=[];t=b.createElement(e);t.async=!0;\nt.src=v;s=b.getElementsByTagName(e)[0];\ns.parentNode.insertBefore(t,s)}(window, document,'script',\n'https:\/\/connect.facebook.net\/en_US\/fbevents.js');\nfbq('init', '1199707312045186');\nfbq('track', 'PageView');<\/script><\/p>\n","protected":false},"excerpt":{"rendered":"<p>American Airlines assurera le service quotidien \u00e0 partir de mai 2027 Les voyageurs allant vers les \u00c9tats\u2011Unis et en revenant b\u00e9n\u00e9ficieront d\u2019un nouveau lien avec la France, l\u2019a\u00e9roport Nice-C\u00f4te d\u2019Azur s\u2019appr\u00eatant \u00e0 ajouter un nouveau service direct quotidien vers New York JFK. La nouvelle liaison est pr\u00e9vue pour d\u00e9buter le 6 mai 2027 et sera [&hellip;]<\/p>\n","protected":false},"author":1,"featured_media":2138,"comment_status":"open","ping_status":"open","sticky":false,"template":"","format":"standard","meta":{"footnotes":""},"categories":[1],"tags":[],"class_list":["post-2283","post","type-post","status-publish","format-standard","has-post-thumbnail","hentry","category-non-classe"],"_links":{"self":[{"href":"https:\/\/www.rachida-dati.eu\/actualites\/wp-json\/wp\/v2\/posts\/2283","targetHints":{"allow":["GET"]}}],"collection":[{"href":"https:\/\/www.rachida-dati.eu\/actualites\/wp-json\/wp\/v2\/posts"}],"about":[{"href":"https:\/\/www.rachida-dati.eu\/actualites\/wp-json\/wp\/v2\/types\/post"}],"author":[{"embeddable":true,"href":"https:\/\/www.rachida-dati.eu\/actualites\/wp-json\/wp\/v2\/users\/1"}],"replies":[{"embeddable":true,"href":"https:\/\/www.rachida-dati.eu\/actualites\/wp-json\/wp\/v2\/comments?post=2283"}],"version-history":[{"count":1,"href":"https:\/\/www.rachida-dati.eu\/actualites\/wp-json\/wp\/v2\/posts\/2283\/revisions"}],"predecessor-version":[{"id":2284,"href":"https:\/\/www.rachida-dati.eu\/actualites\/wp-json\/wp\/v2\/posts\/2283\/revisions\/2284"}],"wp:featuredmedia":[{"embeddable":true,"href":"https:\/\/www.rachida-dati.eu\/actualites\/wp-json\/wp\/v2\/media\/2138"}],"wp:attachment":[{"href":"https:\/\/www.rachida-dati.eu\/actualites\/wp-json\/wp\/v2\/media?parent=2283"}],"wp:term":[{"taxonomy":"category","embeddable":true,"href":"https:\/\/www.rachida-dati.eu\/actualites\/wp-json\/wp\/v2\/categories?post=2283"},{"taxonomy":"post_tag","embeddable":true,"href":"https:\/\/www.rachida-dati.eu\/actualites\/wp-json\/wp\/v2\/tags?post=2283"}],"curies":[{"name":"wp","href":"https:\/\/api.w.org\/{rel}","templated":true}]}}