{"id":2291,"date":"2026-09-04T18:43:26","date_gmt":"2026-09-04T16:43:26","guid":{"rendered":"https:\/\/www.rachida-dati.eu\/actualites\/les-pilotes-deasyjet-en-france-appellent-a-la-greve-les-13-et-14-septembre-2026\/"},"modified":"2026-09-04T18:43:28","modified_gmt":"2026-09-04T16:43:28","slug":"les-pilotes-deasyjet-en-france-appellent-a-la-greve-les-13-et-14-septembre-2026","status":"publish","type":"post","link":"https:\/\/www.rachida-dati.eu\/actualites\/les-pilotes-deasyjet-en-france-appellent-a-la-greve-les-13-et-14-septembre-2026\/","title":{"rendered":"Les pilotes d&rsquo;EasyJet en France appellent \u00e0 la gr\u00e8ve les 13 et 14 septembre 2026"},"content":{"rendered":"<div data-element-guid=\"7f7332a5-aca0-4fee-9990-ec700b171346\">\n<p data-tag=\"news\" style=\"\" class=\" lab-article-section lab-article-section-top \">\n                    Actualit\u00e9s\n                <\/p>\n<p class=\"subtitle \" style=\"\">L&rsquo;annonce fait suite \u00e0 la gr\u00e8ve du personnel de cabine du mois dernier, qui a entra\u00een\u00e9 pr\u00e8s de cent annulations de vols<\/p>\n<\/p>\n<\/div>\n<div data-element-guid=\"ce6378e9-99fe-4aa3-91b1-0761b0446386\">\n<p><!-- placeholder(#1) --><\/p>\n<p>Des pilotes travaillant pour easyJet en France ont \u00e9t\u00e9 appel\u00e9s \u00e0 faire gr\u00e8ve les 13 et 14 septembre, quelques semaines seulement apr\u00e8s que le personnel de cabine a trouv\u00e9 un accord avec la compagnie \u00e0 la suite de sa propre gr\u00e8ve en ao\u00fbt.<\/p>\n<p>\u00ab \u00c7a suffit ! \u00bb, le <span class=\"italic m-italic \" data-lab-italic=\"italic\">Syndicat National des Pilotes de Ligne<\/span> (SNPL) a d\u00e9clar\u00e9 le 4 septembre, arguant avoir tent\u00e9 pendant quatre mois de n\u00e9gocier des mesures concr\u00e8tes visant \u00e0 am\u00e9liorer la stabilit\u00e9 des plannings.<\/p>\n<p>La dispute fait suite \u00e0 <span class=\"font-weight-black m-font-weight-black \" data-lab-font_weight=\"font-weight-black\">une autre gr\u00e8ve du personnel de cabine d\u2019easyJet les 15 et 16 ao\u00fbt<\/span>, qui a entra\u00een\u00e9 pr\u00e8s de 100 annulations de vols. <\/p>\n<p>Un accord a finalement \u00e9t\u00e9 conclu entre la compagnie et les syndicats du personnel de cabine et <span class=\"font-weight-black m-font-weight-black \" data-lab-font_weight=\"font-weight-black\">la menace de gr\u00e8ve qui a suivi a \u00e9t\u00e9 annul\u00e9e.<\/span><\/p>\n<p>Selon le nouvel accord, le personnel de cabine d\u2019easyJet se voit garantir au moins cinq jours fixes par mois durant lesquels les plannings ne peuvent pas \u00eatre modifi\u00e9s, ainsi qu&rsquo;une indemnisation des modifications d\u2019horaires de plus de deux heures.<\/p>\n<p>Cependant, cet accord a suscit\u00e9 la frustration du SNPL car les pilotes r\u00e9clament eux aussi des mesures similaires.<\/p>\n<p>\u00ab Il est impossible d\u2019organiser sa vie familiale, ses rendez-vous ou tout simplement son repos lorsque le planning peut \u00eatre modifi\u00e9 plusieurs fois par semaine \u00bb, a d\u00e9clar\u00e9 le syndicat.<\/p>\n<p>Le SNPL a d\u00e9clar\u00e9 que la situation des pilotes est encore plus probl\u00e9matique que celle de leurs coll\u00e8gues du personnel de cabine et qu\u2019\u00ab il est courant pour un pilote de se retrouver \u00e0 la fin du mois avec un planning o\u00f9 aucun jour n\u2019est identique \u00e0 celui du d\u00e9but du mois. \u00bb<\/p>\n<p>\u00ab Curieusement, ce qui \u00e9tait \u2018impossible\u2019 est devenu possible apr\u00e8s la gr\u00e8ve du personnel de cabine \u00bb, a d\u00e9clar\u00e9 le syndicat.<\/p>\n<p>Il a \u00e9galement d\u00e9clar\u00e9 que la question a des implications pour la fatigue et la s\u00e9curit\u00e9 op\u00e9rationnelle.<\/p>\n<h3>La gr\u00e8ve pourrait encore \u00eatre \u00e9vit\u00e9e<\/h3>\n<p>Malgr\u00e9 l&rsquo;annonce de cette gr\u00e8ve de deux jours, le SNPL se dit toujours ouvert \u00e0 des n\u00e9gociations.<\/p>\n<p>\u00ab L&rsquo;entreprise peut encore \u00e9viter cette gr\u00e8ve pr\u00e9vue les 13 et 14 septembre \u00bb, a d\u00e9clar\u00e9 le syndicat. \u00ab On ne demande pas d&rsquo;inventer de nouvelles solutions : certaines existent d\u00e9j\u00e0 au sein m\u00eame de l&rsquo;entreprise. Il lui suffit de les appliquer aussi aux pilotes. \u00bb<\/p>\n<p>Pour les passagers voyageant avec easyJet en France les 13 et 14 septembre, l&rsquo;ampleur de toute perturbation d\u00e9pendra du nombre de pilotes participants et des mesures convenues entre la compagnie et le syndicat.<\/p>\n<p>D\u2019ici l\u00e0, il est conseill\u00e9 aux passagers de rester inform\u00e9s via les communications de la compagnie \u00e0 l\u2019approche des dates de gr\u00e8ve.<\/p>\n<\/div>\n<p><script >!function(f,b,e,v,n,t,s)\n{if(f.fbq)return;n=f.fbq=function(){n.callMethod?\nn.callMethod.apply(n,arguments):n.queue.push(arguments)};\nif(!f._fbq)f._fbq=n;n.push=n;n.loaded=!0;n.version='2.0';\nn.queue=[];t=b.createElement(e);t.async=!0;\nt.src=v;s=b.getElementsByTagName(e)[0];\ns.parentNode.insertBefore(t,s)}(window, document,'script',\n'https:\/\/connect.facebook.net\/en_US\/fbevents.js');\nfbq('init', '1199707312045186');\nfbq('track', 'PageView');<\/script><\/p>\n","protected":false},"excerpt":{"rendered":"<p>Actualit\u00e9s L&rsquo;annonce fait suite \u00e0 la gr\u00e8ve du personnel de cabine du mois dernier, qui a entra\u00een\u00e9 pr\u00e8s de cent annulations de vols Des pilotes travaillant pour easyJet en France ont \u00e9t\u00e9 appel\u00e9s \u00e0 faire gr\u00e8ve les 13 et 14 septembre, quelques semaines seulement apr\u00e8s que le personnel de cabine a trouv\u00e9 un accord avec [&hellip;]<\/p>\n","protected":false},"author":1,"featured_media":2292,"comment_status":"open","ping_status":"open","sticky":false,"template":"","format":"standard","meta":{"footnotes":""},"categories":[1],"tags":[],"class_list":["post-2291","post","type-post","status-publish","format-standard","has-post-thumbnail","hentry","category-non-classe"],"_links":{"self":[{"href":"https:\/\/www.rachida-dati.eu\/actualites\/wp-json\/wp\/v2\/posts\/2291","targetHints":{"allow":["GET"]}}],"collection":[{"href":"https:\/\/www.rachida-dati.eu\/actualites\/wp-json\/wp\/v2\/posts"}],"about":[{"href":"https:\/\/www.rachida-dati.eu\/actualites\/wp-json\/wp\/v2\/types\/post"}],"author":[{"embeddable":true,"href":"https:\/\/www.rachida-dati.eu\/actualites\/wp-json\/wp\/v2\/users\/1"}],"replies":[{"embeddable":true,"href":"https:\/\/www.rachida-dati.eu\/actualites\/wp-json\/wp\/v2\/comments?post=2291"}],"version-history":[{"count":1,"href":"https:\/\/www.rachida-dati.eu\/actualites\/wp-json\/wp\/v2\/posts\/2291\/revisions"}],"predecessor-version":[{"id":2293,"href":"https:\/\/www.rachida-dati.eu\/actualites\/wp-json\/wp\/v2\/posts\/2291\/revisions\/2293"}],"wp:featuredmedia":[{"embeddable":true,"href":"https:\/\/www.rachida-dati.eu\/actualites\/wp-json\/wp\/v2\/media\/2292"}],"wp:attachment":[{"href":"https:\/\/www.rachida-dati.eu\/actualites\/wp-json\/wp\/v2\/media?parent=2291"}],"wp:term":[{"taxonomy":"category","embeddable":true,"href":"https:\/\/www.rachida-dati.eu\/actualites\/wp-json\/wp\/v2\/categories?post=2291"},{"taxonomy":"post_tag","embeddable":true,"href":"https:\/\/www.rachida-dati.eu\/actualites\/wp-json\/wp\/v2\/tags?post=2291"}],"curies":[{"name":"wp","href":"https:\/\/api.w.org\/{rel}","templated":true}]}}