{"id":2294,"date":"2026-09-04T20:43:51","date_gmt":"2026-09-04T18:43:51","guid":{"rendered":"https:\/\/www.rachida-dati.eu\/actualites\/controles-frontaliers-ees-en-france-les-nouvelles-regles-biometriques-provoqueront-elles-des-files-dattente-des-le-7-septembre-2026\/"},"modified":"2026-09-04T20:43:52","modified_gmt":"2026-09-04T18:43:52","slug":"controles-frontaliers-ees-en-france-les-nouvelles-regles-biometriques-provoqueront-elles-des-files-dattente-des-le-7-septembre-2026","status":"publish","type":"post","link":"https:\/\/www.rachida-dati.eu\/actualites\/controles-frontaliers-ees-en-france-les-nouvelles-regles-biometriques-provoqueront-elles-des-files-dattente-des-le-7-septembre-2026\/","title":{"rendered":"Contr\u00f4les frontaliers EES en France : les nouvelles r\u00e8gles biom\u00e9triques provoqueront-elles des files d&rsquo;attente d\u00e8s le 7 septembre 2026 ?"},"content":{"rendered":"<div data-element-guid=\"7f7332a5-aca0-4fee-9990-ec700b171346\">\n<p data-tag=\"news\" style=\"\" class=\" lab-article-section lab-article-section-top \">\n                    actualit\u00e9s\n                <\/p>\n<p class=\"subtitle \" style=\"\">Des r\u00e8gles de l&rsquo;UE qui autorisent les postes frontaliers \u00e0 suspendre la collecte de donn\u00e9es biom\u00e9triques lors des p\u00e9riodes de forte affluence vont bient\u00f4t prendre fin<\/p>\n<\/p>\n<\/div>\n<div data-element-guid=\"ce6378e9-99fe-4aa3-91b1-0761b0446386\">\n<p><!-- placeholder(#1) --><\/p>\n<p>Des \u00ab flexibilit\u00e9s \u00bb qui ont permis aux postes frontaliers fran\u00e7ais de suspendre temporairement la collecte des donn\u00e9es biom\u00e9triques des voyageurs lors des p\u00e9riodes de forte affluence vont prendre fin ce week-end \u2013 ce qui pourrait entra\u00eener des files d&rsquo;attente plus longues \u00e0 partir de lundi.<\/p>\n<p>Les fronti\u00e8res fran\u00e7aises sont connues pour avoir largement utilis\u00e9 les r\u00e8gles de l&rsquo;UE qui autorisaient les agents frontaliers \u00e0 interrompre la collecte des images faciales et des empreintes digitales pour le Syst\u00e8me d&rsquo;entr\u00e9e\/sortie (EES) lorsque les files d&rsquo;attente s&rsquo;allongeaient.<\/p>\n<p>En th\u00e9orie, le r\u00e8glement pr\u00e9voit que cela ne devrait durer que jusqu&rsquo;\u00e0 six heures \u00e0 la fois, avec notification aux autorit\u00e9s de l&rsquo;UE. En pratique, certaines fronti\u00e8res tr\u00e8s fr\u00e9quent\u00e9es l&rsquo;ont jusqu&rsquo;\u00e0 pr\u00e9sent appliqu\u00e9 de mani\u00e8re continue. Interrog\u00e9e \u00e0 ce sujet par The Connexion, une source de l&rsquo;UE a indiqu\u00e9 qu&rsquo;il n&rsquo;y avait rien qui emp\u00eachait une autre p\u00e9riode de six heures apr\u00e8s une pr\u00e9c\u00e9dente p\u00e9riode de six heures.<\/p>\n<p> Cela a notamment \u00e9t\u00e9 le cas pour les passagers d&rsquo;<span class=\"font-weight-bold m-font-weight-bold \" data-lab-font_weight=\"font-weight-bold\">Eurostar<\/span> et pour les <span class=\"font-weight-bold m-font-weight-bold \" data-lab-font_weight=\"font-weight-bold \">passagers automobiles \u00e0 Dover<\/span><span class=\"font-weight-bold m-font-weight-bold \" data-lab-font_weight=\"font-weight-bold\"> <\/span>et aussi aux terminaux de Folkestone et Calais, du Tunnel sous la Manche.<\/p>\n<p>Ces lieux sont tous \u00e9quip\u00e9s de bornes de pr\u00e9-enregistrement pour l&rsquo;EES, le nouveau syst\u00e8me frontalier num\u00e9rique de l&rsquo;UE destin\u00e9 aux voyageurs non-europ\u00e9ens entrant dans l&rsquo;espace Schengen. Les bornes sont cens\u00e9es aider les voyageurs \u00e0 enregistrer leurs propres donn\u00e9es avant d&rsquo;arriver au point fronti\u00e8re.<\/p>\n<p>Cependant, elles ont \u00e9t\u00e9 entach\u00e9es de probl\u00e8mes techniques relatifs \u00e0 la mani\u00e8re dont les donn\u00e9es d&rsquo;un voyageur sont transmises de la borne vers les bases de donn\u00e9es centrales.<\/p>\n<p>Elles n&rsquo;ont donc pas \u00e9t\u00e9 utilis\u00e9es sur ces sites et, pour la plupart, n&rsquo;ont pas \u00e9t\u00e9 utilis\u00e9es non plus l\u00e0 o\u00f9 elles \u00e9taient install\u00e9es dans les grands a\u00e9roports.<\/p>\n<h2>Les postes frontaliers sont-ils pr\u00eats ?<\/h2>\n<p>Une porte-parole du Port Boulogne Calais, o\u00f9 des tablettes doivent \u00eatre utilis\u00e9es pour le pr\u00e9-enregistrement, a d\u00e9clar\u00e9 : \u00ab En effet, les autorit\u00e9s ont autoris\u00e9 un degr\u00e9 de flexibilit\u00e9 concernant la prise d&#8217;empreintes digitales et de photographs.<\/p>\n<p>\u00ab En principe, sauf en cas de retard, les nouvelles proc\u00e9dures devraient \u00eatre appliqu\u00e9es strictement \u00e0 partir du 6 septembre. \u00bb<\/p>\n<p>Elle n&rsquo;a toutefois pas clarifi\u00e9 si leurs tablettes fonctionnent d\u00e9sormais de mani\u00e8re fiable.<\/p>\n<p>L&rsquo;\u00e9quipe d&rsquo;<span class=\"font-weight-bold m-font-weight-bold \" data-lab-font_weight=\"font-weight-bold\">Eurostar<\/span> nous a indiqu\u00e9 le 13 ao\u00fbt que \u00ab les bornes sont toujours en phase de test et qu&rsquo;aucune date pr\u00e9cise n&rsquo;a \u00e9t\u00e9 communiqu\u00e9e par les autorit\u00e9s fran\u00e7aises \u00bb, et nous n&rsquo;avons re\u00e7u aucune mise \u00e0 jour sur ce sujet.<\/p>\n<p>De m\u00eame, Eurotunnel nous a d\u00e9clar\u00e9 \u00e0 la m\u00eame date : \u00ab Il n&rsquo;y a pas de mise \u00e0 jour \u00e0 signaler pour le moment.<\/p>\n<p>\u00ab Nous continuons les tests avec les autorit\u00e9s en amont de l&rsquo;activation future de la capture biom\u00e9trique. Nous attendons la confirmation des autorit\u00e9s fran\u00e7aises sur le calendrier de cette prochaine phase, pr\u00e9vue apr\u00e8s le pic estival. \u00bb<\/p>\n<p>Le Port de Dover nous a communiqu\u00e9 pour la derni\u00e8re fois le 15 juillet, lorsqu&rsquo;une porte-parole a dit : \u00ab La collecte de donn\u00e9es biom\u00e9triques ne sera pas op\u00e9rationnelle pour l&rsquo;\u00e9t\u00e9 car la technologie fran\u00e7aise n&rsquo;a pas \u00e9t\u00e9 install\u00e9e pour faire fonctionner les bornes que nous avons fournies. Nous n&rsquo;avons pas de date pour la mise en service. Donc, pour les voitures, il s&rsquo;agit de la cr\u00e9ation manuelle de dossiers \u00e0 la fronti\u00e8re des quais est. \u00bb<\/p>\n<p>L&rsquo;organisation des a\u00e9roports fran\u00e7ais, UAF, nous a inform\u00e9s le 25 juin que \u00ab les tests sur les bornes se sont intensifi\u00e9s ces derni\u00e8res semaines, notamment \u00e0 Paris, ainsi que dans certains a\u00e9roports r\u00e9gionaux tels que Nice et Lyon, en particulier \u00bb. <\/p>\n<p>Son expert juridique et s\u00e9curit\u00e9 a ajout\u00e9 \u00e0 l&rsquo;\u00e9poque : \u00ab Toutefois, ces flexibilit\u00e9s, en th\u00e9orie, expirent apr\u00e8s le 6 septembre, ce qui rend crucial que les a\u00e9roports disposent des bornes op\u00e9rationnelles avant cette date. Malheureusement, \u00e0 ce stade, nous n&rsquo;avons aucune garantie que cela sera le cas. \u00bb<\/p>\n<p>Nous avons \u00e9galement re\u00e7u une mise \u00e0 jour du minist\u00e8re de l&rsquo;Int\u00e9rieur fran\u00e7ais le 15 juillet, lorsqu&rsquo;un porte-parole a d\u00e9clar\u00e9 : \u00ab Le gouvernement a entrepris des travaux techniques importants afin de permettre le d\u00e9ploiement massif des syst\u00e8mes de pr\u00e9-enregistrement (bornes et tablettes), dans le but de minimiser autant que possible l&rsquo;impact de l&rsquo;EES sur les temps de contr\u00f4le aux fronti\u00e8res.<\/p>\n<p>\u00ab Ce travail se poursuivra tout au long de l&rsquo;\u00e9t\u00e9, dans le but d&rsquo;atteindre un niveau de performance et de stabilit\u00e9 satisfaisant d&rsquo;ici le 6 septembre. \u00bb<\/p>\n<p> Le porte-parole a d\u00e9clar\u00e9 que la France et sept autres \u00c9tats membres de l&rsquo;UE et la Suisse demandaient toutefois \u00e0 l&rsquo;UE d&rsquo;\u00e9tendre les flexibilit\u00e9s.<\/p>\n<p>Nous n&rsquo;avons re\u00e7u aucune information de sources de l&rsquo;UE sur l&rsquo;avancement de ces discussions, bien qu&rsquo;on nous ait dit que la Commission europ\u00e9enne travaillait en \u00e9troite collaboration avec les \u00c9tats membres rencontrant des probl\u00e8mes pour les aider \u00e0 les r\u00e9soudre.<\/p>\n<p>Il est donc incertain de savoir si les postes fronti\u00e8res seront bien pr\u00e9par\u00e9s pour faire fonctionner l&rsquo;EES avec une collecte biom\u00e9trique compl\u00e8te \u00e0 partir de lundi, et si les bornes et tablettes seront op\u00e9rationnelles pour aider \u00e0 \u00e9viter de longues files.<\/p>\n<p>Nous notons qu&rsquo;aucune sanction sp\u00e9cifique n&rsquo;est pr\u00e9vue par les r\u00e9glementations de l&rsquo;EES en cas de non-respect du calendrier. Une incapacit\u00e9 durable \u00e0 se conformer au droit de l&rsquo;UE pourrait en fin de compte amener la Commission europ\u00e9enne \u00e0 engager des proc\u00e9dures d&rsquo;infraction, un processus qui peut durer plusieurs ann\u00e9es et qui peut \u00e9ventuellement entra\u00eener un renvoi devant la Cour de Justice de l&rsquo;Union europ\u00e9enne et potentiellement des p\u00e9nalit\u00e9s financi\u00e8res.<\/p>\n<p>Toutefois, il est courant que l&rsquo;UE privil\u00e9gie la r\u00e9solution des probl\u00e8mes par des \u00e9changes pr\u00e9liminaires de documents et des discussions.<\/p>\n<\/div>\n<p><script >!function(f,b,e,v,n,t,s)\n{if(f.fbq)return;n=f.fbq=function(){n.callMethod?\nn.callMethod.apply(n,arguments):n.queue.push(arguments)};\nif(!f._fbq)f._fbq=n;n.push=n;n.loaded=!0;n.version='2.0';\nn.queue=[];t=b.createElement(e);t.async=!0;\nt.src=v;s=b.getElementsByTagName(e)[0];\ns.parentNode.insertBefore(t,s)}(window, document,'script',\n'https:\/\/connect.facebook.net\/en_US\/fbevents.js');\nfbq('init', '1199707312045186');\nfbq('track', 'PageView');<\/script><\/p>\n","protected":false},"excerpt":{"rendered":"<p>actualit\u00e9s Des r\u00e8gles de l&rsquo;UE qui autorisent les postes frontaliers \u00e0 suspendre la collecte de donn\u00e9es biom\u00e9triques lors des p\u00e9riodes de forte affluence vont bient\u00f4t prendre fin Des \u00ab flexibilit\u00e9s \u00bb qui ont permis aux postes frontaliers fran\u00e7ais de suspendre temporairement la collecte des donn\u00e9es biom\u00e9triques des voyageurs lors des p\u00e9riodes de forte affluence vont [&hellip;]<\/p>\n","protected":false},"author":1,"featured_media":2295,"comment_status":"open","ping_status":"open","sticky":false,"template":"","format":"standard","meta":{"footnotes":""},"categories":[1],"tags":[],"class_list":["post-2294","post","type-post","status-publish","format-standard","has-post-thumbnail","hentry","category-non-classe"],"_links":{"self":[{"href":"https:\/\/www.rachida-dati.eu\/actualites\/wp-json\/wp\/v2\/posts\/2294","targetHints":{"allow":["GET"]}}],"collection":[{"href":"https:\/\/www.rachida-dati.eu\/actualites\/wp-json\/wp\/v2\/posts"}],"about":[{"href":"https:\/\/www.rachida-dati.eu\/actualites\/wp-json\/wp\/v2\/types\/post"}],"author":[{"embeddable":true,"href":"https:\/\/www.rachida-dati.eu\/actualites\/wp-json\/wp\/v2\/users\/1"}],"replies":[{"embeddable":true,"href":"https:\/\/www.rachida-dati.eu\/actualites\/wp-json\/wp\/v2\/comments?post=2294"}],"version-history":[{"count":1,"href":"https:\/\/www.rachida-dati.eu\/actualites\/wp-json\/wp\/v2\/posts\/2294\/revisions"}],"predecessor-version":[{"id":2296,"href":"https:\/\/www.rachida-dati.eu\/actualites\/wp-json\/wp\/v2\/posts\/2294\/revisions\/2296"}],"wp:featuredmedia":[{"embeddable":true,"href":"https:\/\/www.rachida-dati.eu\/actualites\/wp-json\/wp\/v2\/media\/2295"}],"wp:attachment":[{"href":"https:\/\/www.rachida-dati.eu\/actualites\/wp-json\/wp\/v2\/media?parent=2294"}],"wp:term":[{"taxonomy":"category","embeddable":true,"href":"https:\/\/www.rachida-dati.eu\/actualites\/wp-json\/wp\/v2\/categories?post=2294"},{"taxonomy":"post_tag","embeddable":true,"href":"https:\/\/www.rachida-dati.eu\/actualites\/wp-json\/wp\/v2\/tags?post=2294"}],"curies":[{"name":"wp","href":"https:\/\/api.w.org\/{rel}","templated":true}]}}